{"id":54250,"date":"2012-08-23T20:49:41","date_gmt":"2012-08-23T17:49:41","guid":{"rendered":"http:\/\/www.korhanyilmaz.com\/?p=54250"},"modified":"2012-08-24T06:20:50","modified_gmt":"2012-08-24T03:20:50","slug":"selahattin-demirtas-cok-sert-konustu","status":"publish","type":"post","link":"http:\/\/www.korhanyilmaz.com\/?p=54250","title":{"rendered":"Selahattin Demirta\u015f \u00e7ok sert konu\u015ftu"},"content":{"rendered":"<p style=\"text-align: justify;\"><a href=\"http:\/\/www.korhanyilmaz.com\/wp-content\/uploads\/2012\/08\/H372.jpg\"  class=\"lightview\"><img loading=\"lazy\" decoding=\"async\" class=\"aligncenter size-full wp-image-54251\" title=\"\" src=\"http:\/\/www.korhanyilmaz.com\/wp-content\/uploads\/2012\/08\/H372.jpg\" alt=\"\" width=\"292\" height=\"224\" \/><\/a><\/p>\n<p style=\"text-align: justify;\">BDP Genel Ba\u015fkan\u0131 Selahattin Demirta\u015f, BDP&#8217;nin k\u0131\u015fk\u0131rtmalar nedeniyle Gaziantep&#8217;teki cenaze t\u00f6renine kat\u0131lamad\u0131\u011f\u0131n\u0131 s\u00f6yledi. BDP binalar\u0131na yap\u0131lan sald\u0131r\u0131lar\u0131 da de\u011ferlendiren Demirta\u015f, &#8220;Polis binalar\u0131m\u0131z\u0131 koruyamayacaksa biz ve halk\u0131m\u0131z koruruz. O binalar\u0131 yakanlar sonu\u00e7lar\u0131na da katlan\u0131r&#8221; dedi.<\/p>\n<p style=\"text-align: justify;\">(DHA) &#8212; Diyarbak\u0131r&#8217;da BDP&#8217;nin Siyaset Akademisi&#8217;nin sonbahar e\u011fitimleri i\u00e7in d\u00fczenlenen t\u00f6rende konu\u015fan BDP Genel Ba\u015fkan\u0131 Selahattin Demirta\u015f, a\u00e7t\u0131klar\u0131 siyaset akademilerinin, \u00fczerinde bask\u0131lar olmas\u0131na ra\u011fmen \u00e7al\u0131\u015fmalara devam etti\u011fini belirtti.\u00a0<!--more--><\/p>\n<p style=\"text-align: justify;\">Bas\u0131n mensuplar\u0131n\u0131n sorular\u0131n\u0131 yan\u0131tlayan Demirta\u015f, Gaziantep&#8217;te meydana gelen bombal\u0131 sald\u0131r\u0131 ve PKK&#8217;n\u0131n eylemi \u00fcstlenmemesi ile ilgili, &#8220;Bir \u00f6rg\u00fct yapt\u0131\u011f\u0131 bir eylem konusunda a\u00e7\u0131klama yapacak tek mercidir. \u00dcstlenir ya da \u00fcstlenmez. Yapt\u0131\u011f\u0131 a\u00e7\u0131klama herkes a\u00e7\u0131s\u0131ndan ba\u011flay\u0131c\u0131 olmal\u0131d\u0131r. Aksini s\u00f6yleyenler ispatlamak zorundad\u0131r&#8221; dedi.<\/p>\n<p style=\"text-align: justify;\">Parti olarak tav\u0131rlar\u0131n\u0131 ilk saatlerde ortaya koyduklar\u0131n\u0131 belirten BDP lideri Demirta\u015f, \u015f\u00f6yle konu\u015ftu: &#8220;D\u00fcn asl\u0131nda Antep&#8217;te hem cenazelerde, hem taziyelerde bulunabilecek tek parti BDP idi. O saflarda bulunan hangisi bug\u00fcne kadar BDP kadar bar\u0131\u015f\u0131 savundu. Tezkereyi savunan ve sava\u015f politikas\u0131n\u0131 savununlar de\u011fil miydi onlar. Ama, hedef g\u00f6sterme ve k\u0131\u015fk\u0131rtmalar \u00fczerine BDP orada taziye ve cenazelerde bulunamam\u0131\u015ft\u0131r. Katledilen bizim halk\u0131m\u0131zd\u0131r.&#8221;<\/p>\n<p style=\"text-align: justify;\"><strong>PKK-BDP kar\u015f\u0131la\u015fmas\u0131\u00a0<\/strong><\/p>\n<p style=\"text-align: justify;\">Demirta\u015f, BDP milletvekillerinin \u015eemdinli&#8217;de PKK&#8217;l\u0131lar ile kucakla\u015fmalar\u0131 ve savc\u0131l\u0131\u011f\u0131n konu ile ilgili soru\u015fturma a\u00e7mas\u0131 ile ilgili soruyu da &#8220;Orada insani bir refleks olarak insanlar birbirine sar\u0131l\u0131yor. Yarg\u0131tay Cumhuriyet Ba\u015fsavc\u0131s\u0131, Van Cumhuriyet Ba\u015fsavc\u0131l\u0131\u011f\u0131 veya h\u00fck\u00fcmet ad\u0131na a\u00e7\u0131klama yapanlar, bug\u00fcne kadar PKK&#8217;l\u0131lar\u0131n cesetleri \u00fczerine ayak basanlar ile ilgili soru\u015fturma a\u00e7t\u0131lar m\u0131? Niye insani bir kucakla\u015fmaya bu kadar tepki g\u00f6steriyorlar anlamakta zorlan\u0131yorum. \u0130nsanlar\u0131n canl\u0131 canl\u0131 kucakla\u015fmas\u0131 a\u011f\u0131rlar\u0131na m\u0131 gidiyor&#8221; cevab\u0131n\u0131 verdi.<\/p>\n<p style=\"text-align: justify;\"><strong>&#8220;A\u00e7\u0131k\u00e7a uyard\u0131&#8221;\u00a0<\/strong><\/p>\n<p style=\"text-align: justify;\">Kendilerinin de di\u011fer partiler gibi milliyet\u00e7ilik pompalamas\u0131 halinde \u00fclkede kan g\u00f6vdeyi g\u00f6t\u00fcr\u00fcrece\u011fini \u00f6ne s\u00fcren Demirta\u015f, s\u00f6zlerini \u015f\u00f6yle s\u00fcrd\u00fcrd\u00fc: &#8220;Etnik \u00e7at\u0131\u015fma \u00e7\u0131km\u0131yorsa BDP ve K\u00fcrt halk\u0131n\u0131n sa\u011fduyulu tutumundan kaynaklan\u0131yor. Parti binalar\u0131n yakanlara sesleniyorum. O binalar olmazsa bu \u00fclkede bar\u0131\u015f\u0131 savunan kimseyi bulamazs\u0131n\u0131z. Polis binalar\u0131m\u0131z\u0131 koruyamayacaksa biz ve halk\u0131m\u0131z koruruz. E\u011fer AKP koruyamayacaksa, her halk\u0131n me\u015fru savunma hakk\u0131 vard\u0131r. O binalar\u0131 yakanlar sonu\u00e7lar\u0131na da katlan\u0131r. BDP kurbanl\u0131k koyun de\u011fildir. A\u00e7\u0131k\u00e7a uyar\u0131yorum, herkesin me\u015fru savunma hakk\u0131 vard\u0131r. Partilerimiz kendisini savunur, olacaklardan biz sorumlu olmay\u0131z.&#8221;<\/p>\n<p style=\"text-align: justify;\"><a href=\"http:\/\/www.cnnturk.com\/2012\/turkiye\/08\/23\/selahattin.demirtas.cok.sert.konustu\/674032.0\/index.html\" target=\"_blank\">Kaynak : CNN T\u00dcRK<\/a><\/p>\n","protected":false},"excerpt":{"rendered":"<p style=\"text-align: justify;\">\n<p style=\"text-align: justify;\">BDP Genel Ba\u015fkan\u0131 Selahattin Demirta\u015f, BDP&#8217;nin k\u0131\u015fk\u0131rtmalar nedeniyle Gaziantep&#8217;teki cenaze t\u00f6renine kat\u0131lamad\u0131\u011f\u0131n\u0131 s\u00f6yledi. BDP binalar\u0131na yap\u0131lan sald\u0131r\u0131lar\u0131 da de\u011ferlendiren Demirta\u015f, &#8220;Polis binalar\u0131m\u0131z\u0131 koruyamayacaksa biz ve halk\u0131m\u0131z koruruz. O binalar\u0131 yakanlar sonu\u00e7lar\u0131na da katlan\u0131r&#8221; dedi.<\/p>\n<p style=\"text-align: justify;\">(DHA) &#8212; Diyarbak\u0131r&#8217;da BDP&#8217;nin Siyaset Akademisi&#8217;nin sonbahar e\u011fitimleri i\u00e7in d\u00fczenlenen t\u00f6rende konu\u015fan BDP Genel <\/p>\n","protected":false},"author":1,"featured_media":0,"comment_status":"open","ping_status":"open","sticky":false,"template":"","format":"standard","meta":{"footnotes":""},"categories":[105],"tags":[],"class_list":["post-54250","post","type-post","status-publish","format-standard","hentry","category-gundem","odd"],"_links":{"self":[{"href":"http:\/\/www.korhanyilmaz.com\/index.php?rest_route=\/wp\/v2\/posts\/54250","targetHints":{"allow":["GET"]}}],"collection":[{"href":"http:\/\/www.korhanyilmaz.com\/index.php?rest_route=\/wp\/v2\/posts"}],"about":[{"href":"http:\/\/www.korhanyilmaz.com\/index.php?rest_route=\/wp\/v2\/types\/post"}],"author":[{"embeddable":true,"href":"http:\/\/www.korhanyilmaz.com\/index.php?rest_route=\/wp\/v2\/users\/1"}],"replies":[{"embeddable":true,"href":"http:\/\/www.korhanyilmaz.com\/index.php?rest_route=%2Fwp%2Fv2%2Fcomments&post=54250"}],"version-history":[{"count":0,"href":"http:\/\/www.korhanyilmaz.com\/index.php?rest_route=\/wp\/v2\/posts\/54250\/revisions"}],"wp:attachment":[{"href":"http:\/\/www.korhanyilmaz.com\/index.php?rest_route=%2Fwp%2Fv2%2Fmedia&parent=54250"}],"wp:term":[{"taxonomy":"category","embeddable":true,"href":"http:\/\/www.korhanyilmaz.com\/index.php?rest_route=%2Fwp%2Fv2%2Fcategories&post=54250"},{"taxonomy":"post_tag","embeddable":true,"href":"http:\/\/www.korhanyilmaz.com\/index.php?rest_route=%2Fwp%2Fv2%2Ftags&post=54250"}],"curies":[{"name":"wp","href":"https:\/\/api.w.org\/{rel}","templated":true}]}}