{"id":54246,"date":"2012-08-23T17:14:19","date_gmt":"2012-08-23T14:14:19","guid":{"rendered":"http:\/\/www.korhanyilmaz.com\/?p=54246"},"modified":"2012-08-24T06:12:24","modified_gmt":"2012-08-24T03:12:24","slug":"bu-sakat-dogmus-bir-belgedir","status":"publish","type":"post","link":"http:\/\/www.korhanyilmaz.com\/?p=54246","title":{"rendered":"&#8216;Bu sakat do\u011fmu\u015f bir belgedir&#8217;"},"content":{"rendered":"<p style=\"text-align: justify;\"><a href=\"http:\/\/www.korhanyilmaz.com\/wp-content\/uploads\/2012\/08\/H371.jpg\"  class=\"lightview\"><img loading=\"lazy\" decoding=\"async\" class=\"aligncenter size-full wp-image-54247\" title=\"\" src=\"http:\/\/www.korhanyilmaz.com\/wp-content\/uploads\/2012\/08\/H371.jpg\" alt=\"\" width=\"350\" height=\"211\" \/><\/a><\/p>\n<p style=\"text-align: justify;\">Balyoz Davas\u0131\u2019nda savunmas\u0131n\u0131 yapan tutuklu san\u0131k emekli Orgeneral \u00c7etin Do\u011fan, 920 sayfal\u0131k m\u00fctalaay\u0131 ele\u015ftirerek &#8220;3 saat 33 dakikada haz\u0131rlanm\u0131\u015f, ba\u015ftan savma, hukuki niteli\u011fi bu nedenlerle sakat do\u011fmu\u015f bir belgedir. Bu nedenlerle de mahkemece reddini arz ve talep ederim&#8221; dedi. \u00c7etin Do\u011fan, haz\u0131rlad\u0131\u011f\u0131 83 sayfal\u0131k dilek\u00e7eyi mahkemeye sunarak, &#8220;Son savunmam de\u011fildir. \u2019Delilleri tart\u0131\u015faca\u011f\u0131z\u2019 dedi\u011finiz i\u00e7in haz\u0131rlad\u0131m. Delillerin tart\u0131\u015fmas\u0131na ili\u015fkindir&#8221; diye konu\u015ftu.\u00a0<!--more--><\/p>\n<p style=\"text-align: justify;\">&#8220;Balyoz Plan\u0131&#8221; iddialar\u0131na ili\u015fkin 250\u2019si tutuklu 365 san\u0131kl\u0131 davan\u0131n 100. duru\u015fmas\u0131nda m\u00fctalaa kar\u015f\u0131 savunmas\u0131n\u0131 yapan emekli Orgeneral \u00c7etin Do\u011fan, duru\u015fma savc\u0131lar\u0131 Sava\u015f K\u0131rba\u015f ile H\u00fcseyin Kaplan\u2019\u0131n davada tan\u0131k olan dinlenen eski Genelkurmay Ba\u015fkan\u0131 emekli Orgeneral Ya\u015far B\u00fcy\u00fckan\u0131t ve Jandarma Genel Komutan\u0131 Orgeneral Bekir Kalyoncu\u2019ya sordu\u011fu sorular\u0131n\u0131 ele\u015ftirdi. Savc\u0131lar\u0131 askeri belgelere vak\u0131f olmamakla ele\u015ftiren Do\u011fan, &#8220;Savc\u0131 ben konu\u015furken g\u00fclece\u011fine a\u015fa\u011f\u0131daki sorular\u0131ma cevap versin&#8221; dedi. Mahkeme Ba\u015fkan\u0131 \u00d6mer Diken &#8220;Cumhuriyet savc\u0131s\u0131na sata\u015fma istemiyorum. Cumhuriyet Savc\u0131s\u0131 m\u00fcdafi de\u011fil. Kamuyu temsil ediyor. \u0130ki kez oldu, \u00fc\u00e7\u00fcnc\u00fcs\u00fcnde konu\u015fman\u0131z\u0131 keserim. Cumhuriyet savc\u0131s\u0131n\u0131n ne yapt\u0131\u011f\u0131 sizi ilgilendirmez&#8221; diye konu\u015ftu. Savunmas\u0131na devam eden \u00c7etin Do\u011fan, &#8220;Adil d\u00fczen mutlaka gelecek, kanl\u0131 m\u0131 gelecek, kans\u0131z m\u0131 gelecek onu zaman g\u00f6sterecek&#8221; mealinde s\u00f6ylemlerin parti liderlerince g\u00fcndeme pervas\u0131zca ta\u015f\u0131nd\u0131\u011f\u0131 bir ortamda, ordunun geri b\u00f6lgesinde b\u00f6l\u00fcc\u00fc ve irticai kalk\u0131\u015fmalar\u0131 s\u0131k\u0131y\u00f6netim planlar\u0131n\u0131n tart\u0131\u015f\u0131lmas\u0131 i\u00e7in senaryoya d?hil edilmesinden acaba neden rahats\u0131zl\u0131k duyulmaktad\u0131r&#8221; dedi.<\/p>\n<p style=\"text-align: justify;\"><strong>&#8220;\u00c7ET\u0130N DO\u011eAN \u0130HT\u0130LAL PLANI YAPTI\u011eINI \u0130KRAR ETM\u0130\u015eT\u0130R&#8221;\u00a0<\/strong><\/p>\n<p style=\"text-align: justify;\">S\u00f6z alan duru\u015fma savc\u0131s\u0131 H\u00fcseyin Kaplan, san\u0131k \u00c7etin Do\u011fan\u2019\u0131n m\u00fctalaaya kar\u015f\u0131 savunma yapt\u0131\u011f\u0131n\u0131 hat\u0131rlatarak, &#8220;\u00c7etin Do\u011fan bir kere \u015funu iyi bilmelidir. Muhatab\u0131 savc\u0131l\u0131k makam\u0131 de\u011fil mahkemedir. Kendisi Cumhuriyet savc\u0131lar\u0131n\u0131n, duru\u015fma safhas\u0131nda s\u00f6yledi\u011fi s\u00f6zleri de\u011fil, dosyadaki belge ve bilgileri \u00e7\u00fcr\u00fctmesi gerekiyor. \u00c7etin Do\u011fan \u2019Cumhuriyet savc\u0131lar\u0131 askeri bilgilere vak\u0131f de\u011fil\u2019 diyor. Do\u011frudur sizin kadar bilemeyiz. Ancak planda ge\u00e7en, \u2019Milli Mutabakat H\u00fck\u00fcmeti kurulmal\u0131&#8221; \u015feklindeki ifadelerden ne Genelkurmay Ba\u015fkan\u0131, ne de di\u011fer komutanlar bir \u015fey anlam\u0131\u015f. Savunmas\u0131nda, \u2019Adil D\u00fczen gelecek kanl\u0131 m\u0131 olacak kans\u0131z m\u0131 olacak\u2019 \u015feklindeki s\u00f6zleri ile g\u00fcncel siyasi geli\u015fmelere g\u00f6re ihtilal plan\u0131 yapt\u0131\u011f\u0131n\u0131 ikrar etmi\u015ftir. Planlarda ge\u00e7en milli mutabakat h\u00fck\u00fcmetinin ne anlama geldi\u011fini kimse bilmiyor. Karar\u0131 verecek mahkeme heyetidir. Savunma heyete yap\u0131ls\u0131n&#8221; diye konu\u015ftu.<\/p>\n<p style=\"text-align: justify;\"><strong>\u00c7ET\u0130N DO\u011eAN M\u00dcTALAANIN REDD\u0130N\u0130 \u0130STED\u0130\u00a0<\/strong><\/p>\n<p style=\"text-align: justify;\">Savc\u0131lar\u0131n 920 sayfal\u0131k m\u00fctalaay\u0131 \u00f6n yarg\u0131larla haz\u0131rlad\u0131\u011f\u0131n\u0131 savunan \u00c7etin Do\u011fan, \u015funlar\u0131 s\u00f6yledi:<\/p>\n<p style=\"text-align: justify;\">&#8220;Savc\u0131lar\u0131n \u00f6nyarg\u0131larla haz\u0131rlad\u0131\u011f\u0131 esas hakk\u0131nda m\u00fctalaa belgesi hem haz\u0131rlanma \u015fekli, zaman\u0131 ve mahkemede delillerin tart\u0131\u015f\u0131lmas\u0131 a\u015famas\u0131 atlanarak, 18 sayfal\u0131k bir \u00f6zet halinde okunmas\u0131 a\u00e7\u0131lar\u0131ndan Ceza Muhakemesi Usul yasas\u0131na ayk\u0131r\u0131d\u0131r. Bir\u00e7ok eksiklileri, ayk\u0131r\u0131l\u0131klar bulunmaktad\u0131r. Bu kapsamda Say\u0131n Cumhuriyet savc\u0131lar\u0131n\u0131n, esas hakk\u0131nda m\u00fctalaalar\u0131n\u0131, san\u0131klar\u0131n savunmakla m\u00fckellef olduklar\u0131 haklar\u0131 g\u00f6z ard\u0131 ederek, lehte olan kan\u0131tlar dikkate al\u0131nmadan,duru\u015fmalarda yap\u0131lm\u0131\u015f tespitlere tamamen tezat ve savunma hakk\u0131n\u0131n k\u0131s\u0131tlanmas\u0131 pahas\u0131na aceleyle haz\u0131rlam\u0131\u015f olduklar\u0131 a\u00e7\u0131kt\u0131r. Bu belgenin haz\u0131rlanmas\u0131nda, maddi ger\u00e7e\u011fin ara\u015ft\u0131r\u0131lmas\u0131, ortaya \u00e7\u0131kart\u0131lmas\u0131 esas al\u0131nmam\u0131\u015ft\u0131r. Bu belge &#8220;yap\u0131lmam\u0131\u015f darbeler ve ya\u015fanmam\u0131\u015f soyut iddialar\u0131 ge\u00e7erli k\u0131lmaya y\u00f6nelik&#8221; s\u0131rf &#8220;usul\u00fcn gere\u011fi&#8221; yerine getirilmesi i\u00e7in 920 sayfal\u0131k kopyala-yap\u0131\u015ft\u0131r metodu ile 3 saat 33 dakikada haz\u0131rlanm\u0131\u015f, ba\u015ftan savma, hukuki niteli\u011fi bu nedenlerle sakat do\u011fmu\u015f bir belgedir. Bu nedenlerle de Mahkemece reddini arz ve talep ederim.&#8221;<\/p>\n<p style=\"text-align: justify;\"><strong>\u00c7ET\u0130N DO\u011eAN SAVUNMASINI TAMAMLADI<\/strong><\/p>\n<p style=\"text-align: justify;\">Saat 12.30\u2019a kadar konu\u015fan \u00c7etin Do\u011fan, &#8220;Haz\u0131rlad\u0131\u011f\u0131m dilek\u00e7eyi mahkemeye sunmak istiyorum. Son savunmam de\u011fildir. \u2019Delilleri tart\u0131\u015faca\u011f\u0131z\u2019 dedi\u011finiz i\u00e7in haz\u0131rlad\u0131m. Delillerin tart\u0131\u015fmas\u0131na ili\u015fkindir&#8221; dedi. Mahkeme Ba\u015fkan\u0131 Diken\u2019de &#8220;Sizin nas\u0131l alg\u0131lad\u0131\u011f\u0131n\u0131z de\u011fil usul\u00fcn nas\u0131l alg\u0131lad\u0131\u011f\u0131 \u00f6nemli&#8221; diye konu\u015ftu. Duru\u015fma san\u0131klar\u0131n savunmalar\u0131n\u0131n al\u0131nmas\u0131 ile devam ediyor.<\/p>\n<p style=\"text-align: justify;\"><a href=\"http:\/\/www.muhalifgazete.com\/46364--Bu-sakat-dogmus-bir-belgedir-.htm\" target=\"_blank\">Kaynak : Muhalif Gazete<\/a><\/p>\n","protected":false},"excerpt":{"rendered":"<p style=\"text-align: justify;\">\n<p style=\"text-align: justify;\">Balyoz Davas\u0131\u2019nda savunmas\u0131n\u0131 yapan tutuklu san\u0131k emekli Orgeneral \u00c7etin Do\u011fan, 920 sayfal\u0131k m\u00fctalaay\u0131 ele\u015ftirerek &#8220;3 saat 33 dakikada haz\u0131rlanm\u0131\u015f, ba\u015ftan savma, hukuki niteli\u011fi bu nedenlerle sakat do\u011fmu\u015f bir belgedir. Bu nedenlerle de mahkemece reddini arz ve talep ederim&#8221; dedi. \u00c7etin Do\u011fan, haz\u0131rlad\u0131\u011f\u0131 83 sayfal\u0131k dilek\u00e7eyi mahkemeye sunarak, &#8220;Son savunmam de\u011fildir. <\/p>\n","protected":false},"author":1,"featured_media":0,"comment_status":"open","ping_status":"open","sticky":false,"template":"","format":"standard","meta":{"footnotes":""},"categories":[105],"tags":[],"class_list":["post-54246","post","type-post","status-publish","format-standard","hentry","category-gundem","odd"],"_links":{"self":[{"href":"http:\/\/www.korhanyilmaz.com\/index.php?rest_route=\/wp\/v2\/posts\/54246","targetHints":{"allow":["GET"]}}],"collection":[{"href":"http:\/\/www.korhanyilmaz.com\/index.php?rest_route=\/wp\/v2\/posts"}],"about":[{"href":"http:\/\/www.korhanyilmaz.com\/index.php?rest_route=\/wp\/v2\/types\/post"}],"author":[{"embeddable":true,"href":"http:\/\/www.korhanyilmaz.com\/index.php?rest_route=\/wp\/v2\/users\/1"}],"replies":[{"embeddable":true,"href":"http:\/\/www.korhanyilmaz.com\/index.php?rest_route=%2Fwp%2Fv2%2Fcomments&post=54246"}],"version-history":[{"count":0,"href":"http:\/\/www.korhanyilmaz.com\/index.php?rest_route=\/wp\/v2\/posts\/54246\/revisions"}],"wp:attachment":[{"href":"http:\/\/www.korhanyilmaz.com\/index.php?rest_route=%2Fwp%2Fv2%2Fmedia&parent=54246"}],"wp:term":[{"taxonomy":"category","embeddable":true,"href":"http:\/\/www.korhanyilmaz.com\/index.php?rest_route=%2Fwp%2Fv2%2Fcategories&post=54246"},{"taxonomy":"post_tag","embeddable":true,"href":"http:\/\/www.korhanyilmaz.com\/index.php?rest_route=%2Fwp%2Fv2%2Ftags&post=54246"}],"curies":[{"name":"wp","href":"https:\/\/api.w.org\/{rel}","templated":true}]}}