{"id":54243,"date":"2012-08-23T20:27:20","date_gmt":"2012-08-23T17:27:20","guid":{"rendered":"http:\/\/www.korhanyilmaz.com\/?p=54243"},"modified":"2012-08-24T06:08:34","modified_gmt":"2012-08-24T03:08:34","slug":"basbugdan-gaziantep-mektubu","status":"publish","type":"post","link":"http:\/\/www.korhanyilmaz.com\/?p=54243","title":{"rendered":"Ba\u015fbu\u011f&#8217;dan Gaziantep mektubu!"},"content":{"rendered":"<p style=\"text-align: justify;\"><a href=\"http:\/\/www.korhanyilmaz.com\/wp-content\/uploads\/2012\/08\/H370.jpg\"  class=\"lightview\"><img loading=\"lazy\" decoding=\"async\" class=\"aligncenter size-full wp-image-54244\" title=\"\" src=\"http:\/\/www.korhanyilmaz.com\/wp-content\/uploads\/2012\/08\/H370.jpg\" alt=\"\" width=\"353\" height=\"173\" \/><\/a><\/p>\n<p style=\"text-align: justify;\">&#8221;Gaziantep&#8217;te masum \u00e7ocuklar\u0131m\u0131z Melisa, G\u00fclperi, Sena ve S\u00fcleyman ile be\u015f karde\u015fimizin bir ter\u00f6r olay\u0131nda hayatlar\u0131n\u0131 kaybetmelerinin y\u00fcreklerimizde yaratt\u0131\u011f\u0131 ac\u0131 \u00e7ok b\u00fcy\u00fckt\u00fcr&#8221;<\/p>\n<p style=\"text-align: justify;\">Silahl\u0131 ter\u00f6r \u00f6rg\u00fct\u00fc y\u00f6neticisi oldu\u011fu&#8221; iddias\u0131yla tutuklu bulunan eski Genelkurmay Ba\u015fkan\u0131 emekli Orgeneral \u0130lker Ba\u015fbu\u011f, avukat\u0131 arac\u0131l\u0131\u011f\u0131yla CNN T\u00dcRK&#8217;e g\u00f6nderdi\u011fi mektupta Gaziantep sald\u0131r\u0131s\u0131n\u0131 k\u0131nad\u0131. Ba\u015fbu\u011f, &#8220;Gaziantep&#8217;te masum \u00e7ocuklar\u0131m\u0131z Melisa, G\u00fclperi, Sena ve S\u00fcleyman ile be\u015f karde\u015fimizin bir ter\u00f6r olay\u0131nda hayatlar\u0131n\u0131 kaybetmelerinin y\u00fcreklerimizde yaratt\u0131\u011f\u0131 ac\u0131 \u00e7ok b\u00fcy\u00fckt\u00fcr&#8221; dedi.\u00a0<!--more--><\/p>\n<p style=\"text-align: justify;\">Ba\u015fbu\u011f mektubunda \u015fu ifadelere yer verdi:<\/p>\n<p style=\"text-align: justify;\">&#8220;Son g\u00fcnlerde \u015e\u0131rnak ve Hakkari&#8217;de \u015fehit verdi\u011fimiz Mehmet\u00e7iklerde dahil, hepsi i\u00e7in Allah&#8217;tan rahmet diliyor, ailelerinin derin ac\u0131s\u0131n\u0131 payla\u015f\u0131yoruz.<\/p>\n<p style=\"text-align: justify;\">T\u00fcrkiye neredeyse 30 y\u0131ld\u0131r ter\u00f6rler u\u011fra\u015f\u0131yor, ancak hala ter\u00f6r\u00fcn ne oldu\u011funu tam anlayabilmi\u015f de\u011fil. Ter\u00f6r, ter\u00f6ristin hedefi siyasidir. Bu hedefe ula\u015fmak i\u00e7in de \u00f6ncelikli olarak elindeki silah\u0131 kullan\u0131r.<\/p>\n<p style=\"text-align: justify;\">Bu nedenle devletlerin ter\u00f6rle m\u00fccadeledeki as\u0131l hedefi ter\u00f6ristin elindeki silah\u0131 ko\u015fulsuz olarak b\u0131rakmaya zorlanmas\u0131d\u0131r. Silah b\u0131rakma karar\u0131, ter\u00f6r \u00f6rg\u00fct\u00fcn\u00fcn silahl\u0131 kanad\u0131 taraf\u0131ndan verilecektir. \u00d6rg\u00fct\u00fcn lider kadrolar\u0131 bu karar\u0131 kolayl\u0131kla veremez. Onlar\u0131n bu karar\u0131 alamaya zorlanmas\u0131 \u015fartt\u0131r.<\/p>\n<p style=\"text-align: justify;\">Peki bu nas\u0131l sa\u011flanacakt\u0131r? As\u0131l soru da i\u015fte budur. \u0130lk \u00f6nce \u00f6rg\u00fct Irak&#8217;\u0131n kuzeyinde kendisine yer olmad\u0131\u011f\u0131n\u0131 g\u00f6rmeli ve anlamal\u0131d\u0131r.<\/p>\n<p style=\"text-align: justify;\">\u00d6rg\u00fct taraf\u0131ndan Irak&#8217;\u0131n kuzeyinde bulunan &#8216;g\u00fcvenli b\u00f6lgelerin&#8217; kullan\u0131lmas\u0131na, T\u00fcrkiye askeri, ekonomik ve uluslar aras\u0131 diplomasi dahil b\u00fct\u00fcn olanaklar\u0131n\u0131 kullanarak mutlaka, ama mutlaka son vermelidir.<\/p>\n<p style=\"text-align: justify;\">Ba\u015f\u0131m\u0131z\u0131 kuma g\u00f6mmeyelim. Bu konudaki istatistiki bilgiler ortadad\u0131r:<\/p>\n<p style=\"text-align: justify;\">S\u0131n\u0131r kom\u015fusu \u00fclkelerde &#8216;g\u00fcvenli b\u00f6lgelere&#8217; sahip olan ve topraklar\u0131nda bulundu\u011fu \u00fclkelerden de ihtiyac\u0131 olan deste\u011fi alan ter\u00f6r \u00f6rg\u00fctlerinin varl\u0131klar\u0131n\u0131 koruma, devam ettirme olas\u0131l\u0131\u011f\u0131 y\u00fczde 5&#8217;lerden y\u00fczde 43&#8217;lere \u00e7\u0131kmaktad\u0131r.<\/p>\n<p style=\"text-align: justify;\">\u0130kincisi ise, \u00f6rg\u00fcte kat\u0131l\u0131mlar\u0131n etkin \u015fekilde kontrol alt\u0131na al\u0131nmas\u0131 ve ter\u00f6ristlerin da\u011fdan inmelerini te\u015fvik edecek tedbirlerin uygulanmas\u0131d\u0131r.<\/p>\n<p style=\"text-align: justify;\">Ter\u00f6r eylemleri devam ederken, \u00f6rg\u00fct silah b\u0131rakmadan devletlerin ad\u0131m atmaya kalkmas\u0131 ter\u00f6re taviz verilmesi olarak de\u011ferlendirilir.&#8221;<\/p>\n<p style=\"text-align: justify;\"><a href=\"http:\/\/www.muhalifgazete.com\/46368-Basbug-dan-Gaziantep-mektubu.htm\" target=\"_blank\">Kaynak : Muhalif Gazete<\/a><\/p>\n","protected":false},"excerpt":{"rendered":"<p style=\"text-align: justify;\">\n<p style=\"text-align: justify;\">&#8221;Gaziantep&#8217;te masum \u00e7ocuklar\u0131m\u0131z Melisa, G\u00fclperi, Sena ve S\u00fcleyman ile be\u015f karde\u015fimizin bir ter\u00f6r olay\u0131nda hayatlar\u0131n\u0131 kaybetmelerinin y\u00fcreklerimizde yaratt\u0131\u011f\u0131 ac\u0131 \u00e7ok b\u00fcy\u00fckt\u00fcr&#8221;<\/p>\n<p style=\"text-align: justify;\">Silahl\u0131 ter\u00f6r \u00f6rg\u00fct\u00fc y\u00f6neticisi oldu\u011fu&#8221; iddias\u0131yla tutuklu bulunan eski Genelkurmay Ba\u015fkan\u0131 emekli Orgeneral \u0130lker Ba\u015fbu\u011f, avukat\u0131 arac\u0131l\u0131\u011f\u0131yla CNN T\u00dcRK&#8217;e g\u00f6nderdi\u011fi mektupta Gaziantep sald\u0131r\u0131s\u0131n\u0131 k\u0131nad\u0131. Ba\u015fbu\u011f, &#8220;Gaziantep&#8217;te masum <\/p>\n","protected":false},"author":1,"featured_media":0,"comment_status":"open","ping_status":"open","sticky":false,"template":"","format":"standard","meta":{"footnotes":""},"categories":[105],"tags":[],"class_list":["post-54243","post","type-post","status-publish","format-standard","hentry","category-gundem","odd"],"_links":{"self":[{"href":"http:\/\/www.korhanyilmaz.com\/index.php?rest_route=\/wp\/v2\/posts\/54243","targetHints":{"allow":["GET"]}}],"collection":[{"href":"http:\/\/www.korhanyilmaz.com\/index.php?rest_route=\/wp\/v2\/posts"}],"about":[{"href":"http:\/\/www.korhanyilmaz.com\/index.php?rest_route=\/wp\/v2\/types\/post"}],"author":[{"embeddable":true,"href":"http:\/\/www.korhanyilmaz.com\/index.php?rest_route=\/wp\/v2\/users\/1"}],"replies":[{"embeddable":true,"href":"http:\/\/www.korhanyilmaz.com\/index.php?rest_route=%2Fwp%2Fv2%2Fcomments&post=54243"}],"version-history":[{"count":0,"href":"http:\/\/www.korhanyilmaz.com\/index.php?rest_route=\/wp\/v2\/posts\/54243\/revisions"}],"wp:attachment":[{"href":"http:\/\/www.korhanyilmaz.com\/index.php?rest_route=%2Fwp%2Fv2%2Fmedia&parent=54243"}],"wp:term":[{"taxonomy":"category","embeddable":true,"href":"http:\/\/www.korhanyilmaz.com\/index.php?rest_route=%2Fwp%2Fv2%2Fcategories&post=54243"},{"taxonomy":"post_tag","embeddable":true,"href":"http:\/\/www.korhanyilmaz.com\/index.php?rest_route=%2Fwp%2Fv2%2Ftags&post=54243"}],"curies":[{"name":"wp","href":"https:\/\/api.w.org\/{rel}","templated":true}]}}