{"id":54232,"date":"2012-08-23T22:01:19","date_gmt":"2012-08-23T19:01:19","guid":{"rendered":"http:\/\/www.korhanyilmaz.com\/?p=54232"},"modified":"2012-08-24T05:53:25","modified_gmt":"2012-08-24T02:53:25","slug":"devlet-mecliste-niye-toplanmiyor","status":"publish","type":"post","link":"http:\/\/www.korhanyilmaz.com\/?p=54232","title":{"rendered":"&#8216;Devlet, Meclis&#8217;te niye toplanm\u0131yor&#8217;"},"content":{"rendered":"<p style=\"text-align: center;\"><a href=\"http:\/\/www.korhanyilmaz.com\/wp-content\/uploads\/2012\/08\/H367.jpg\"  class=\"lightview\"><img loading=\"lazy\" decoding=\"async\" class=\"aligncenter  wp-image-54233\" src=\"http:\/\/www.korhanyilmaz.com\/wp-content\/uploads\/2012\/08\/H367.jpg\" alt=\"\" width=\"322\" height=\"241\" \/><\/a><\/p>\n<p style=\"text-align: justify;\">CHP Genel Ba\u015fkan\u0131 Kemal K\u0131l\u0131\u00e7daro\u011flu, \u00fclkede tam bir ter\u00f6r havas\u0131n\u0131n oldu\u011funu s\u00f6yledi. K\u0131l\u0131\u00e7daro\u011flu, &#8220;Cami avlusunda devlet toplan\u0131yor da Meclis&#8217;te niye devlet toplanm\u0131yor. Cami avlusunda bir araya geliyoruz da Meclis&#8217;te niye bir araya gelmiyoruz&#8221; diye konu\u015ftu.<\/p>\n<p style=\"text-align: justify;\">Ankara- CHP lideri Kemal K\u0131l\u0131\u00e7daro\u011flu, \u015e\u0131rnak&#8217;\u0131n Uludere il\u00e7esinde askerleri ta\u015f\u0131yan minib\u00fcs\u00fcn devrilmesi sonucu \u015fehit d\u00fc\u015fen ve \u00c7orum&#8217;da topra\u011fa verilen jandarma uzman \u00e7avu\u015f Ali Do\u011fan&#8217;\u0131n (25) Ankara&#8217;daki evine Genel Ba\u015fkan Yard\u0131mc\u0131s\u0131 G\u00f6khan G\u00fcnayd\u0131n ve Ankara \u0130l Ba\u015fkan\u0131 Zeki Al\u00e7\u0131n ile gelerek, aileye taziyelerini iletti.\u00a0<!--more--><\/p>\n<p style=\"text-align: justify;\">Ak\u015fam saatlerinde \u015fehidin Mamak \u015eirintepe Mahallesi&#8217;ndeki evine gelen K\u0131l\u0131\u00e7daro\u011flu, d\u0131\u015far\u0131da taziyeleri kabul eden baba Arap Do\u011fan&#8217;a ba\u015fsa\u011fl\u0131\u011f\u0131 diledi. K\u0131l\u0131\u00e7daro\u011flu, daha sonra binaya girerek \u015fehidin di\u011fer yak\u0131nlar\u0131na taziyelerini sundu.<\/p>\n<p style=\"text-align: justify;\">Evden \u00e7\u0131k\u0131\u015f\u0131nda bir gazetecinin, Gaziantep&#8217;teki patlamayla ilgili Ba\u015fbakan Yard\u0131mc\u0131s\u0131 B\u00fclent Ar\u0131n\u00e7&#8217;\u0131n istihbarat zafiyeti olmad\u0131\u011f\u0131na y\u00f6nelik bir a\u00e7\u0131klama yapt\u0131\u011f\u0131n\u0131, AKP Gaziantep Milletvekili \u015eamil Tayyar&#8217;\u0131n da istihbarat zafiyeti olmad\u0131\u011f\u0131 ancak emniyet m\u00fcd\u00fcr\u00fcn\u00fcn hatas\u0131 oldu\u011funu s\u00f6yledi\u011fini belirterek, bunu nas\u0131l de\u011ferlendirdi\u011fini sormas\u0131 \u00fczerine K\u0131l\u0131\u00e7daro\u011flu, &#8221;T\u00fcrkiye&#8217;nin iyi y\u00f6netilmedi\u011fini art\u0131k b\u00fct\u00fcn yurtta\u015flar\u0131m\u0131z\u0131n g\u00f6rmesi laz\u0131m&#8221; diye konu\u015ftu.<\/p>\n<p style=\"text-align: justify;\">H\u00fck\u00fcmetin kendi i\u00e7inde uyumlu olmad\u0131\u011f\u0131n\u0131 s\u00f6yleyen K\u0131l\u0131\u00e7daro\u011flu, &#8221;Birisi bir telden \u00e7\u0131k\u0131p s\u00f6z ediyor, \u00f6b\u00fcr\u00fc \u00f6b\u00fcr telden. Birisi istihbarat sa\u011flam diyor, \u00f6b\u00fcr\u00fc istihbaratta zafiyet var diyor. Hangisine inanacaks\u0131n\u0131z. Ayn\u0131 partiden \u00e7ok farkl\u0131 sesler \u00e7\u0131k\u0131yor&#8221; de\u011ferlendirmesinde bulundu.<\/p>\n<p style=\"text-align: justify;\">K\u0131l\u0131\u00e7daro\u011flu, gelinen noktada sonuca bak\u0131lmas\u0131 gerekti\u011fini belirterek, T\u00fcrkiye&#8217;de tam bir ter\u00f6r havas\u0131 oldu\u011funu s\u00f6yledi.<\/p>\n<p style=\"text-align: justify;\">&#8221;\u015eehit evlerine, \u015fehit cenazelerine gitmek, onlar\u0131n ac\u0131lar\u0131n\u0131 payla\u015fmak nereye kadar. Art\u0131k buna bir son verilmesi laz\u0131m. H\u00fck\u00fcmet, ger\u00e7ek anlamda neyi yapmak istiyorsa nas\u0131l yapmak istiyorsa \u00e7\u0131k\u0131p kamuoyuna bu konuda a\u00e7\u0131klama yaps\u0131n, biz de kendisine destek verelim&#8221; diyen K\u0131l\u0131\u00e7daro\u011flu, \u015funlar\u0131 s\u00f6yledi:<\/p>\n<p style=\"text-align: justify;\">&#8221;Ciddi bir zafiyet var, ciddi bir y\u00f6netim bo\u015flu\u011fu var. Kimin ne yapt\u0131\u011f\u0131 belli de\u011fil. H\u00fck\u00fcmet bir anlamda kendisini ter\u00f6re teslim etmi\u015f gibi bir hava var. Ter\u00f6re teslim olan bir h\u00fck\u00fcmet olabilir mi? Ter\u00f6r\u00fcn arkas\u0131ndan s\u00fcr\u00fcklenip giden bir h\u00fck\u00fcmet olabilir mi? Bir demokrasi anlay\u0131\u015f\u0131 olabilir mi? Bunu kabul etmiyoruz. E\u011fer bug\u00fcn ele\u015ftirimizin dozunu hafif tutuyorsak T\u00fcrkiye daha fazla bir kutupla\u015fma ya\u015famas\u0131n diye bunu yap\u0131yoruz, ama h\u00fck\u00fcmet de bir \u015fey yapacaksa biran \u00f6nce oturup gere\u011fini yaps\u0131n. Biz bunu bekliyoruz.&#8221;<\/p>\n<p style=\"text-align: justify;\">K\u0131l\u0131\u00e7daro\u011flu, bu konuda \u00e7\u00f6z\u00fcm \u00fcretmek istediklerini belirterek, s\u00f6zlerini \u015f\u00f6yle s\u00fcrd\u00fcrd\u00fc:<\/p>\n<p style=\"text-align: justify;\">&#8221;Parlamentoya, buyrun gelin toplant\u0131ya dedik, hep beraber g\u00f6r\u00fc\u015felim dedik, reddedildi. Madem bizim taleplerimiz reddediliyor, sizler \u00e7\u00f6z\u00fcm \u00fcretin biz size gelip destek verelim. Biz bu \u00fclkede hi\u00e7 kimsenin burnu kanamas\u0131n istiyoruz. Bu \u00fclkede huzur olsun istiyoruz. Bu \u00fclkede bar\u0131\u015f olsun istiyoruz biz. Bayra\u011f\u0131m\u0131z tek, devletimiz tek, milletimiz tek. O zaman biz neyi payla\u015fam\u0131yoruz. Niye gencecik insanlar\u0131m\u0131z hayatlar\u0131n\u0131 kaybediyor bu \u00fclkede. Biz \u00e7al\u0131\u015fal\u0131m diyoruz, parlamentoyu a\u00e7al\u0131m diyoruz, otural\u0131m konu\u015fal\u0131m diyoruz, \u00e7\u00f6z\u00fcm \u00f6nerelim diyoruz. &#8216;Hay\u0131r efendim, ter\u00f6r\u00fcn ekme\u011fine ya\u011f s\u00fcrersiniz siz&#8217; deniyor. Cami avlusunda devlet toplan\u0131yor da Meclis&#8217;te niye devlet toplanm\u0131yor. Cami avlusunda bir araya geliyoruz da Meclis&#8217;te niye bir araya gelmiyoruz.&#8221;<\/p>\n<p style=\"text-align: justify;\"><a href=\"http:\/\/www.cumhuriyet.com.tr\/?hn=361152\" target=\"_blank\">Kaynak : Cumhuriyet Haber Portal\u0131<\/a><\/p>\n","protected":false},"excerpt":{"rendered":"<p style=\"text-align: center;\">\n<p style=\"text-align: justify;\">CHP Genel Ba\u015fkan\u0131 Kemal K\u0131l\u0131\u00e7daro\u011flu, \u00fclkede tam bir ter\u00f6r havas\u0131n\u0131n oldu\u011funu s\u00f6yledi. K\u0131l\u0131\u00e7daro\u011flu, &#8220;Cami avlusunda devlet toplan\u0131yor da Meclis&#8217;te niye devlet toplanm\u0131yor. Cami avlusunda bir araya geliyoruz da Meclis&#8217;te niye bir araya gelmiyoruz&#8221; diye konu\u015ftu.<\/p>\n<p style=\"text-align: justify;\">Ankara- CHP lideri Kemal K\u0131l\u0131\u00e7daro\u011flu, \u015e\u0131rnak&#8217;\u0131n Uludere il\u00e7esinde askerleri ta\u015f\u0131yan minib\u00fcs\u00fcn devrilmesi sonucu <\/p>\n","protected":false},"author":1,"featured_media":0,"comment_status":"open","ping_status":"open","sticky":false,"template":"","format":"standard","meta":{"footnotes":""},"categories":[105],"tags":[],"class_list":["post-54232","post","type-post","status-publish","format-standard","hentry","category-gundem","odd"],"_links":{"self":[{"href":"http:\/\/www.korhanyilmaz.com\/index.php?rest_route=\/wp\/v2\/posts\/54232","targetHints":{"allow":["GET"]}}],"collection":[{"href":"http:\/\/www.korhanyilmaz.com\/index.php?rest_route=\/wp\/v2\/posts"}],"about":[{"href":"http:\/\/www.korhanyilmaz.com\/index.php?rest_route=\/wp\/v2\/types\/post"}],"author":[{"embeddable":true,"href":"http:\/\/www.korhanyilmaz.com\/index.php?rest_route=\/wp\/v2\/users\/1"}],"replies":[{"embeddable":true,"href":"http:\/\/www.korhanyilmaz.com\/index.php?rest_route=%2Fwp%2Fv2%2Fcomments&post=54232"}],"version-history":[{"count":0,"href":"http:\/\/www.korhanyilmaz.com\/index.php?rest_route=\/wp\/v2\/posts\/54232\/revisions"}],"wp:attachment":[{"href":"http:\/\/www.korhanyilmaz.com\/index.php?rest_route=%2Fwp%2Fv2%2Fmedia&parent=54232"}],"wp:term":[{"taxonomy":"category","embeddable":true,"href":"http:\/\/www.korhanyilmaz.com\/index.php?rest_route=%2Fwp%2Fv2%2Fcategories&post=54232"},{"taxonomy":"post_tag","embeddable":true,"href":"http:\/\/www.korhanyilmaz.com\/index.php?rest_route=%2Fwp%2Fv2%2Ftags&post=54232"}],"curies":[{"name":"wp","href":"https:\/\/api.w.org\/{rel}","templated":true}]}}