{"id":54225,"date":"2012-08-23T23:58:27","date_gmt":"2012-08-23T20:58:27","guid":{"rendered":"http:\/\/www.korhanyilmaz.com\/?p=54225"},"modified":"2012-08-24T05:46:47","modified_gmt":"2012-08-24T02:46:47","slug":"birkac-mehmet-degil-21-sehit","status":"publish","type":"post","link":"http:\/\/www.korhanyilmaz.com\/?p=54225","title":{"rendered":"&#8216;Birka\u00e7 Mehmet&#8217; de\u011fil, 21 \u015fehit"},"content":{"rendered":"<p style=\"text-align: center;\"><a href=\"http:\/\/www.korhanyilmaz.com\/wp-content\/uploads\/2012\/08\/H365.jpg\"  class=\"lightview\"><img loading=\"lazy\" decoding=\"async\" class=\"aligncenter  wp-image-54226\" src=\"http:\/\/www.korhanyilmaz.com\/wp-content\/uploads\/2012\/08\/H365.jpg\" alt=\"\" width=\"322\" height=\"241\" \/><\/a><\/p>\n<p style=\"text-align: justify;\">H\u00fck\u00fcmetin Suriye politikas\u0131 nedeniyle t\u0131rman\u0131\u015fa ge\u00e7en ter\u00f6r durmuyor. \u015eemdinli&#8217;de d\u00fczenlenen operasyonda \u00e7\u0131kan \u00e7at\u0131\u015fmada 1 asker daha \u015fehit oldu. \u00c7at\u0131\u015fmalarda, 5 asker yaraland\u0131. Ter\u00f6ristler, il\u00e7e merkezindeki devlet dairelerine e\u015fzamanl\u0131 sald\u0131r\u0131lar d\u00fczenledi. AKP&#8217;li H\u00fcseyin \u00c7elik&#8217;in &#8220;Birka\u00e7 Mehmet \u015fehit oldu diye Meclis&#8217;i toplayamay\u0131z&#8221; s\u00f6zlerinden bu yana, 9 sivil, 12 g\u00fcvenlik g\u00f6revlisi \u015fehit oldu.\u00a0<!--more--><\/p>\n<p style=\"text-align: justify;\">\u0130stanbul \/ Hakkari- Hakkari&#8217;nin \u015eemdinli il\u00e7esinde PKK&#8217;li ter\u00f6ristler ile g\u00fcvenlik g\u00fc\u00e7leri aras\u0131nda ya\u015fanan \u00e7at\u0131\u015famalar s\u00fcr\u00fcyor. \u0130l\u00e7eye ba\u011fl\u0131 Umurlu k\u00f6y\u00fc yak\u0131nlar\u0131nda bir askeri birli\u011fe havan toplu sald\u0131r\u0131 d\u00fczenlenmesinin ard\u0131ndan ba\u015flat\u0131lan operasyonda 1 asker \u015fehit oldu, 5 asker de yaraland\u0131. Valilik&#8217;ten yap\u0131lan a\u00e7\u0131klamada yaral\u0131 askerlerin, Y\u00fcksekova Devlet Hastanesi ile Hakkari Asker Hastanesi&#8217;nde tedavi alt\u0131na al\u0131nd\u0131\u011f\u0131 bildirildi. Valilik ayr\u0131ca \u00e7\u0131kan \u00e7at\u0131\u015fmalarda 5 ter\u00f6ristin etkisiz hale getirildi\u011fini a\u00e7\u0131klad\u0131.<\/p>\n<p style=\"text-align: justify;\"><strong>\u015eemdinli il\u00e7e merkezine sald\u0131rd\u0131lar\u00a0<\/strong><\/p>\n<p style=\"text-align: justify;\">PKK&#8217;li ter\u00f6ristler sald\u0131r\u0131lar\u0131na ak\u015fam saatlerinde de devam etti. Bir grup ter\u00f6rist saat 20.30 s\u0131ralar\u0131nda il\u00e7e merkezinde bulunan Emniyet M\u00fcd\u00fcrl\u00fc\u011f\u00fc, Kaymakaml\u0131k, Jandarma Komutanl\u0131\u011f\u0131 ile Tugay Komutanl\u0131\u011f\u0131&#8217;n\u0131 hedef ald\u0131. \u015eiddetli patlama seslerinin de duyuldu\u011fu sald\u0131r\u0131da, ilk a\u00e7\u0131klamaya g\u00f6re 4 PKK&#8217;li etkisiz hale getirildi. \u015eemdinli&#8217;de \u00e7at\u0131\u015fmalar\u0131n yer yer s\u00fcrd\u00fc\u011f\u00fc, teyakkuz halinin devam etti\u011fi bildirildi.<\/p>\n<p style=\"text-align: justify;\"><a href=\"http:\/\/www.cumhuriyet.com.tr\/?hn=361006\" target=\"_blank\">Kaynak : Cumhuriyet Haber Portal\u0131<\/a><\/p>\n","protected":false},"excerpt":{"rendered":"<p style=\"text-align: center;\">\n<p style=\"text-align: justify;\">H\u00fck\u00fcmetin Suriye politikas\u0131 nedeniyle t\u0131rman\u0131\u015fa ge\u00e7en ter\u00f6r durmuyor. \u015eemdinli&#8217;de d\u00fczenlenen operasyonda \u00e7\u0131kan \u00e7at\u0131\u015fmada 1 asker daha \u015fehit oldu. \u00c7at\u0131\u015fmalarda, 5 asker yaraland\u0131. Ter\u00f6ristler, il\u00e7e merkezindeki devlet dairelerine e\u015fzamanl\u0131 sald\u0131r\u0131lar d\u00fczenledi. AKP&#8217;li H\u00fcseyin \u00c7elik&#8217;in &#8220;Birka\u00e7 Mehmet \u015fehit oldu diye Meclis&#8217;i toplayamay\u0131z&#8221; s\u00f6zlerinden bu yana, 9 sivil, 12 g\u00fcvenlik g\u00f6revlisi \u015fehit oldu. <\/p>\n","protected":false},"author":1,"featured_media":0,"comment_status":"open","ping_status":"open","sticky":false,"template":"","format":"standard","meta":{"footnotes":""},"categories":[105],"tags":[],"class_list":["post-54225","post","type-post","status-publish","format-standard","hentry","category-gundem","odd"],"_links":{"self":[{"href":"http:\/\/www.korhanyilmaz.com\/index.php?rest_route=\/wp\/v2\/posts\/54225","targetHints":{"allow":["GET"]}}],"collection":[{"href":"http:\/\/www.korhanyilmaz.com\/index.php?rest_route=\/wp\/v2\/posts"}],"about":[{"href":"http:\/\/www.korhanyilmaz.com\/index.php?rest_route=\/wp\/v2\/types\/post"}],"author":[{"embeddable":true,"href":"http:\/\/www.korhanyilmaz.com\/index.php?rest_route=\/wp\/v2\/users\/1"}],"replies":[{"embeddable":true,"href":"http:\/\/www.korhanyilmaz.com\/index.php?rest_route=%2Fwp%2Fv2%2Fcomments&post=54225"}],"version-history":[{"count":0,"href":"http:\/\/www.korhanyilmaz.com\/index.php?rest_route=\/wp\/v2\/posts\/54225\/revisions"}],"wp:attachment":[{"href":"http:\/\/www.korhanyilmaz.com\/index.php?rest_route=%2Fwp%2Fv2%2Fmedia&parent=54225"}],"wp:term":[{"taxonomy":"category","embeddable":true,"href":"http:\/\/www.korhanyilmaz.com\/index.php?rest_route=%2Fwp%2Fv2%2Fcategories&post=54225"},{"taxonomy":"post_tag","embeddable":true,"href":"http:\/\/www.korhanyilmaz.com\/index.php?rest_route=%2Fwp%2Fv2%2Ftags&post=54225"}],"curies":[{"name":"wp","href":"https:\/\/api.w.org\/{rel}","templated":true}]}}