{"id":5422,"date":"2009-03-15T09:25:10","date_gmt":"2009-03-15T07:25:10","guid":{"rendered":"http:\/\/www.korhanyilmaz.com\/?p=5422"},"modified":"2009-03-15T09:25:10","modified_gmt":"2009-03-15T07:25:10","slug":"sag-ve-sol-ilk-kez-birlesmisti","status":"publish","type":"post","link":"http:\/\/www.korhanyilmaz.com\/?p=5422","title":{"rendered":"Sa\u011f ve sol ilk kez birle\u015fmi\u015fti!"},"content":{"rendered":"<p style=\"text-align: center;\"><img loading=\"lazy\" decoding=\"async\" class=\"aligncenter size-full wp-image-5423\" title=\"Sa\u011f ve sol ilk kez birle\u015fmi\u015fti!\" src=\"http:\/\/www.korhanyilmaz.com\/wp-content\/uploads\/2009\/03\/150320090407113175927.jpg\" alt=\"Sa\u011f ve sol ilk kez birle\u015fmi\u015fti!\" width=\"376\" height=\"194\" \/><\/p>\n<p style=\"text-align: justify;\"><strong>Ergenekon, bu milli iradeyi tehlikeli g\u00f6renlerce yarat\u0131ld\u0131<\/strong>.<\/p>\n<p style=\"text-align: justify;\">\u015eule Perin\u00e7ek&#8217;i r\u00f6portaj yapmak i\u00e7in arad\u0131\u011f\u0131mda &#8220;Do\u011fu&#8217;yla da konu\u015fmak ister misiniz&#8221; dedi. Hem cazip geldi hem de g\u00f6z temas\u0131 olmadan hi\u00e7bir r\u00f6portaj\u0131n yeterince ger\u00e7ek olamayaca\u011f\u0131n\u0131 bildi\u011fim i\u00e7in, \u00e7ok da \u00f6nemi yoktu. \u015eule Han\u0131m&#8217;\u0131n g\u00f6zleri daha \u00f6nemliydi. Zaten \u00f6yle de oldu, cezaevinden gelen cevaplar \u015eule Han\u0131m&#8217;\u0131 yenemedi. \u0130\u015fte Perin\u00e7ekler&#8230;<\/p>\n<p style=\"text-align: justify;\"><strong>\u00dcmraniye&#8217;de bombalar bulundu\u011fu \t12 Haziran 2007 g\u00fcn\u00fc kortunuz mu? <\/strong><\/p>\n<p style=\"text-align: justify;\">\nKorkmad\u0131m ama meselenin milli tavr\u0131n \u00fczerine gitmek oldu\u011fu otaya \u00e7\u0131k\u0131nca, bunun merkezinde de biz oldu\u011fumuz i\u00e7in s\u00fcrpriz de\u011fildi i\u015fin bize do\u011fru gelmesi. Sabaha kar\u015f\u0131 d\u00f6rt gibi geldiler. Can&#8217;la ben yaln\u0131zd\u0131k. Do\u011fu (Perin\u00e7ek) Ankara&#8217;dayd\u0131. Ayn\u0131 anda iki taraf\u0131 bast\u0131lar. Kap\u0131y\u0131 a\u00e7madan kimlik g\u00f6rmek istedim. Kap\u0131n\u0131n alt\u0131ndan kimli\u011fini atmad\u0131 tabii &#8220;Yan\u0131m\u0131zda muhtar var, kap\u0131c\u0131n\u0131n kar\u0131s\u0131 var&#8221; dediler. A\u00e7t\u0131m &#8220;Bir dakika bekleyin giyineyim&#8221; dedim. Sonra arama emrini istedim. Gittim g\u00f6zl\u00fc\u011f\u00fc ald\u0131m. Kap\u0131da \u00f6yle beklediler. Okudum, yapacak bir \u015fey yok, &#8220;Buyrun&#8221; dedim. Tek bir \u015fey rica ettim. Evde 10-15 bin kitap var. Ve hepsi bir mant\u0131\u011fa g\u00f6re dizilmi\u015f. Ezbere biliyoruz. Do\u011fu benden &#8220;\u00dc\u00e7\u00fcnc\u00fc raf\u0131n sa\u011f taraf\u0131ndaki ba\u015ftan be\u015finci kitap&#8221; diyerek ister kitab\u0131. Ve bunu tekrar dizmek \u00e7ok zor. Bozmamalar\u0131n\u0131 istedim. &#8220;Raf raf bak\u0131p yerine koyun&#8221; dedim. Tek tek, sayfa sayfa her \u015feye bakt\u0131lar. \u0130\u00e7eride parti dosyalar\u0131 da var. Onlara bakt\u0131rmak istemedim. Polisin bunlara bakmas\u0131 yasal de\u011fil. Parti i\u00e7 yaz\u0131\u015fmalar\u0131. Ancak Anayasa Mahkemesi karar\u0131 olmas\u0131 laz\u0131m. &#8220;Evde tutmasayd\u0131n\u0131z o zaman&#8221; dediler. Sat\u0131r sat\u0131r okudular.<!--more-->\n<\/p>\n<p style=\"text-align: justify;\"><strong>\u00d6nce tela\u015fland\u0131m ama ilk g\u00f6r\u00fc\u015fe gidince i\u00e7im rahatlad\u0131.<\/strong><\/p>\n<p style=\"text-align: justify;\"><strong><br \/>\nKa\u00e7 saat kald\u0131lar?<\/strong>\n<\/p>\n<p style=\"text-align: justify;\">Sabah 04.00&#8217;ten ak\u015fam 07.00&#8217;ye kadar&#8230; Mant\u0131kl\u0131 bir arama de\u011fildi.<\/p>\n<p style=\"text-align: justify;\"><strong>Do\u011fu Perin\u00e7ek&#8217;le o s\u0131rada haberle\u015febildiniz mi?<\/strong><\/p>\n<p style=\"text-align: justify;\">Genel Merkez&#8217;de kald\u0131\u011f\u0131m\u0131z bir oda var, oradayd\u0131 Do\u011fu. Telefon ba\u011flant\u0131lar\u0131n\u0131 kestiler zaten. Ayn\u0131 anda girmeleri bu y\u00fczden, haberle\u015fmeni istemiyorlar. Do\u011fu&#8217;yu g\u00f6z alt\u0131na ald\u0131lar. \u0130stanbul&#8217;a getirmi\u015fler. Tutuklay\u0131p cezaevine g\u00f6t\u00fcr\u00fcl\u00fcnce, &#8220;Can g\u00fcvenli\u011fi a\u00e7\u0131s\u0131ndan g\u00fcvenli bir cezaevi mi?&#8221; diye endi\u015fe ettim. \u00c7\u00fcnk\u00fc sa\u011fda da, solda da bize kar\u015f\u0131 tehdit var. Tekirda\u011f&#8217;a gittiler, &#8220;Hangi ko\u011fu\u015fta, kiminle?&#8221; diye tela\u015fa d\u00fc\u015ft\u00fcm bu sefer. \u0130lk g\u00f6r\u00fc\u015fe gidince de rahatlad\u0131m.<\/p>\n<p style=\"text-align: justify;\"><strong>A\u00e7\u0131k g\u00f6r\u00fc\u015flerde  kocaman bir masada birlikte oluyoruz<\/strong><\/p>\n<p style=\"text-align: justify;\"><strong>Ne konu\u015fuyorsunuz g\u00f6r\u00fc\u015flerde?<\/strong><\/p>\n<p style=\"text-align: justify;\">Ka\u011f\u0131t kalemle geliriz biz kar\u015f\u0131l\u0131kl\u0131. Plastik kalem ka\u011f\u0131t g\u00f6t\u00fcr\u00fcyorum yan\u0131mda. Azar i\u015fitiyorum s\u00fcrekli. &#8220;Atat\u00fcrk eserleri ge\u00e7 kald\u0131, niye bas\u0131lm\u0131yor&#8221; diyor. Dergiyi, ulusal kanal\u0131 soruyor. &#8220;Ayd\u0131nl\u0131k&#8217;\u0131n kapa\u011f\u0131 niye \u00f6yle oldu da, b\u00f6yle oldu da&#8230;&#8221; Sonra b\u00fct\u00fcn binada dola\u015f\u0131p s\u00f6yle\u015filer yap\u0131yorum, h\u00e2l hat\u0131r soruyorum. Bilgi toplay\u0131p Do\u011fu&#8217;ya aktar\u0131yorum. &#8220;\u015e\u00f6yle \u015feyler tart\u0131\u015f\u0131l\u0131yor, \u015funlar konu\u015fuluyor&#8221; diye&#8230; Pazartesi g\u00fcnleri 10 dakika telefon hakk\u0131 var. \u00c7ar\u015fambalar\u0131 g\u00f6r\u00fc\u015f g\u00fcn\u00fc. 45 dakika caml\u0131 b\u00f6lmede telefonla g\u00f6r\u00fc\u015f\u00fcl\u00fcyor. Her ay\u0131n ilk \u00e7ar\u015fambas\u0131 da a\u00e7\u0131k g\u00f6r\u00fc\u015f var. A\u00e7\u0131k g\u00f6r\u00fc\u015flerde kocaman masada oluyoruz zaten. Hep beraber konu\u015fuyoruz. Gide gele yak\u0131nl\u0131k oldu mahkum yak\u0131nlar\u0131 aras\u0131nda da. \u0130\u00e7eride de \u00f6yle. Kimse kimseyi tan\u0131mazken, tan\u0131\u015fmalar ba\u015flad\u0131. As\u0131l \u015fimdi yava\u015f yava\u015f \u00f6rg\u00fct oluyorlar.<\/p>\n<p style=\"text-align: justify;\"><strong>Duru\u015fmalar\u0131 izliyor musunuz?<\/strong><\/p>\n<p style=\"text-align: justify;\">\u0130lk g\u00fcn o\u011flum Can&#8217;la beraber duru\u015fma salonuna gittim. \u00c7\u0131ld\u0131rd\u0131m. Avaz avaz ba\u011f\u0131rd\u0131m. Adam\u0131n biri d\u0131\u015farda oturuyor ve &#8220;M\u00fcba\u015firler buraya, sen oraya ge\u00e7&#8221;, Kemal Alemdaro\u011flu&#8217;na &#8220;Sen \u015furaya git&#8221; falan diyor. &#8220;Kim bu ya?&#8221; dedim. &#8220;Drej Ali&#8221; dediler. Deli oldum, &#8220;Kim bu Drej Ali de burada d\u00fczeni sa\u011fl\u0131yor&#8221; dedim. Sonra haks\u0131zl\u0131k yapt\u0131\u011f\u0131m\u0131 d\u00fc\u015f\u00fcnd\u00fcm. \u00c7\u00fcnk\u00fc onun da oraya getirili\u015f sebebi Drej Ali olmas\u0131 nedeniyle de\u011fil. Ulusalc\u0131 olmas\u0131 nedeniyle.<\/p>\n<p style=\"text-align: justify;\"><strong>\u0130nsan kocas\u0131z ya\u015far ama vatans\u0131z ya\u015fayamaz,        T\u00fcrkiye&#8217;yi b\u00f6l\u00fcyorlar<\/strong><\/p>\n<p style=\"text-align: justify;\"><strong>Sizinle, Ergenekon davas\u0131ndan tutuklu, hatta bu \u00f6rg\u00fct\u00fcn sivil kanad\u0131n\u0131n lideri oldu\u011fu s\u00f6ylenen e\u015finiz Do\u011fu Perin\u00e7ek nedeniyle r\u00f6portaj yapmak istedim. Amac\u0131m sizinle bu \u00f6rg\u00fct\u00fc tart\u0131\u015fmak de\u011fil. Ama \u015funu da s\u00f6ylemek zorunday\u0131m, birbirinden ideolojisi, ya\u015fam tarz\u0131, inanc\u0131, fikri farkl\u0131 insanlar\u0131 sadece milli tavr\u0131 nedeniyle birlikte su\u00e7luyorlar diyorsunuz ya&#8230; Ama bir bak\u0131yorsunuz bu insanlar\u0131n hepsi mutlaka bir yerlerde birbiriyle g\u00f6r\u00fc\u015fm\u00fc\u015f, konu\u015fmu\u015f, tan\u0131\u015fm\u0131\u015f. O milli tavr\u0131 al\u0131rken beraber hareket etmi\u015fler. Biz onlar\u0131 birbirinden farkl\u0131 zannediyormu\u015fuz. Onlar birbirine \u00e7oktan benzemi\u015f, bile, \u00f6yle de\u011fil mi?<\/strong><\/p>\n<p style=\"text-align: justify;\">\u0130lk defa b\u00f6yle bir \u015fey oluyordu T\u00fcrkiye&#8217;de, milli g\u00fc\u00e7lerin bir araya topland\u0131\u011f\u0131&#8230; Aralar\u0131ndaki farklar\u0131 dikkate almaks\u0131z\u0131n bir araya gelme vard\u0131. Bunun \u00f6n\u00fcne ge\u00e7mek istediler. \u00c7\u00fcnk\u00fc bu onlar i\u00e7in \u00e7ok tehlikeli bir \u015fey. Bug\u00fcne kadar birbirine k\u0131rd\u0131\u011f\u0131n\u0131z insanlar yan yana gelmeye ba\u015fl\u0131yor. Hem sa\u011fdan hem soldan. Bunu engellemek i\u00e7in bu dava yarat\u0131ld\u0131. 50 y\u0131ldan beri siyaseti izliyorum, T\u00fcrkiye hi\u00e7 bu kadar yol ayr\u0131m\u0131na gelmemi\u015fti. Menfaatler bu kadar \u00e7at\u0131\u015fmam\u0131\u015ft\u0131. T\u00fcrkiye b\u00f6l\u00fcnecek. Size \u00e7ok samimi s\u00f6yl\u00fcyorum insan kocas\u0131z ya\u015far -\u00e7olu\u011fun \u00e7ocu\u011fun e\u011flencesi olacak kadar birbirimize d\u00fc\u015fk\u00fcn\u00fczd\u00fcr Do\u011fu&#8217;yla o ayr\u0131- ama vatans\u0131z ya\u015fayamazs\u0131n\u0131z. Bizi b\u00f6l\u00fcyorlar. Birbirimizden ay\u0131r\u0131yorlar. Kutupla\u015fmaya baksan\u0131za. T\u00fcrk milletinin birli\u011finin b\u00fct\u00fcnl\u00fc\u011f\u00fcn\u00fcn menfaati neredeyse ben orada olurum.<\/p>\n<p style=\"text-align: justify;\">Ama bir taraftan da \u0130\u015f\u00e7i Partisi Bas\u0131n B\u00fcrosu Ba\u015fkan\u0131, Ergenekon tutuklusu Hikmet \u00c7i\u00e7ek &#8220;U\u011fur Mumcu ya\u015fasayd\u0131 &#8216;Hepimiz Ermeniyiz&#8217; diyen vatans\u0131zlar\u0131n yan\u0131nda olmazd\u0131&#8221; diyor. Hrant Dink&#8217;in katledili\u015fini k\u0131nayan bir tavr\u0131n slogan\u0131 bu. Bunu s\u00f6yleyenlere vatans\u0131z diyorsunuz.<br \/>\nKar\u015f\u0131 kom\u015fum Ermeni. Az\u0131nl\u0131klar biliyorsunuz ki devletle ters d\u00fc\u015fmeye korkar. Evimin bas\u0131ld\u0131\u011f\u0131 sabah kom\u015fum hemen gelip, &#8220;Arabam burada, ihtiyac\u0131n\u0131z olan ne varsa hi\u00e7 \u00e7ekinmeden s\u00f6yleyin&#8221; dedi. \u00c7\u00fcnk\u00fc o da biliyor bizim s\u00f6yledi\u011fimiz \u015feyin \u00fclke menfaati i\u00e7in oldu\u011funu. Ermeni soyk\u0131r\u0131m\u0131 iddialar\u0131 plan\u0131n bir par\u00e7as\u0131. Tabii ki \u00fclke savunulurken bir k\u0131y\u0131m olmu\u015f ama kar\u015f\u0131l\u0131kl\u0131 olmu\u015f bu. Rus ar\u015fivleri orada, b\u00fcy\u00fck o\u011flum Mehmet gidip bulabiliyor da onlar m\u0131 bulam\u0131yor. Belgeler de soyk\u0131r\u0131m olmad\u0131\u011f\u0131n\u0131 s\u00f6yl\u00fcyor. Bir g\u00f6\u00e7 var, ka\u00e7\u0131 yollarda \u00f6ld\u00fc bilinmiyor. Ayr\u0131ca seni arkandan vurmak isteyen birine de bir savunma yapacaks\u0131n herhalde.\n<\/p>\n<p style=\"text-align: justify;\"><strong>&#8220;Ba\u015fbu\u011f-K\u0131vr\u0131ko\u011flu zirvesi Ergenekon \u015femas\u0131 y\u00fcz\u00fcnden&#8221;<\/strong><\/p>\n<p style=\"text-align: justify;\"><strong>Tutuklanan pa\u015falardan veya askerlerden daha \u00f6nceden yak\u0131n g\u00f6r\u00fc\u015ft\u00fc\u011f\u00fcn\u00fcz biri var m\u0131?<\/strong><\/p>\n<p style=\"text-align: justify;\">Hi\u00e7birini tan\u0131m\u0131yorum yak\u0131ndan. G\u00f6rmedim bile. Bir tek Tuncer K\u0131l\u0131n\u00e7&#8217;la g\u00f6r\u00fc\u015f\u00fcp oturdum. MGK Genel Sekreteri&#8217;yken, Atat\u00fcrk kitaplar\u0131yla ilgili. Genelkurmay&#8217;da baz\u0131 belgelere ula\u015fam\u0131yorduk.<\/p>\n<p style=\"text-align: justify;\"><strong>Do\u011fu Perin\u00e7ek ifadesinde Ergenekon \u00f6rg\u00fct\u00fcn\u00fcn bir numaras\u0131 H\u00fcseyin K\u0131vr\u0131ko\u011flu dedi. Ayn\u0131 g\u00fcn K\u0131vr\u0131ko\u011flu-Ba\u015fbu\u011f g\u00f6r\u00fc\u015fmesi oldu. Gazetelerde foto\u011fraflar \u00e7\u0131kt\u0131. Bu tesad\u00fcf m\u00fc sizce?<\/strong><\/p>\n<p style=\"text-align: justify;\">M\u0130T&#8217;in Ergenekon \u015femas\u0131 b\u00f6yle. O d\u00f6nem K\u0131vr\u0131ko\u011flu var \u00e7\u00fcnk\u00fc. O d\u00f6nem ordunun hizadan \u00e7\u0131k\u0131\u015f d\u00f6nemi. O da \u0130lker Ba\u015fbu\u011f&#8217;a \u015fema y\u00fcz\u00fcnden gitmi\u015ftir, \u015fema ona da gitmi\u015ftir tabii&#8230; O da &#8220;Bu ne&#8221; diye sormak i\u00e7in gitmi\u015f olabilir. Bilmiyorum a\u00e7\u0131k\u00e7as\u0131.<\/p>\n<p style=\"text-align: justify;\"><strong>Do\u011fu Perin\u00e7ek ifadesinde s\u00f6ylenen su\u00e7lar\u0131 reddetti ama &#8220;3 CD \u00f6zellikle \u00fcst\u00fcm\u00fcze yap\u0131\u015ft\u0131r\u0131l\u0131yor&#8221; dedi. CD&#8217;ler su\u00e7 unsuru ta\u015f\u0131yor san\u0131r\u0131m. Ne varm\u0131\u015f i\u00e7lerinde?<\/strong><\/p>\n<p style=\"text-align: justify;\"><strong><\/strong><br \/>\nYarg\u0131tay&#8217;\u0131n krokisi, Ya\u015far B\u00fcy\u00fckan\u0131t&#8217;a suikast plan\u0131, bir de Tayyip Erdo\u011fan&#8217;\u0131n g\u00fczergah\u0131 varm\u0131\u015f. Tutanaklarda yok bu \u00fc\u00e7 CD.\n<\/p>\n<p style=\"text-align: justify;\"><strong>Do\u011fu&#8217;yla temelde  ayn\u0131y\u0131z ama taktiklerde   farkl\u0131 \u015feyler d\u00fc\u015f\u00fcn\u00fcyoruz<\/strong><\/p>\n<p style=\"text-align: justify;\"><strong>Ka\u00e7 avukat\u0131 var Do\u011fu Perin\u00e7ek&#8217;in?<\/strong><\/p>\n<p style=\"text-align: justify;\">1000&#8217;e yak\u0131n vekalet ald\u0131. Do\u011fu&#8217;nun kendisi de hukuk\u00e7u zaten. Savunmas\u0131n\u0131 kendi yapt\u0131, hatta avukatlar &#8220;Bize i\u015f b\u0131rakmad\u0131n\u0131z&#8221; dedi. Silivri&#8217;de ev tutuldu. Kollektif bir \u00e7al\u0131\u015fma yap\u0131ld\u0131. D\u00f6n\u00fc\u015f\u00fcml\u00fc orada kal\u0131yorlar. 2500 sayfal\u0131k iddianame. Duru\u015fman\u0131n ilk g\u00fcn\u00fc avukatlara k\u0131s\u0131tlama geldi. \u0130\u00e7eriye 3 avukat alabiliyorsunuz. Siyasi olarak farkl\u0131 d\u00fc\u015f\u00fcnd\u00fc\u011f\u00fcm\u00fcz avukatlar da var aralar\u0131nda.<\/p>\n<p style=\"text-align: justify;\"><strong>Do\u011fu Perin\u00e7ek i\u00e7in &#8220;Hayat\u0131 \u00e7eli\u015fkilerle doludur. Devrimci, Maocu, Apocu, Ulusalc\u0131 olmu\u015ftur. K\u0131br\u0131s konusu, K\u00fcrt konusu bunlara \u00e7ok iyi \u00f6rnektir&#8221; diye yaz\u0131yor internette. Ben sizi merak ediyorum. Siz de beraber mi de\u011fi\u015fiyordunuz e\u015finizle, yoksa kavga m\u0131 \u00e7\u0131k\u0131yordu bu de\u011fi\u015fimlerde?<\/strong><\/p>\n<p style=\"text-align: justify;\">Temelde ayn\u0131y\u0131z tabii. Ama siyasette, taktiklerde farkl\u0131 \u015feyler d\u00fc\u015f\u00fcnd\u00fc\u011f\u00fcm\u00fcz oldu. Temelde farkl\u0131 olsayd\u0131k evli de kalmazd\u0131m zaten. Ana \u00e7izgide ayr\u0131 d\u00fc\u015fsek evlili\u011fimi bitirirdim. Ayr\u0131ca siyaset, zaman\u0131na, konjonkt\u00fcre g\u00f6re de\u011fi\u015fmesi gereken bir \u015fey zaten. Baz\u0131 hatalar yap\u0131ld\u0131 bence de ama bunlar\u0131 sonra d\u00fczelttik. K\u0131br\u0131s konusunda dengeler de\u011fi\u015fti diye bak\u0131\u015f\u0131m\u0131z da de\u011fi\u015fti. K\u00fcrtlerin hakk\u0131n\u0131 yine savunuyorum. K\u00fcrt k\u00f6yl\u00fcs\u00fc ile T\u00fcrk k\u00f6yl\u00fcs\u00fcn\u00fc ne olursa olsun ay\u0131ramam. Ama ger\u00e7ek\u00e7i olmak laz\u0131m. Atat\u00fcrk bunu &#8220;maddeyi sevmek&#8221; diye tan\u0131ml\u0131yor. Bug\u00fcn K\u00fcrtleri etnik grup olarak kabul etmek b\u00f6l\u00fcnmektir ve \u00fclke yarar\u0131na de\u011fildir. K\u00fcrtlerin de yarar\u0131na de\u011fildir. \u00c7\u00fcnk\u00fc arkas\u0131nda Amerika var. Buna de\u011fi\u015fmek diyemeyiz. Ger\u00e7ek\u00e7iyiz.<br \/>\nSolculu\u011eun temel\u0130n\u0130n   ulusalcIlIk oldu\u011eunu       d\u00fc\u015e\u00fcn\u00fcyorum.\n<\/p>\n<p style=\"text-align: justify;\"><strong>Dev- Gen\u00e7 ba\u015fkanl\u0131\u011f\u0131ndan arada ba\u015fka duraklara u\u011fray\u0131p, sonunda da ulusalc\u0131 olmak, ger\u00e7ekten tuhaf de\u011fil mi?<\/strong><\/p>\n<p style=\"text-align: justify;\">Solculu\u011fun ulusalc\u0131 olmamak oldu\u011funu varsayd\u0131\u011f\u0131n\u0131z\u0131 anl\u0131yorum sorunuzdan. Ben ulusalc\u0131 oldu\u011fum i\u00e7in solcu oldum. Cumhuriyet\u00e7i bir aileden geldim. Vatan sevgisini \u00f6\u011frendik. Dedem \u00c7anakkale&#8217;de \u015fehit oldu. Babam doktordu ve paras\u0131 olmayana bakan bir doktordu. Solcu olmamdaki yollar b\u00f6yle d\u00f6\u015fendi diye d\u00fc\u015f\u00fcn\u00fcyorum. Solculu\u011fun esas temelinin ulusalc\u0131l\u0131k oldu\u011funu d\u00fc\u015f\u00fcn\u00fcyorum. Memleketini sevmeden ne yapabilirsin ki? Milli demek ba\u015f\u0131 dik olmak demek. Vatan\u0131n\u0131 sevmek demek.<\/p>\n<p style=\"text-align: justify;\">Sol kavram\u0131n\u0131 b\u00f6yle a\u00e7\u0131klamam do\u011frusu ama illa ki bir \u015fey sevmek \u00fczerinden anlatacaksak, sol insan\u0131 sevmektir demeyi tercih ederim. Vatan sevmenin bir ideoloji olmas\u0131 bana tuhaf geliyor. Solcu olma \u00f6yk\u00fcn\u00fcz\u00fc merak ettim a\u00e7\u0131k\u00e7as\u0131.<br \/>\n\u0130stanbul&#8217;dan Ankara&#8217;ya gittim. Doktor olmak istiyordum. Ellerimle yapabilece\u011fim bir \u015fey istiyordum, h\u00e2l\u00e2 da dokunmay\u0131 severim. Lisede Amerika&#8217;ya gitmi\u015ftim. Vietnam sava\u015f\u0131 vard\u0131, bu konuda konu\u015fmalar yap\u0131yordum. Babam istemedi. &#8220;Sana siyaset yak\u0131\u015f\u0131r&#8221; dedi. Babamla Ankara Siyasal&#8217;a kay\u0131t olmaya gittik. \u0130\u015fgal var okulda. Davullar, zurnalar&#8230; D\u00f6nme niyetindeydim asl\u0131nda kald\u0131m. Birinci s\u0131n\u0131fta, ayr\u0131lmalar olmaya ba\u015flad\u0131 sol i\u00e7inde. Kim ne diyor, kimi se\u00e7mek laz\u0131m hi\u00e7 anlayam\u0131yordum. Mesela e\u011fitimlerde yeni devrimci olan arkada\u015flara anlat\u0131rken hi\u00e7 yabanc\u0131 kelime kullanmam o y\u00fczden. Bir g\u00fcn kantindeyim, \u0130\u015f\u00e7i K\u00f6yl\u00fc dergisini satmak i\u00e7in bir grup geldi, masasan\u0131 kurdu. Buz gibi bir hava oldu kantinde. Kavga \u00e7\u0131kacak belli. Hangisi ne diyor bilmiyordum ama o gelenlerin dergilerini satmalar\u0131 haklar\u0131 diye d\u00fc\u015f\u00fcnd\u00fcm. Topuk seslerimi h\u00e2l\u00e2 anlat\u0131rken duyuyorum, masaya do\u011fru y\u00fcr\u00fcd\u00fcm, bir dergi sat\u0131n ald\u0131m. O g\u00fcnden sonra ayd\u0131nl\u0131k\u00e7\u0131 oldum. O d\u00f6nemde tan\u0131\u015ft\u0131k Do\u011fu&#8217;yla ama 1974&#8217;de evlendik.\n<\/p>\n<p style=\"text-align: justify;\"><strong>Peki, solcu olmak ulusalc\u0131 olmakt\u0131r dediniz ya, Ordu da solcu mudur?<\/strong><\/p>\n<p style=\"text-align: justify;\">12 Mart ve 12 Eyl\u00fcl ordusu ile bug\u00fcnk\u00fc ordu aras\u0131nda fark var. Zaten bu fark oldu\u011fu i\u00e7in Ergenekon davas\u0131n\u0131n merkezinde ordu duruyor. Amerika kendisi s\u00f6yledi, ordu hizadan \u00e7\u0131kt\u0131. Dolay\u0131s\u0131yla zaten benim benimseyece\u011fim \u00e7izgiye geldi yani. Bug\u00fcn ordunun bir k\u0131sm\u0131yla ayn\u0131 safdaysam bundan gurur duyar\u0131m. Ben devrimciyim. Devrim yapmak istiyorum \u00fclkede. Bunu ordu g\u00fcc\u00fc olmadan yapabilir miyim? \u00c7ok olmam laz\u0131m zaten. Silahl\u0131 kuvvetiniz olmad\u0131\u011f\u0131 vakit devrim de yapamazs\u0131n\u0131z. \u0130lk ba\u015fta &#8220;Bu insanlarla ne i\u015fimiz var bizim, ayn\u0131 \u00e7at\u0131 alt\u0131na gelmemiz m\u00fcmk\u00fcn olmayanlarla ayn\u0131 anda su\u00e7lan\u0131yoruz&#8221; dedim. \u00c7\u00fcnk\u00fc \u015fundan emindim Ergenekon diye bir \u00f6rg\u00fct yok, bizim de bununla ilgimiz yok. Ba\u015fka birine kefil olamam ama bizim partinin 35 y\u0131ld\u0131r her karar\u0131na imza att\u0131m ben, biliyorum ne oldu\u011funu. Ama sonra anlad\u0131m ki oraya getirilenlerin yanl\u0131\u015flar\u0131, hatalar\u0131 olabilir, su\u00e7lara bula\u015fm\u0131\u015f olabilirler ama oraya getirilme nedenleri hi\u00e7birinin su\u00e7u de\u011fil. Ortak nokta, bulundu\u011fun yerde milli bir tav\u0131r alm\u0131\u015f olman.<\/p>\n<p style=\"text-align: justify;\"><strong>DO\u011eU PER\u0130N\u00c7EK CEZAEV\u0130NDEN YANITLADI<\/strong><\/p>\n<p style=\"text-align: justify;\"><strong>Tolon ve Eruygur Pa\u015falar\u0131n \u00e7\u0131kmas\u0131 beni yaralam\u0131yor aksine seviniyorum.<\/strong><\/p>\n<p style=\"text-align: justify;\"><strong><br \/>\nErgenekon san\u0131klar\u0131ndan en yak\u0131n oldu\u011funuz ki\u015filer kimler?<\/strong>\n<\/p>\n<p style=\"text-align: justify;\">Elbette \u0130\u015f\u00e7i Partisi \u00f6nderleri. Bunun d\u0131\u015f\u0131nda Prof Dr. Emin G\u00fcrses gibi i\u00e7i d\u0131\u015f\u0131 bir, y\u00fcrekli, devrimci ayd\u0131nlar. 21 ki\u015filik ko\u011fu\u015flardan farkl\u0131 olarak, \u00fc\u00e7 h\u00fccreli ko\u011fu\u015fta kal\u0131yorum. \u0130P MKK \u00dcyesi Adnan Akf\u0131rat ve \u0130P Merkez Bas\u0131n B\u00fcrosu Ba\u015fkan\u0131 Hikmet \u00c7i\u00e7ek&#8217;le. Di\u011fer tutuklularla g\u00f6r\u00fc\u015femiyoruz.<\/p>\n<p style=\"text-align: justify;\"><strong>Tolon ve Eruygur&#8217;un hastalanarak d\u0131\u015far\u0131 \u00e7\u0131kmas\u0131 sizi yaral\u0131yor mu?<\/strong><\/p>\n<p style=\"text-align: justify;\">Ni\u00e7in yaralas\u0131n? Sa\u011fl\u0131klar\u0131 bozuldu\u011fu i\u00e7in \u00fcz\u00fcl\u00fcyorum, d\u0131\u015far\u0131 \u00e7\u0131kt\u0131klar\u0131 i\u00e7in seviniyorum. Kuddusi Okk\u0131r resmen \u00f6ld\u00fcr\u00fcld\u00fc. Org. \u015eener Eruygur resmen infaz edildi; bilinci katledildi. Di\u011fer general ve subaylar ger\u00e7ekten hasta olduklar\u0131 i\u00e7in hastaneye g\u00f6t\u00fcr\u00fcld\u00fc ve serbest b\u0131rak\u0131ld\u0131lar.<\/p>\n<p style=\"text-align: justify;\"><strong>Ergenekon tutuklular\u0131ndan Zekeriya \u00d6zt\u00fcrk &#8220;\u0130\u015f\u00e7i Partisi 2003&#8217;ten beri darbeyi bekliyordu&#8221; diye ifade verdi. <\/strong><\/p>\n<p style=\"text-align: justify;\">Ergenekon Davas\u0131&#8217;nda Zekeriya \u00d6zt\u00fcrk&#8217;\u00fcn bilgisayar\u0131ndan \u00e7\u0131kan belgeler, onun 2003 y\u0131l\u0131nda Ulusal Kanal&#8217;a g\u00f6revli olarak yolland\u0131\u011f\u0131n\u0131 kan\u0131tlad\u0131. Mektuplar\u0131 var, kendisini g\u00f6revlendirenlere yazd\u0131\u011f\u0131. Yine yaz\u0131\u015fmalar\u0131 var; ABD El\u00e7ili\u011fi&#8217;yle her g\u00fcn g\u00f6r\u00fc\u015ft\u00fc\u011f\u00fcn\u00fc, ABD ad\u0131na belli karanl\u0131k hizmetler kar\u015f\u0131l\u0131\u011f\u0131 insanlara yurtd\u0131\u015f\u0131na \u00e7\u0131kma olana\u011f\u0131, can g\u00fcvenli\u011fi ve l\u00fcks ya\u015fama g\u00fcvencesi vaat eden. \u00d6zt\u00fcrk, mahkemede bu belgelerin kendisine ait oldu\u011funu kabul etti. Size yaz\u0131l\u0131 ifademi g\u00f6nderiyorum.<\/p>\n<p style=\"text-align: justify;\"><strong>Ayd\u0131nl\u0131k hareketine beraber ba\u015flad\u0131\u011f\u0131n\u0131z Cengiz \u00c7andar, \u015eahin Alpay, Nuri \u00c7olako\u011flu, G\u00fcn Zileli, Soner Yal\u00e7\u0131n ve daha bir\u00e7ok isimle ayr\u0131 d\u00fc\u015ft\u00fcn\u00fcz. Sizi terkettiler. Hepsi mi hatal\u0131? <\/strong><\/p>\n<p style=\"text-align: justify;\">Soner Yal\u00e7\u0131n karde\u015fimizi nas\u0131l o listeye yazars\u0131n\u0131z! Nuri \u00c7olako\u011flu da farkl\u0131d\u0131r; sistemin i\u00e7inde ya\u015fasa da, k\u00f6t\u00fcl\u00fck yapmay\u0131 bilmez. Benim d\u00f6neklerim, Ethem Sancak, \u015eahin Alpay, Halil Berktay, Cengiz \u00c7andar, Hadi Uluengin gibi sistemin entelijansiyas\u0131ndad\u0131r.<\/p>\n<p style=\"text-align: justify;\"><strong>Mihri Belli sizin i\u00e7in &#8220;Perin\u00e7ek, yeterince askere yak\u0131n olmad\u0131\u011f\u0131m\u0131z i\u00e7in bizden ayr\u0131ld\u0131&#8221; demi\u015fti&#8230;<\/strong><\/p>\n<p style=\"text-align: justify;\">O tarihlerde THKO ve THKP\/C i\u00e7indeki militanlardan sorabilirsiniz. 9 Mart sabah\u0131 nas\u0131l darbeyi beklediklerini. Bunu yakaland\u0131ktan sonra 3,5 saat sevgili Deniz Gezmi\u015f&#8217;le de Ulucanlar Hapishanesi&#8217;nde konu\u015ftum. \u0130sterseniz ayr\u0131nt\u0131lar\u0131yla anlat\u0131r\u0131m. Hasan Cemal de bilir, kimlerin darbenin i\u00e7inde, kimlerin d\u0131\u015f\u0131nda ve kar\u015f\u0131s\u0131nda oldu\u011funu. Perin\u00e7ekler kar\u015f\u0131s\u0131ndayd\u0131.<\/p>\n<p style=\"text-align: justify;\"><span style=\"color: #888888;\">Kaynak : Sanem Altan \/ Vatan Gazetesi <\/span><\/p>\n","protected":false},"excerpt":{"rendered":"<p style=\"text-align: center;\">\n<p style=\"text-align: justify;\">Ergenekon, bu milli iradeyi tehlikeli g\u00f6renlerce yarat\u0131ld\u0131.<\/p>\n<p style=\"text-align: justify;\">\u015eule Perin\u00e7ek&#8217;i r\u00f6portaj yapmak i\u00e7in arad\u0131\u011f\u0131mda &#8220;Do\u011fu&#8217;yla da konu\u015fmak ister misiniz&#8221; dedi. Hem cazip geldi hem de g\u00f6z temas\u0131 olmadan hi\u00e7bir r\u00f6portaj\u0131n yeterince ger\u00e7ek olamayaca\u011f\u0131n\u0131 bildi\u011fim i\u00e7in, \u00e7ok da \u00f6nemi yoktu. \u015eule Han\u0131m&#8217;\u0131n g\u00f6zleri daha \u00f6nemliydi. Zaten \u00f6yle de oldu, cezaevinden <\/p>\n","protected":false},"author":1,"featured_media":0,"comment_status":"open","ping_status":"closed","sticky":false,"template":"","format":"standard","meta":{"footnotes":""},"categories":[7],"tags":[],"class_list":["post-5422","post","type-post","status-publish","format-standard","hentry","category-ekonomi","odd"],"_links":{"self":[{"href":"http:\/\/www.korhanyilmaz.com\/index.php?rest_route=\/wp\/v2\/posts\/5422","targetHints":{"allow":["GET"]}}],"collection":[{"href":"http:\/\/www.korhanyilmaz.com\/index.php?rest_route=\/wp\/v2\/posts"}],"about":[{"href":"http:\/\/www.korhanyilmaz.com\/index.php?rest_route=\/wp\/v2\/types\/post"}],"author":[{"embeddable":true,"href":"http:\/\/www.korhanyilmaz.com\/index.php?rest_route=\/wp\/v2\/users\/1"}],"replies":[{"embeddable":true,"href":"http:\/\/www.korhanyilmaz.com\/index.php?rest_route=%2Fwp%2Fv2%2Fcomments&post=5422"}],"version-history":[{"count":0,"href":"http:\/\/www.korhanyilmaz.com\/index.php?rest_route=\/wp\/v2\/posts\/5422\/revisions"}],"wp:attachment":[{"href":"http:\/\/www.korhanyilmaz.com\/index.php?rest_route=%2Fwp%2Fv2%2Fmedia&parent=5422"}],"wp:term":[{"taxonomy":"category","embeddable":true,"href":"http:\/\/www.korhanyilmaz.com\/index.php?rest_route=%2Fwp%2Fv2%2Fcategories&post=5422"},{"taxonomy":"post_tag","embeddable":true,"href":"http:\/\/www.korhanyilmaz.com\/index.php?rest_route=%2Fwp%2Fv2%2Ftags&post=5422"}],"curies":[{"name":"wp","href":"https:\/\/api.w.org\/{rel}","templated":true}]}}