{"id":54217,"date":"2012-08-23T14:14:57","date_gmt":"2012-08-23T11:14:57","guid":{"rendered":"http:\/\/www.korhanyilmaz.com\/?p=54217"},"modified":"2012-08-23T16:07:50","modified_gmt":"2012-08-23T13:07:50","slug":"tsknin-2-numarasi-susukunlugunu-bozdu","status":"publish","type":"post","link":"http:\/\/www.korhanyilmaz.com\/?p=54217","title":{"rendered":"TSK&#8217;n\u0131n 2 numaras\u0131 susukunlu\u011funu bozdu"},"content":{"rendered":"<p style=\"text-align: justify;\"><a href=\"http:\/\/www.korhanyilmaz.com\/wp-content\/uploads\/2012\/08\/H363.jpg\"  class=\"lightview\"><img loading=\"lazy\" decoding=\"async\" class=\"aligncenter size-full wp-image-54218\" title=\"\" src=\"http:\/\/www.korhanyilmaz.com\/wp-content\/uploads\/2012\/08\/H363.jpg\" alt=\"\" width=\"325\" height=\"209\" \/><\/a><\/p>\n<p style=\"text-align: justify;\">Hakkari&#8217;nin \u015eemdinli il\u00e7esi&#8217;nde operasyonlar devam ederken, Kara Kuvvetleri Komutan\u0131 Orgeneral Hayr\u0131 K\u0131vr\u0131ko\u011flu, s\u0131n\u0131r birliklerini denetlemek \u00fczere Hakkari&#8217;ye geldi.<\/p>\n<p style=\"text-align: justify;\">Kara Kuvvetler Komutan\u0131 Orgeneral K\u0131vr\u0131ko\u011flu, 2. Ordu Komutan\u0131 Orgeneral Galip Mendi ve Van Jandarma Asayi\u015f Kolordu Komutan\u0131 Korgeneral Y\u0131ld\u0131r\u0131m G\u00fcven\u00e7&#8217;i ta\u015f\u0131yan helikopter Hakkari Da\u011f ve Komando Tugay komutanl\u0131\u011f\u0131&#8217;na indi. Komutanlar, buradan da geni\u015f g\u00fcvenlik \u00f6nlemleri alt\u0131nda Hakkari Valili\u011fi&#8217;ne ge\u00e7ti.\u00a0<!--more--><\/p>\n<p style=\"text-align: justify;\"><strong>\u2018HALKIMIZ END\u0130\u015eELENMES\u0130N\u2019\u00a0<\/strong><\/p>\n<p style=\"text-align: justify;\">Valilik \u00f6n\u00fcnde Orgeneral K\u0131vr\u0131ko\u011flu ve beraberindeki komutanlar\u0131 Hakkari Valisi Orhan Alimo\u011flu, yard\u0131mc\u0131lar\u0131 ile Emniyet M\u00fcd\u00fcr\u00fc Tufan Erg\u00fcder kar\u015f\u0131lad\u0131. Orgeneral K\u0131vr\u0131ko\u011flu, Valilik \u015feref defterini imzalad\u0131ktan sonra Vali Alimo\u011flu&#8217;nun makam\u0131na ge\u00e7ti. Orgeneral K\u0131vr\u0131ko\u011flu, gezisi ile ilgili burada gazetecilere a\u00e7\u0131klamalarda bulundu. Orgeneral K\u0131vr\u0131ko\u011flu, \u015f\u00f6yle konu\u015ftu:<\/p>\n<p style=\"text-align: justify;\">&#8220;Birliklerimizi denetlemek i\u00e7in geldik. Valimizi ziyaret ettik. Opersyonlarla ilgili bilgi ald\u0131k. 5 \u015fehit, 7 yaral\u0131m\u0131z var. Ama ter\u00f6r \u00f6rg\u00fct\u00fc b\u00fcy\u00fck zaiyat vermi\u015f durumdad\u0131r. Askeri birliklerimiz kahramanca kar\u015f\u0131 koymu\u015flard\u0131r. Gerekli her t\u00fcrl\u00fc \u00f6nlem al\u0131nm\u0131\u015ft\u0131r ve gerekli faaliytler devam edecektir. Bizler her zaman halk\u0131m\u0131z\u0131n yay\u0131nday\u0131z. Halk\u0131m\u0131z endi\u015felenmesin, T\u00fcrk Ordusu, T\u00fcrk Silahl\u0131 Kuvvetleri halk\u0131n birli\u011fi i\u00e7in ve b\u00f6lgenin g\u00fcvenli\u011fini sa\u011flamak i\u00e7in her zaman g\u00f6revine devam edecektir. Valillerimiz kendi b\u00f6lgelerinde gerekli \u00f6nlemleri alm\u0131\u015flard\u0131r. Bizler de onralara yard\u0131mc\u0131 oluyoruz. \u015eehitlerimiz ailelerine tekrar ba\u015fsavl\u0131\u011f\u0131 diliyorum. Ayr\u0131ca Gaziantep olay\u0131 ile ilgili millet\u00e7e ba\u015f\u0131m\u0131z sa\u011folsun. Burada \u015fehitlerimizin cenaze t\u00f6renine de kat\u0131laca\u011f\u0131m&#8221;<\/p>\n<p style=\"text-align: justify;\">Valili\u011fin ard\u0131ndan Karakuvvetleri Komutan\u0131 K\u0131vr\u0131ko\u011flu, 2. Ordu Komutan\u0131 Orgeneral Galip Mendi ve Van Jandarma Asayi\u015f Kolordu Komutan\u0131 Korgeneral Y\u0131ld\u0131r\u0131m G\u00fcven\u00e7 Hakkari Da\u011f ve komando Tugay Komutanl\u0131\u011f\u0131&#8217;nda \u015fehitler i\u00e7in yap\u0131lacak olan t\u00f6rene kat\u0131lacak. (dha)<\/p>\n<p style=\"text-align: justify;\"><a href=\"http:\/\/www.muhalifgazete.com\/46353-TSKnin-2-numarasi-susukunlugunu-bozdu.htm\" target=\"_blank\">Kaynak : Muhalif Gazete<\/a><\/p>\n","protected":false},"excerpt":{"rendered":"<p style=\"text-align: justify;\">\n<p style=\"text-align: justify;\">Hakkari&#8217;nin \u015eemdinli il\u00e7esi&#8217;nde operasyonlar devam ederken, Kara Kuvvetleri Komutan\u0131 Orgeneral Hayr\u0131 K\u0131vr\u0131ko\u011flu, s\u0131n\u0131r birliklerini denetlemek \u00fczere Hakkari&#8217;ye geldi.<\/p>\n<p style=\"text-align: justify;\">Kara Kuvvetler Komutan\u0131 Orgeneral K\u0131vr\u0131ko\u011flu, 2. Ordu Komutan\u0131 Orgeneral Galip Mendi ve Van Jandarma Asayi\u015f Kolordu Komutan\u0131 Korgeneral Y\u0131ld\u0131r\u0131m G\u00fcven\u00e7&#8217;i ta\u015f\u0131yan helikopter Hakkari Da\u011f ve Komando Tugay komutanl\u0131\u011f\u0131&#8217;na indi. Komutanlar, <\/p>\n","protected":false},"author":1,"featured_media":0,"comment_status":"open","ping_status":"open","sticky":false,"template":"","format":"standard","meta":{"footnotes":""},"categories":[105],"tags":[],"class_list":["post-54217","post","type-post","status-publish","format-standard","hentry","category-gundem","odd"],"_links":{"self":[{"href":"http:\/\/www.korhanyilmaz.com\/index.php?rest_route=\/wp\/v2\/posts\/54217","targetHints":{"allow":["GET"]}}],"collection":[{"href":"http:\/\/www.korhanyilmaz.com\/index.php?rest_route=\/wp\/v2\/posts"}],"about":[{"href":"http:\/\/www.korhanyilmaz.com\/index.php?rest_route=\/wp\/v2\/types\/post"}],"author":[{"embeddable":true,"href":"http:\/\/www.korhanyilmaz.com\/index.php?rest_route=\/wp\/v2\/users\/1"}],"replies":[{"embeddable":true,"href":"http:\/\/www.korhanyilmaz.com\/index.php?rest_route=%2Fwp%2Fv2%2Fcomments&post=54217"}],"version-history":[{"count":0,"href":"http:\/\/www.korhanyilmaz.com\/index.php?rest_route=\/wp\/v2\/posts\/54217\/revisions"}],"wp:attachment":[{"href":"http:\/\/www.korhanyilmaz.com\/index.php?rest_route=%2Fwp%2Fv2%2Fmedia&parent=54217"}],"wp:term":[{"taxonomy":"category","embeddable":true,"href":"http:\/\/www.korhanyilmaz.com\/index.php?rest_route=%2Fwp%2Fv2%2Fcategories&post=54217"},{"taxonomy":"post_tag","embeddable":true,"href":"http:\/\/www.korhanyilmaz.com\/index.php?rest_route=%2Fwp%2Fv2%2Ftags&post=54217"}],"curies":[{"name":"wp","href":"https:\/\/api.w.org\/{rel}","templated":true}]}}