{"id":54213,"date":"2012-08-23T15:13:23","date_gmt":"2012-08-23T12:13:23","guid":{"rendered":"http:\/\/www.korhanyilmaz.com\/?p=54213"},"modified":"2012-08-23T16:02:38","modified_gmt":"2012-08-23T13:02:38","slug":"kacirilan-ak-parti-ilce-baskani-serbest-birakildi","status":"publish","type":"post","link":"http:\/\/www.korhanyilmaz.com\/?p=54213","title":{"rendered":"Ka\u00e7\u0131r\u0131lan AK Parti \u0130l\u00e7e Ba\u015fkan\u0131 serbest b\u0131rak\u0131ld\u0131"},"content":{"rendered":"<p style=\"text-align: justify;\"><a href=\"http:\/\/www.korhanyilmaz.com\/wp-content\/uploads\/2012\/08\/H362.jpg\"  class=\"lightview\"><img loading=\"lazy\" decoding=\"async\" class=\"aligncenter size-full wp-image-54214\" title=\"\" src=\"http:\/\/www.korhanyilmaz.com\/wp-content\/uploads\/2012\/08\/H362.jpg\" alt=\"\" width=\"325\" height=\"224\" \/><\/a><\/p>\n<p style=\"text-align: justify;\">PKK&#8217;l\u0131lar taraf\u0131ndan ka\u00e7\u0131r\u0131lan AK Parti G\u00fcrp\u0131nar \u0130l\u00e7e Ba\u015fkan\u0131 Hayrullah Tan\u0131\u015f&#8217;\u0131n serbest b\u0131rak\u0131ld\u0131\u011f\u0131 bildirildi.<\/p>\n<p style=\"text-align: justify;\">(DHA) &#8212; PKK&#8217;l\u0131lar taraf\u0131ndan 2 Temmuz&#8217;da ka\u00e7\u0131r\u0131lan AK Parti Van G\u00fcrp\u0131nar \u0130l\u00e7e Ba\u015fkan\u0131 Hayrullah Tan\u0131\u015f&#8217;\u0131n bug\u00fcn serbest b\u0131rak\u0131laca\u011f\u0131 bilgisi \u00fczerine, baz\u0131 sivil toplum \u00f6rg\u00fctleri ve Tan\u0131\u015f&#8217;\u0131n 2 yak\u0131n\u0131 d\u00fcn Kuzey Irak&#8217;a gitti.<\/p>\n<p style=\"text-align: justify;\">Van merkezde 52 g\u00fcn \u00f6nce ka\u00e7\u0131r\u0131lan G\u00fcrp\u0131nar Ak Parti \u0130l\u00e7e Ba\u015fkan\u0131 46 ya\u015f\u0131ndaki 3 \u00e7ocuk babas\u0131 Hayrullah Tan\u0131\u015f i\u00e7in \u0130HD Van \u015eubesi, Mazlum-Der ve Tan\u0131\u015f&#8217;\u0131n yak\u0131nlar\u0131 bir\u00e7ok kez bas\u0131n a\u00e7\u0131klamas\u0131 yaparak b\u0131rak\u0131lmas\u0131n\u0131 istedi. Hayrullah Tan\u0131\u015f&#8217;\u0131n bayramdan \u00f6nce b\u0131rak\u0131laca\u011f\u0131 haberleri \u00fczerine Kuzey Irak&#8217;a giden \u0130HD, Mazlum-Der ve aileden 2 ki\u015fi Tan\u0131\u015f&#8217;\u0131 alamadan geri d\u00f6nm\u00fc\u015ft\u00fc.\u00a0<!--more--><\/p>\n<p style=\"text-align: justify;\">PKK&#8217;ya yak\u0131nl\u0131\u011f\u0131 ile bilinen bir internet sitesinde Tan\u0131\u015f&#8217;\u0131n bug\u00fcn b\u0131rak\u0131laca\u011f\u0131 haberi \u00fczerine \u0130HD ve Mazlum-Der yeniden harekete ge\u00e7ti ve Tan\u0131\u015f&#8217;\u0131n 2 yak\u0131n\u0131yla birlikte d\u00fcn Kuzey Irak&#8217;a gitti.<\/p>\n<p style=\"text-align: justify;\">PKK&#8217;l\u0131lar taraf\u0131ndan ka\u00e7\u0131r\u0131lan AK Parti G\u00fcrp\u0131nar \u0130l\u00e7e Ba\u015fkan\u0131 Hayrullah Tan\u0131\u015f&#8217;\u0131n serbest b\u0131rak\u0131ld\u0131\u011f\u0131 bildirildi. Tan\u0131\u015f&#8217;\u0131n bir yak\u0131n\u0131n verdi\u011fi bilgiye g\u00f6re Hayrullah Tan\u0131\u015f, PKK&#8217;l\u0131lar taraf\u0131ndan serbest b\u0131rak\u0131ld\u0131.<\/p>\n<p style=\"text-align: justify;\"><strong>Belediye Ba\u015fkan\u0131: &#8220;Tercihini da\u011fdan yana kullanan\u0131 geri getirmem&#8221;\u00a0<\/strong><\/p>\n<p style=\"text-align: justify;\">\u00d6te yandan, \u015e\u0131rnak&#8217;\u0131n Beyt\u00fc\u015f\u015febap il\u00e7esinde Cin ve Temal ailelerinin fertleri aras\u0131nda kavga ya\u015fanm\u0131\u015f ve gerek\u00e7esi olarak da &#8220;3 \u00e7ocu\u011fun para kar\u015f\u0131l\u0131\u011f\u0131 PKK&#8217;ya teslim edildi\u011fi, Beyt\u00fc\u015f\u015febap Belediye Ba\u015fkan\u0131 Yusuf Temel&#8217;in de \u00e7ocuklar\u0131 geri almaya \u00e7al\u0131\u015fmas\u0131&#8221; s\u00f6ylenmi\u015fti. Buna ili\u015fkin a\u00e7\u0131klama yapan BDP&#8217;li Belediye Ba\u015f\u015fakan\u0131 Yusuf Temel, \u015funlar\u0131 s\u00f6yledi:<\/p>\n<p style=\"text-align: justify;\">&#8220;\u00c7ocuklar kavga etmi\u015f ve bu kavga b\u00fcy\u00fcm\u00fc\u015f. Kavgan\u0131n sebebi da\u011fa \u00e7\u0131kan \u00e7ocuklar\u0131n kurtar\u0131lmas\u0131 yada geri getirilmesine y\u00f6nelik de\u011fildir. Da\u011fa giden gen\u00e7lerin para kar\u015f\u0131l\u0131\u011f\u0131 g\u00f6nderildi\u011fi iddialar\u0131 da as\u0131ls\u0131zd\u0131r. Benim, tercihini da\u011fdan yana kullanan \u00e7ocuklar\u0131 geri getirme \u00e7abam olamaz. Benim o\u011fluma sald\u0131r\u0131 maksad\u0131yla evime sald\u0131r\u0131 olmu\u015ftur. Bizim \u00e7ocuklar\u0131m\u0131z\u0131 88 y\u0131ll\u0131k imha ve inkar politikalardan kurtarma \u00e7abam\u0131z vard\u0131r. \u00c7ocuklar\u0131n para kar\u015f\u0131l\u0131\u011f\u0131 da\u011fda sava\u015ft\u0131r\u0131lmas\u0131 do\u011fru de\u011fildir. Bar\u0131\u015f ve kanaat \u00f6nderleri ile partimizin araya girmesi ile iki aile bar\u0131\u015ft\u0131r\u0131ld\u0131. \u0130ki ailede ayn\u0131 parti \u00e7at\u0131s\u0131 alt\u0131nda siyaset yap\u0131yor. \u015eu anda aram\u0131zda her hangi bir sorun yoktur. \u0130l\u00e7ede her hangi bir gerginlik s\u00f6z konusu de\u011fildir. Biz y\u0131llard\u0131r m\u00fccadele etti\u011fimiz feodalizm ve a\u015firet yap\u0131s\u0131 g\u00fcndeme getirilerek yeniden \u00e7at\u0131\u015ft\u0131r\u0131lmak isteniyoruz.&#8221;<\/p>\n<p style=\"text-align: justify;\">BDP \u015e\u0131rnak milletvekili Hasip Kaplan ise, Belediye Ba\u015fkan\u0131 Yusuf Temel&#8217;in ailesi ile Cin ailesinin BDP i\u00e7erisinde siyaset yapt\u0131\u011f\u0131 ve Belediye Meclisi \u00fcyelerinden baz\u0131lar\u0131n\u0131n Cin ailesinden oldu\u011funu belirterek, &#8220;Bayram\u0131n ikinci g\u00fcn\u00fc gittik aileleri bar\u0131\u015ft\u0131rd\u0131k. her hangi bir sorun yoktur. \u00c7ocuklar aras\u0131nda ba\u015flayan bir kavga var. Bunu bar\u0131\u015f ile sonu\u00e7land\u0131rd\u0131k&#8221; diye konu\u015ftu.<\/p>\n<p style=\"text-align: justify;\"><a href=\"http:\/\/www.cnnturk.com\/2012\/guncel\/08\/23\/kacirilan.ak.parti.ilce.baskani.serbest.birakildi\/673966.0\/index.html\" target=\"_blank\">Kaynak : CNN T\u00dcRK<\/a><\/p>\n","protected":false},"excerpt":{"rendered":"<p style=\"text-align: justify;\">\n<p style=\"text-align: justify;\">PKK&#8217;l\u0131lar taraf\u0131ndan ka\u00e7\u0131r\u0131lan AK Parti G\u00fcrp\u0131nar \u0130l\u00e7e Ba\u015fkan\u0131 Hayrullah Tan\u0131\u015f&#8217;\u0131n serbest b\u0131rak\u0131ld\u0131\u011f\u0131 bildirildi.<\/p>\n<p style=\"text-align: justify;\">(DHA) &#8212; PKK&#8217;l\u0131lar taraf\u0131ndan 2 Temmuz&#8217;da ka\u00e7\u0131r\u0131lan AK Parti Van G\u00fcrp\u0131nar \u0130l\u00e7e Ba\u015fkan\u0131 Hayrullah Tan\u0131\u015f&#8217;\u0131n bug\u00fcn serbest b\u0131rak\u0131laca\u011f\u0131 bilgisi \u00fczerine, baz\u0131 sivil toplum \u00f6rg\u00fctleri ve Tan\u0131\u015f&#8217;\u0131n 2 yak\u0131n\u0131 d\u00fcn Kuzey Irak&#8217;a gitti.<\/p>\n<p style=\"text-align: justify;\">Van <\/p>\n","protected":false},"author":1,"featured_media":0,"comment_status":"open","ping_status":"open","sticky":false,"template":"","format":"standard","meta":{"footnotes":""},"categories":[105],"tags":[],"class_list":["post-54213","post","type-post","status-publish","format-standard","hentry","category-gundem","odd"],"_links":{"self":[{"href":"http:\/\/www.korhanyilmaz.com\/index.php?rest_route=\/wp\/v2\/posts\/54213","targetHints":{"allow":["GET"]}}],"collection":[{"href":"http:\/\/www.korhanyilmaz.com\/index.php?rest_route=\/wp\/v2\/posts"}],"about":[{"href":"http:\/\/www.korhanyilmaz.com\/index.php?rest_route=\/wp\/v2\/types\/post"}],"author":[{"embeddable":true,"href":"http:\/\/www.korhanyilmaz.com\/index.php?rest_route=\/wp\/v2\/users\/1"}],"replies":[{"embeddable":true,"href":"http:\/\/www.korhanyilmaz.com\/index.php?rest_route=%2Fwp%2Fv2%2Fcomments&post=54213"}],"version-history":[{"count":0,"href":"http:\/\/www.korhanyilmaz.com\/index.php?rest_route=\/wp\/v2\/posts\/54213\/revisions"}],"wp:attachment":[{"href":"http:\/\/www.korhanyilmaz.com\/index.php?rest_route=%2Fwp%2Fv2%2Fmedia&parent=54213"}],"wp:term":[{"taxonomy":"category","embeddable":true,"href":"http:\/\/www.korhanyilmaz.com\/index.php?rest_route=%2Fwp%2Fv2%2Fcategories&post=54213"},{"taxonomy":"post_tag","embeddable":true,"href":"http:\/\/www.korhanyilmaz.com\/index.php?rest_route=%2Fwp%2Fv2%2Ftags&post=54213"}],"curies":[{"name":"wp","href":"https:\/\/api.w.org\/{rel}","templated":true}]}}