{"id":54209,"date":"2012-08-23T14:12:56","date_gmt":"2012-08-23T11:12:56","guid":{"rendered":"http:\/\/www.korhanyilmaz.com\/?p=54209"},"modified":"2012-08-23T15:56:58","modified_gmt":"2012-08-23T12:56:58","slug":"saldirinin-sorumlusu-giden-mudur","status":"publish","type":"post","link":"http:\/\/www.korhanyilmaz.com\/?p=54209","title":{"rendered":"&#8216;Sald\u0131r\u0131n\u0131n sorumlusu giden m\u00fcd\u00fcr!&#8217;"},"content":{"rendered":"<p style=\"text-align: center;\"><a href=\"http:\/\/www.korhanyilmaz.com\/wp-content\/uploads\/2012\/08\/H361.jpg\"  class=\"lightview\"><img loading=\"lazy\" decoding=\"async\" class=\"aligncenter  wp-image-54210\" src=\"http:\/\/www.korhanyilmaz.com\/wp-content\/uploads\/2012\/08\/H361.jpg\" alt=\"\" width=\"434\" height=\"217\" \/><\/a><\/p>\n<p style=\"text-align: justify;\">&#8216;Bilgi saklayarak faciaya neden olmu\u015f olabilir. Kendi gitti, ekibi neden i\u015fba\u015f\u0131nda? Antep\u2019te y\u00f6netim zafiyeti var. Facian\u0131n sorumlusu giden m\u00fcd\u00fcr.&#8217;<\/p>\n<p style=\"text-align: justify;\">Ak Parti Gaziantep Milletvekili \u015eamil Tayyar, 9 ki\u015finin \u00f6ld\u00fc\u011f\u00fc patlamadan \u00f6nce g\u00f6revden al\u0131nan Gaziantep \u0130stihbarat \u015eube M\u00fcd\u00fcr\u00fc \u00dcmit \u00d6nal\u2019\u0131 su\u00e7layarak, \u201cHatay\u2019a giderken sahip oldu\u011fu istihbarat bilgilerini saklayarak b\u00f6yle bir faciaya neden olmu\u015f olabilir\u201d dedi. Gaziantep Emniyet M\u00fcd\u00fcr\u00fc S\u00fcleyman O\u011fuz\u2019un da s\u00fcreci iyi y\u00f6netemedi\u011fini iddia eden Tayyar, \u201cOrada istihbarat de\u011fil y\u00f6netim zaaf\u0131 var. Polis, bakanlar\u0131 \u015fehit cenazesinden ka\u00e7\u0131rmak zorunda kald\u0131\u201d iddias\u0131nda bulundu.<!--more--><\/p>\n<p style=\"text-align: justify;\">Tayyar, Gaziantep polisine y\u00f6nelik \u015fu iddialarda bulundu:<\/p>\n<p style=\"text-align: justify;\"><strong>PATLAMADAN \u00d6NCE G\u0130TT\u0130\u00a0<\/strong><\/p>\n<p style=\"text-align: justify;\">\u201cGaziantep Emniyet M\u00fcd\u00fcrl\u00fc\u011f\u00fc \u0130stihbarat \u015eube M\u00fcd\u00fcr\u00fc\u2019n\u00fcn g\u00f6revden al\u0131nd\u0131\u011f\u0131n\u0131 yeni duydum. Hangi gerek\u00e7eyle al\u0131nd\u0131\u011f\u0131n\u0131 bilmiyorum. \u015e\u00f6yle s\u00f6yleyeyim, g\u00f6revden al\u0131nal\u0131 bir hafta oldu, olmad\u0131. Patlamadan \u00f6nce g\u00f6revden al\u0131nd\u0131. Kendisi Hatay\u2019a g\u00f6nderildi. Hatay \u0130stihbarat M\u00fcd\u00fcr\u00fc de Gaziantep\u2019e geldi. Ben bu g\u00f6revden alman\u0131n patlamayla ilgisi olmad\u0131\u011f\u0131n\u0131 tahmin ediyorum. Gaziantep\u2019te bir ba\u015far\u0131s\u0131zl\u0131\u011f\u0131 vard\u0131.<\/p>\n<p style=\"text-align: justify;\"><strong>T\u00dcM B\u0130LG\u0130LER\u0130 SAKLADI\u00a0<\/strong><\/p>\n<p style=\"text-align: justify;\">Patlamadan iki hafta \u00f6nce bu ara\u00e7 i\u00e7in Urfa\u2019dan uyar\u0131lar geliyor. Gaziantep emniyeti i\u00e7 telsiz haberle\u015fmesinde kente bu arac\u0131n gelece\u011fi y\u00f6n\u00fcnde t\u00fcm birimlere plaka anonslar\u0131 yap\u0131yor. Bunlar yap\u0131l\u0131rken istihbarat m\u00fcd\u00fcr\u00fc g\u00f6revde. Ancak bu arac\u0131 bulam\u0131yorlar. O zaman \u015feytan\u0131n avukatl\u0131\u011f\u0131n\u0131 yaparak \u015f\u00f6yle d\u00fc\u015f\u00fcnmek gerekir. \u0130stihbarat m\u00fcd\u00fcr\u00fc g\u00f6revden giderken sahip oldu\u011fu t\u00fcm bilgileri saklayarak b\u00f6yle bir faciaya neden olmu\u015f olabilir. \u015eu anda Gaziantep\u2019teki t\u00fcm ekip onun ekibi. Kendi gitti ama ekibi h\u00e2l\u00e2 orada duruyor. Giden m\u00fcd\u00fcr oradaki kirli yap\u0131n\u0131n en \u00f6nemli m\u00fcsebbibidir. Ekibi h\u00e2l\u00e2 i\u015fba\u015f\u0131ndad\u0131r. Ba\u015far\u0131s\u0131zl\u0131k varsa kendi kurdu\u011fu ekipten kaynaklan\u0131yor. Sonu\u00e7ta m\u00fcd\u00fcr gitti diye t\u00fcm ekip da\u011f\u0131t\u0131lmad\u0131 ki.<\/p>\n<p style=\"text-align: justify;\"><strong>KORUMAYI BECEREMED\u0130LER\u00a0<\/strong><\/p>\n<p style=\"text-align: justify;\">Gaziantep\u2019te asl\u0131nda istihbarat de\u011fil y\u00f6netim zafiyeti var. Ben patlamadan 6.5 saat \u00f6nce \u015fehirde yapt\u0131\u011f\u0131m\u0131z toplant\u0131da \u2018Ter\u00f6r kent giri\u015findeki Ba\u015fp\u0131nar semtine kadar dayand\u0131\u2019 dedim. Bu bilgiler bana kadar geliyorsa istihbarat sorunu yoktur. Bu bilgiler b\u00fcrokrasi \u00e7ark\u0131nda \u00f6\u011f\u00fct\u00fcl\u00fcyor. Y\u00f6netim beceriksizli\u011fi var. Gaziantep Emniyet M\u00fcd\u00fcr\u00fc (S\u00fcleyman O\u011fuz) s\u00fcreci iyi y\u00f6netemedi. Gaziantep\u2019in g\u00f6be\u011finde \u015fehit cenazesinde gelen tepkiler \u00fczerine polis bakanlar\u0131 ka\u00e7\u0131rmak zorunda kal\u0131yor. Bakanlar\u0131 korumay\u0131 beceremediler.\u201d<\/p>\n<p style=\"text-align: justify;\"><strong>D\u0130NLEME SORU\u015eTURMASI KAPATILDI\u00a0<\/strong><\/p>\n<p style=\"text-align: justify;\">AK Partili Tayyar, ge\u00e7mi\u015fte dinleme iddialar\u0131n\u0131 g\u00fcndeme getirerek, adres olarak da Gaziantep Emniyeti\u2019ni i\u015faret etmi\u015fti. \u201cEmniyet i\u00e7inde de baz\u0131 yerel siyasi unsurlar ve \u00e7\u0131kar odaklar\u0131yla irtibatl\u0131 gruplar var\u201d diyen Tayyar konunun ara\u015ft\u0131r\u0131lmas\u0131 i\u00e7in \u0130\u00e7i\u015fleri Bakan\u0131\u2019na ba\u015fvurmu\u015ftu.<\/p>\n<p style=\"text-align: justify;\">Dinleme iddias\u0131yla ilgili 2 polis m\u00fcfetti\u015fi g\u00f6revlendirildi\u011fini s\u00f6yleyen Tayyar, Gaziantep Emniyeti \u0130stihbarat M\u00fcd\u00fcr\u00fc \u00dcmit \u00d6nal\u2019\u0131n dinlemeyle ilgili g\u00f6revden al\u0131nmad\u0131\u011f\u0131n\u0131 kaydetti. \u201cBu soru\u015fturman\u0131n kapat\u0131ld\u0131\u011f\u0131n\u0131 d\u00fc\u015f\u00fcn\u00fcyorum\u201d diyen Tayyar, \u015f\u00f6yle konu\u015ftu:<\/p>\n<p style=\"text-align: justify;\"><strong>UZAYDAN MI YAPILIYOR?\u00a0<\/strong><\/p>\n<p style=\"text-align: justify;\">\u201cDinlemeyle ilgili de\u011fil, onun i\u00e7in iki polis m\u00fcfetti\u015fi g\u00f6revlendirildi. Biz ara\u015ft\u0131rd\u0131k ama bir \u015fey bulamad\u0131k. Ama bu incelemelerden bir sonu\u00e7 \u00e7\u0131kmayaca\u011f\u0131n\u0131 biliyorduk. T\u00fcrkiye\u2019nin hi\u00e7bir yerinde dinlemeyle ilgili hi\u00e7bir yerde bir \u015fey ortaya \u00e7\u0131kmad\u0131. Hukuk d\u0131\u015f\u0131 dinleme yok mu? Bunlar uzaydan m\u0131 yap\u0131l\u0131yor? Hukuk d\u0131\u015f\u0131 dinleme soru\u015fturmalar\u0131 kapat\u0131l\u0131yor. Bu soru\u015fturman\u0131n da kapat\u0131ld\u0131\u011f\u0131n\u0131 d\u00fc\u015f\u00fcn\u00fcyorum.\u201d (H\u00fcrriyet)<\/p>\n<p style=\"text-align: justify;\"><strong>BECER\u0130KS\u0130ZLERE EL \u00c7EKT\u0130R\u0130LMEL\u0130\u00a0<\/strong><\/p>\n<p style=\"text-align: justify;\">Tayyar, Habert\u00fcrk TV\u2019de kat\u0131ld\u0131\u011f\u0131 programda da \u00f6zetle \u015funlar\u0131 s\u00f6yledi:<\/p>\n<p style=\"text-align: justify;\">\u201cGaziantep\u2019te olaydan sorumlu olan beceriksizler tespit edilip g\u00f6revden el \u00e7ektirilmelidir. Orada birinci sorumlu Emniyet M\u00fcd\u00fcr\u00fcd\u00fcr. Ter\u00f6rle m\u00fccadele bilgi sahibi de\u011fil, trafikten sorumluydu istihbarat konusunda yetersiz. Gaziantep gibi hareketli bir \u015fehri y\u00f6netmekte zorlan\u0131yor. Bu sald\u0131r\u0131lar\u0131n arkas\u0131nda Suriye istihbarat\u0131n\u0131n deste\u011fi var. Bu eylemlerle T\u00fcrkiye, Suriye\u2019de operasyona zorlan\u0131yor.<\/p>\n<p style=\"text-align: justify;\">Bu oyunun iyi okunmas\u0131 gerekiyor. E\u011fer Suriye\u2019ye operasyon yaparsak o zaman oyunlar\u0131na gelmi\u015f oluruz. B\u00f6lgede Gaziantep, \u015eanl\u0131urfa, Hatay, Adana, Mersin, Kilis ve Ad\u0131yaman tehdit alt\u0131nda olan illerdir. PKK, T\u00fcrkiye\u2019nin her yerinde eylem yapabilece\u011fini g\u00f6stermeye \u00e7al\u0131\u015f\u0131yor. Bu iller de bat\u0131ya a\u00e7\u0131lan yollar\u0131n g\u00fczergah\u0131ndad\u0131r.\u201d<\/p>\n<p style=\"text-align: justify;\"><a href=\"http:\/\/haber.gazetevatan.com\/saldirinin-sorumlusu-giden-mudur\/476191\/1\/G%C3%BCndem#.UDYnucHN-Zc\" target=\"_blank\">Kaynak : VATAN Gazetesi<\/a><\/p>\n","protected":false},"excerpt":{"rendered":"<p style=\"text-align: center;\">\n<p style=\"text-align: justify;\">&#8216;Bilgi saklayarak faciaya neden olmu\u015f olabilir. Kendi gitti, ekibi neden i\u015fba\u015f\u0131nda? Antep\u2019te y\u00f6netim zafiyeti var. Facian\u0131n sorumlusu giden m\u00fcd\u00fcr.&#8217;<\/p>\n<p style=\"text-align: justify;\">Ak Parti Gaziantep Milletvekili \u015eamil Tayyar, 9 ki\u015finin \u00f6ld\u00fc\u011f\u00fc patlamadan \u00f6nce g\u00f6revden al\u0131nan Gaziantep \u0130stihbarat \u015eube M\u00fcd\u00fcr\u00fc \u00dcmit \u00d6nal\u2019\u0131 su\u00e7layarak, \u201cHatay\u2019a giderken sahip oldu\u011fu istihbarat bilgilerini saklayarak b\u00f6yle bir <\/p>\n","protected":false},"author":1,"featured_media":0,"comment_status":"open","ping_status":"open","sticky":false,"template":"","format":"standard","meta":{"footnotes":""},"categories":[105],"tags":[],"class_list":["post-54209","post","type-post","status-publish","format-standard","hentry","category-gundem","odd"],"_links":{"self":[{"href":"http:\/\/www.korhanyilmaz.com\/index.php?rest_route=\/wp\/v2\/posts\/54209","targetHints":{"allow":["GET"]}}],"collection":[{"href":"http:\/\/www.korhanyilmaz.com\/index.php?rest_route=\/wp\/v2\/posts"}],"about":[{"href":"http:\/\/www.korhanyilmaz.com\/index.php?rest_route=\/wp\/v2\/types\/post"}],"author":[{"embeddable":true,"href":"http:\/\/www.korhanyilmaz.com\/index.php?rest_route=\/wp\/v2\/users\/1"}],"replies":[{"embeddable":true,"href":"http:\/\/www.korhanyilmaz.com\/index.php?rest_route=%2Fwp%2Fv2%2Fcomments&post=54209"}],"version-history":[{"count":0,"href":"http:\/\/www.korhanyilmaz.com\/index.php?rest_route=\/wp\/v2\/posts\/54209\/revisions"}],"wp:attachment":[{"href":"http:\/\/www.korhanyilmaz.com\/index.php?rest_route=%2Fwp%2Fv2%2Fmedia&parent=54209"}],"wp:term":[{"taxonomy":"category","embeddable":true,"href":"http:\/\/www.korhanyilmaz.com\/index.php?rest_route=%2Fwp%2Fv2%2Fcategories&post=54209"},{"taxonomy":"post_tag","embeddable":true,"href":"http:\/\/www.korhanyilmaz.com\/index.php?rest_route=%2Fwp%2Fv2%2Ftags&post=54209"}],"curies":[{"name":"wp","href":"https:\/\/api.w.org\/{rel}","templated":true}]}}