{"id":54205,"date":"2012-08-23T12:34:41","date_gmt":"2012-08-23T09:34:41","guid":{"rendered":"http:\/\/www.korhanyilmaz.com\/?p=54205"},"modified":"2012-08-23T15:43:56","modified_gmt":"2012-08-23T12:43:56","slug":"idilde-karakola-saldiri","status":"publish","type":"post","link":"http:\/\/www.korhanyilmaz.com\/?p=54205","title":{"rendered":"\u0130dil&#8217;de karakola sald\u0131r\u0131"},"content":{"rendered":"<p style=\"text-align: center;\"><a href=\"http:\/\/www.korhanyilmaz.com\/wp-content\/uploads\/2012\/08\/H359.jpg\"  class=\"lightview\"><img loading=\"lazy\" decoding=\"async\" class=\"aligncenter  wp-image-54206\" src=\"http:\/\/www.korhanyilmaz.com\/wp-content\/uploads\/2012\/08\/H359.jpg\" alt=\"\" width=\"296\" height=\"222\" \/><\/a><\/p>\n<p style=\"text-align: justify;\">\u015e\u0131rnak&#8217;\u0131n \u0130dil il\u00e7esi ile Mardin&#8217;in Midyat il\u00e7esi aras\u0131nda bulunan Ma\u011fara k\u00f6y\u00fc Jandarma Karakoluna d\u00fcn ak\u015fam saatlerinde PKK&#8217;liler roketatar ve uzun namlulu silahlarla sald\u0131rd\u0131.<\/p>\n<p style=\"text-align: justify;\">\u0130stanbul &#8211; G\u00fcvenlik g\u00fc\u00e7lerinin kar\u015f\u0131l\u0131k vermesi \u00fczerine \u00e7at\u0131\u015fma \u00e7\u0131kt\u0131. Yakla\u015f\u0131k yar\u0131m saat s\u00fcren \u00e7at\u0131\u015fmadan sonra PKK&#8217;liler b\u00f6lgeden ka\u00e7arak uzakla\u015ft\u0131. B\u00f6lgede sabah saatlerinde hava destekli geni\u015f \u00e7apl\u0131 operasyon ba\u015flat\u0131ld\u0131.\u00a0<!--more--><\/p>\n<p style=\"text-align: justify;\">\u0130dil-Midyat karayolu \u00fczerinde ve \u0130dil&#8217;e 35 kilometre uzakl\u0131ktaki Ma\u011fara K\u00f6y\u00fc&#8217;ndeki Jandarma Karakoluna d\u00fcn saat 20.30 s\u0131ralar\u0131nda bir grup PKK&#8217;li taraf\u0131ndan roketatar ve uzun namlulu silahnlarla sald\u0131r\u0131 d\u00fczenlendi. Sald\u0131r\u0131ya karakolda bulunan askerlerin kar\u015f\u0131l\u0131k vermesi sonucu yakla\u015f\u0131k yar\u0131m saat s\u00fcren \u00e7at\u0131\u015fma \u00e7\u0131kt\u0131.<\/p>\n<p style=\"text-align: justify;\">\u00c7at\u0131\u015fman\u0131n sonu\u00e7lar\u0131 ile ilgili resmi bir a\u00e7\u0131klama yap\u0131lmazken, PKK&#8217;liler gece karanl\u0131\u011f\u0131ndan yararlanarak da\u011fl\u0131k alana ka\u00e7t\u0131. B\u00f6lgede sabah saatlerinden itaberen hava destekli geni\u015f \u00e7apl\u0131 operasyon ba\u015flat\u0131ld\u0131.<\/p>\n<p style=\"text-align: justify;\"><a href=\"http:\/\/www.cumhuriyet.com.tr\/?hn=361006\" target=\"_blank\">Kaynak : Cumhuriyet Haber Portal\u0131<\/a><\/p>\n","protected":false},"excerpt":{"rendered":"<p style=\"text-align: center;\">\n<p style=\"text-align: justify;\">\u015e\u0131rnak&#8217;\u0131n \u0130dil il\u00e7esi ile Mardin&#8217;in Midyat il\u00e7esi aras\u0131nda bulunan Ma\u011fara k\u00f6y\u00fc Jandarma Karakoluna d\u00fcn ak\u015fam saatlerinde PKK&#8217;liler roketatar ve uzun namlulu silahlarla sald\u0131rd\u0131.<\/p>\n<p style=\"text-align: justify;\">\u0130stanbul &#8211; G\u00fcvenlik g\u00fc\u00e7lerinin kar\u015f\u0131l\u0131k vermesi \u00fczerine \u00e7at\u0131\u015fma \u00e7\u0131kt\u0131. Yakla\u015f\u0131k yar\u0131m saat s\u00fcren \u00e7at\u0131\u015fmadan sonra PKK&#8217;liler b\u00f6lgeden ka\u00e7arak uzakla\u015ft\u0131. B\u00f6lgede sabah saatlerinde hava destekli geni\u015f <\/p>\n","protected":false},"author":1,"featured_media":0,"comment_status":"open","ping_status":"open","sticky":false,"template":"","format":"standard","meta":{"footnotes":""},"categories":[105],"tags":[],"class_list":["post-54205","post","type-post","status-publish","format-standard","hentry","category-gundem","odd"],"_links":{"self":[{"href":"http:\/\/www.korhanyilmaz.com\/index.php?rest_route=\/wp\/v2\/posts\/54205","targetHints":{"allow":["GET"]}}],"collection":[{"href":"http:\/\/www.korhanyilmaz.com\/index.php?rest_route=\/wp\/v2\/posts"}],"about":[{"href":"http:\/\/www.korhanyilmaz.com\/index.php?rest_route=\/wp\/v2\/types\/post"}],"author":[{"embeddable":true,"href":"http:\/\/www.korhanyilmaz.com\/index.php?rest_route=\/wp\/v2\/users\/1"}],"replies":[{"embeddable":true,"href":"http:\/\/www.korhanyilmaz.com\/index.php?rest_route=%2Fwp%2Fv2%2Fcomments&post=54205"}],"version-history":[{"count":0,"href":"http:\/\/www.korhanyilmaz.com\/index.php?rest_route=\/wp\/v2\/posts\/54205\/revisions"}],"wp:attachment":[{"href":"http:\/\/www.korhanyilmaz.com\/index.php?rest_route=%2Fwp%2Fv2%2Fmedia&parent=54205"}],"wp:term":[{"taxonomy":"category","embeddable":true,"href":"http:\/\/www.korhanyilmaz.com\/index.php?rest_route=%2Fwp%2Fv2%2Fcategories&post=54205"},{"taxonomy":"post_tag","embeddable":true,"href":"http:\/\/www.korhanyilmaz.com\/index.php?rest_route=%2Fwp%2Fv2%2Ftags&post=54205"}],"curies":[{"name":"wp","href":"https:\/\/api.w.org\/{rel}","templated":true}]}}