{"id":54186,"date":"2012-08-23T14:20:37","date_gmt":"2012-08-23T11:20:37","guid":{"rendered":"http:\/\/www.korhanyilmaz.com\/?p=54186"},"modified":"2012-08-23T14:49:25","modified_gmt":"2012-08-23T11:49:25","slug":"sahin-sorusturmada-sona-yaklasildi","status":"publish","type":"post","link":"http:\/\/www.korhanyilmaz.com\/?p=54186","title":{"rendered":"\u015eahin: &#8220;Soru\u015fturmada sona yakla\u015f\u0131ld\u0131&#8221;"},"content":{"rendered":"<p style=\"text-align: justify;\"><a href=\"http:\/\/www.korhanyilmaz.com\/wp-content\/uploads\/2012\/08\/H352.jpg\"  class=\"lightview\"><img loading=\"lazy\" decoding=\"async\" class=\"aligncenter size-full wp-image-54187\" title=\"\" src=\"http:\/\/www.korhanyilmaz.com\/wp-content\/uploads\/2012\/08\/H352.jpg\" alt=\"\" width=\"292\" height=\"224\" \/><\/a><\/p>\n<p style=\"text-align: justify;\">Aile ve Sosyal Politikalar Bakan\u0131 Fatma \u015eahin, &#8220;Bu t\u00fcr olaylarda (Gaziantep&#8217;teki patlama) benim \u00e7ok detayl\u0131 bilgi vermem soru\u015fturman\u0131n selameti a\u00e7\u0131s\u0131ndan do\u011fru olmaz ama \u015fu kadar\u0131n\u0131 s\u00f6yleyeyim, \u00e7ok ilerledi. \u0130n\u015fallah bir ka\u00e7 g\u00fcn i\u00e7erisinde kamuoyuyla payla\u015f\u0131lacak durumda&#8221; dedi.<\/p>\n<p style=\"text-align: justify;\">Gaziantep&#8217;te temaslar\u0131n\u0131 s\u00fcrd\u00fcren \u015eahin, SKYT\u00fcrk&#8217;de kat\u0131ld\u0131\u011f\u0131 canl\u0131 yay\u0131nda, gazetecilerin sorular\u0131 yan\u0131tlad\u0131.\u00a0<!--more--><\/p>\n<p style=\"text-align: justify;\">Fatma \u015eahin, &#8220;\u015eimdi tabi bu t\u00fcr olaylarda benim \u00e7ok detayl\u0131 bilgi vermem soru\u015fturman\u0131n selameti a\u00e7\u0131s\u0131ndan do\u011fru olmaz. Ama \u015fu kadar\u0131n\u0131 s\u00f6yleyeyim \u00e7ok ilerledi. \u0130n\u015fallah bir ka\u00e7 g\u00fcn i\u00e7erisinde kamuoyuyla payla\u015f\u0131lacak durumda&#8221; dedi.<\/p>\n<p style=\"text-align: justify;\">Ter\u00f6r\u00fcn art\u0131k partiler \u00fcst\u00fc bir mesele oldu\u011funu vurgulayan \u015eahin, \u015f\u00f6yle konu\u015ftu:<\/p>\n<p style=\"text-align: justify;\">&#8220;Bu tabi art\u0131k ter\u00f6r\u00fcn partiler \u00fcst\u00fc bir mesele oldu\u011fu, buradan nemalanmaya \u00e7al\u0131\u015fanlar\u0131n \u00e7\u0131kmaz sokakta oldu\u011fu, art\u0131k burada \u00e7\u00f6z\u00fcmden yana olanlar\u0131n saf durmas\u0131 gerekti\u011fi, ayn\u0131 safta duranlar\u0131n Ankara&#8217;da da \u00e7\u00f6z\u00fcmden yana ayn\u0131 safta durmas\u0131 gerekti\u011fini \u00e7ok net bir \u015fekilde milletimiz de g\u00f6r\u00fcyor, siyasilerimiz de g\u00f6r\u00fcyor. \u00c7\u00f6z\u00fcm\u00fcn \u00e7ok yak\u0131n oldu\u011funu ben de d\u00fc\u015f\u00fcn\u00fcyorum. Bug\u00fcn aileleri ziyaret ettik&#8230; Bir bu\u00e7uk ya\u015f\u0131nda bir \u00e7ocuk, 4 ya\u015f\u0131nda, 12 ya\u015f\u0131nda bir \u00e7ocuk&#8230; (Bayraml\u0131\u011f\u0131n\u0131 giydirdim k\u0131nas\u0131n\u0131 yakt\u0131m parka g\u00f6nderdim Say\u0131n Bakan\u0131m) diyor. Bu nas\u0131l oluyor, yani kimin hakk\u0131n\u0131n m\u00fccadelesi.&#8221;<\/p>\n<p style=\"text-align: justify;\">Buradan \u00e7\u0131kar\u0131lacak dersin belli oldu\u011funa dikkati \u00e7eken Bakan \u015eahin, \u015funlar\u0131 s\u00f6yledi:<\/p>\n<p style=\"text-align: justify;\">&#8220;Bu y\u00fczden art\u0131k 74 milyon kimin ne yapmaya \u00e7al\u0131\u015ft\u0131\u011f\u0131n\u0131, kimin kimi kullanarak ne yapmaya \u00e7al\u0131\u015ft\u0131\u011f\u0131n\u0131 g\u00f6rs\u00fcn. O y\u00fczden buradan \u00e7\u0131karaca\u011f\u0131m\u0131z dersin ne oldu\u011fu da belli. Ter\u00f6rle aralar\u0131na mesafe koymayanlar\u0131n da parlamentoda temsil edilmemesi gerekti\u011fine art\u0131k ben y\u00fcrekten inan\u0131yorum. Ya mesafeyi koyacaklar ya da Millet Meclisi&#8217;nde o k\u00fcrs\u00fclerde oturmayacaklar. \u00c7ok net bir \u015fekilde can\u0131m\u0131z yan\u0131yor. Herkesin can\u0131 yan\u0131yorsa, gidip ana y\u00fcre\u011fiyle e\u011fer o ter\u00f6risti kucaklad\u0131\u011f\u0131n\u0131 s\u00f6yl\u00fcyorsa&#8230; \u0130\u015fte analar&#8230; Can\u0131m\u0131z yan\u0131yor. Bir bu\u00e7uk ya\u015f\u0131nda bebe\u011fin, anas\u0131n\u0131n beraber gitti\u011fi bir olayda ter\u00f6risti gidip kucaklayanlar\u0131 lanetliyorum ve esefle k\u0131n\u0131yorum. O y\u00fczden parlamentoya girdikleri zaman aralar\u0131na mesafeyi koymad\u0131klar\u0131 zaman gerekenin yap\u0131lmas\u0131 gerekti\u011fine inan\u0131yorum.&#8221;<\/p>\n<p style=\"text-align: justify;\">Gaziantep&#8217;in b\u00f6lge i\u00e7in \u00e7ok \u00f6nemli bir kent oldu\u011funu anlatan Bakan \u015eahin, \u015fehrin her zaman huzurun ve bar\u0131\u015f\u0131n memleketi oldu\u011funu s\u00f6yledi.<\/p>\n<p style=\"text-align: justify;\">Bakan \u015eahin, &#8220;11 ay Kurtulu\u015f Sava\u015f\u0131&#8217;nda a\u00e7l\u0131kla m\u00fccadele etmi\u015f, yoklukla m\u00fccadele etmi\u015f, \u00c7anakkale ruhuyla m\u00fccadele etmi\u015f bir memleket. Her evden \u015fehit vermi\u015f, gazi vermi\u015f gazi \u015fehir olmu\u015f, o y\u00fczden biz bu ac\u0131lara al\u0131\u015f\u0131\u011f\u0131z. Atalar\u0131m\u0131z\u0131n ruhuna yak\u0131\u015f\u0131r \u015fekilde dimdik ayaktay\u0131z. Nas\u0131l o d\u00fc\u015fmanlar\u0131 yok ettiysek, bug\u00fcn bir ba\u015far\u0131 hikayesi yakalad\u0131ysak kimse bize zarar veremeyecek. Dimdik yolumuza devam edece\u011fiz, bu b\u00f6lge bar\u0131\u015f\u0131n ve huzurun b\u00f6lgesi ve kenti olmaya devam edecek&#8221; dedi.<\/p>\n<p style=\"text-align: justify;\"><a href=\"http:\/\/www.cnnturk.com\/2012\/turkiye\/08\/23\/sahin.sorusturmada.sona.yaklasildi\/673994.0\/index.html\" target=\"_blank\">Kaynak : CNN T\u00dcRK<\/a><\/p>\n","protected":false},"excerpt":{"rendered":"<p style=\"text-align: justify;\">\n<p style=\"text-align: justify;\">Aile ve Sosyal Politikalar Bakan\u0131 Fatma \u015eahin, &#8220;Bu t\u00fcr olaylarda (Gaziantep&#8217;teki patlama) benim \u00e7ok detayl\u0131 bilgi vermem soru\u015fturman\u0131n selameti a\u00e7\u0131s\u0131ndan do\u011fru olmaz ama \u015fu kadar\u0131n\u0131 s\u00f6yleyeyim, \u00e7ok ilerledi. \u0130n\u015fallah bir ka\u00e7 g\u00fcn i\u00e7erisinde kamuoyuyla payla\u015f\u0131lacak durumda&#8221; dedi.<\/p>\n<p style=\"text-align: justify;\">Gaziantep&#8217;te temaslar\u0131n\u0131 s\u00fcrd\u00fcren \u015eahin, SKYT\u00fcrk&#8217;de kat\u0131ld\u0131\u011f\u0131 canl\u0131 yay\u0131nda, gazetecilerin sorular\u0131 yan\u0131tlad\u0131. <\/p>\n","protected":false},"author":1,"featured_media":0,"comment_status":"open","ping_status":"open","sticky":false,"template":"","format":"standard","meta":{"footnotes":""},"categories":[105],"tags":[],"class_list":["post-54186","post","type-post","status-publish","format-standard","hentry","category-gundem","odd"],"_links":{"self":[{"href":"http:\/\/www.korhanyilmaz.com\/index.php?rest_route=\/wp\/v2\/posts\/54186","targetHints":{"allow":["GET"]}}],"collection":[{"href":"http:\/\/www.korhanyilmaz.com\/index.php?rest_route=\/wp\/v2\/posts"}],"about":[{"href":"http:\/\/www.korhanyilmaz.com\/index.php?rest_route=\/wp\/v2\/types\/post"}],"author":[{"embeddable":true,"href":"http:\/\/www.korhanyilmaz.com\/index.php?rest_route=\/wp\/v2\/users\/1"}],"replies":[{"embeddable":true,"href":"http:\/\/www.korhanyilmaz.com\/index.php?rest_route=%2Fwp%2Fv2%2Fcomments&post=54186"}],"version-history":[{"count":0,"href":"http:\/\/www.korhanyilmaz.com\/index.php?rest_route=\/wp\/v2\/posts\/54186\/revisions"}],"wp:attachment":[{"href":"http:\/\/www.korhanyilmaz.com\/index.php?rest_route=%2Fwp%2Fv2%2Fmedia&parent=54186"}],"wp:term":[{"taxonomy":"category","embeddable":true,"href":"http:\/\/www.korhanyilmaz.com\/index.php?rest_route=%2Fwp%2Fv2%2Fcategories&post=54186"},{"taxonomy":"post_tag","embeddable":true,"href":"http:\/\/www.korhanyilmaz.com\/index.php?rest_route=%2Fwp%2Fv2%2Ftags&post=54186"}],"curies":[{"name":"wp","href":"https:\/\/api.w.org\/{rel}","templated":true}]}}