{"id":5417,"date":"2009-03-15T08:35:27","date_gmt":"2009-03-15T06:35:27","guid":{"rendered":"http:\/\/www.korhanyilmaz.com\/?p=5417"},"modified":"2009-03-15T08:35:27","modified_gmt":"2009-03-15T06:35:27","slug":"darwin%e2%80%99i-sansur-eden-istifa-etmezse-aihm%e2%80%99e-giderim","status":"publish","type":"post","link":"http:\/\/www.korhanyilmaz.com\/?p=5417","title":{"rendered":"Darwin\u2019i sans\u00fcr eden istifa etmezse, A\u0130HM\u2019e giderim"},"content":{"rendered":"<p><img loading=\"lazy\" decoding=\"async\" class=\"aligncenter size-full wp-image-5418\" title=\"Darwin\u2019i sans\u00fcr eden istifa etmezse, A\u0130HM\u2019e giderim\" src=\"http:\/\/www.korhanyilmaz.com\/wp-content\/uploads\/2009\/03\/150320090414463701066.jpg\" alt=\"Darwin\u2019i sans\u00fcr eden istifa etmezse, A\u0130HM\u2019e giderim\" width=\"320\" height=\"100\" \/><strong><\/strong><\/p>\n<p style=\"text-align: justify;\"><strong>Celal \u015eeng\u00f6r, yak\u0131nda evrim konusunda yapt\u0131\u011f\u0131 ara\u015ft\u0131rman\u0131n kitab\u0131n\u0131 yurt d\u0131\u015f\u0131nda bask\u0131ya s\u00fcrecek&#8230;<\/strong><\/p>\n<p style=\"text-align: justify;\">T\u00fcrkiye&#8217;nin yeti\u015ftirdi\u011fi say\u0131l\u0131 bilim adamlar\u0131ndan, \u0130T\u00dc Avrasya Bilimleri \u00d6\u011fretim \u00dcyesi ve T\u00fcrkiye Bilimler Akademisi Asli \u00dcyesi Celal \u015eeng\u00f6r, yak\u0131nda evrim konusunda yapt\u0131\u011f\u0131 ara\u015ft\u0131rman\u0131n kitab\u0131n\u0131 yurt d\u0131\u015f\u0131nda bask\u0131ya s\u00fcrecek&#8230; Prof. Dr. \u015eeng\u00f6r, T\u00dcB\u0130TAK&#8217;\u0131n dergisi &#8220;Bilim ve Teknik&#8221;e yap\u0131lan sans\u00fcr\u00fcn pe\u015fini b\u0131rakmayaca\u011f\u0131n\u0131 ve gerekirse Avrupa \u0130nsan Haklar\u0131 Mahkemesi&#8217;ne kadar gidece\u011fini anlatt\u0131.<!--more--><\/p>\n<p style=\"text-align: justify;\">T\u00fcrkiye&#8217;nin en sayg\u0131n pop\u00fcler bilim dergisi Bilim ve Teknik, Mart say\u0131s\u0131nda Darwin&#8217;in 200&#8217;\u00fcnc\u00fc do\u011fum y\u0131ld\u00f6n\u00fcm\u00fc nedeniyle, t\u00fcm d\u00fcnyadaki benzer bilim dergileri &#8220;Nature&#8221; ve &#8220;New Scientist&#8221; gibi, &#8220;Darwin&#8221; kapa\u011f\u0131yla \u00e7\u0131kmaya haz\u0131rlan\u0131yordu. Fakat son anda, ne olduysa oldu; kapak ve 15 sayfal\u0131k Darwin yaz\u0131s\u0131 imha edildi. Yerine &#8220;K\u00fcresel iklim de\u011fi\u015fikli\u011fi&#8221; dosyas\u0131 konuldu. Dergi bu y\u00fczden bir hafta ge\u00e7 \u00e7\u0131kt\u0131\u011f\u0131 gibi yay\u0131n y\u00f6netmeni de g\u00f6revden al\u0131nd\u0131. \u00c7ok ge\u00e7meden T\u00dcB\u0130TAK Ba\u015fkan Yard\u0131mc\u0131s\u0131 \u00d6mer Cebeci&#8217;nin dergideki bu konuyu veto etti\u011fi ortaya \u00e7\u0131k\u0131nca, 21&#8217;inci y\u00fczy\u0131lda, T\u00fcrkiye&#8217;nin en sayg\u0131n bilim kurumlar\u0131ndan birinde, &#8220;sans\u00fcr&#8221; tart\u0131\u015fmalar\u0131 alevlendi. Prof. Dr. Celal \u015eeng\u00f6r, yap\u0131lan tart\u0131\u015fman\u0131n T\u00fcrkiye i\u00e7in bir utan\u00e7 kayna\u011f\u0131 olaca\u011f\u0131 g\u00f6r\u00fc\u015f\u00fcnde&#8230; \u015eeng\u00f6r, son olarak yapt\u0131\u011f\u0131 &#8220;Geological Society of America&#8221; kitap serisinden \u00e7\u0131kacak &#8220;Permiyen Yok Olu\u015fu ve Tetis Bir Global Jeoloji Denemesi&#8221; adl\u0131 ara\u015ft\u0131rmas\u0131n\u0131n, 250 milyon y\u0131l \u00f6nceki ile bug\u00fcn aras\u0131nda insan\u0131n ge\u00e7irdi\u011fi evrimi g\u00f6sterdi\u011fini s\u00f6yl\u00fcyor.<\/p>\n<p style=\"text-align: justify;\"><img loading=\"lazy\" decoding=\"async\" style=\"margin-left: 10px; margin-right: 10px;\" src=\"http:\/\/foto.gazetevatan.com\/newpics\/news\/130320091632212292542_3.jpg\" alt=\"\" width=\"280\" height=\"418\" align=\"right\" \/><\/p>\n<p style=\"text-align: justify;\"><strong>Bu tart\u0131\u015fmay\u0131 sadece yobazlar yap\u0131yor<\/strong><\/p>\n<p style=\"text-align: justify;\">&#8220;250 milyon y\u0131l \u00f6nce d\u00fcnyadaki ya\u015fam\u0131n y\u00fczde 95&#8217;i ortadan kalk\u0131yor. Ni\u00e7in kalkt\u0131\u011f\u0131, 200 y\u0131ld\u0131r jeolojide bir sorun. Bu soruna bug\u00fcne kadar verilen en iyi cevap, yak\u0131nda kitap olarak ABD&#8217;de yay\u0131nlan\u0131yor. G\u00fcney Afrika&#8217;daki bir \u00f6\u011frencim ile birlikte bu kitab\u0131 haz\u0131rlad\u0131k&#8221; diyen Prof. \u015eeng\u00f6r, evrim konusundaki tart\u0131\u015fmalara g\u00fcld\u00fc\u011f\u00fcn\u00fc vurguluyor ve ekliyor: &#8220;Ben evrim konusunda do\u011frudan taraf\u0131m. Ama benim taraf olmam yetmiyor, akl\u0131 ba\u015f\u0131nda her insan bu i\u015fe taraf. Birisi \u00e7\u0131k\u0131p derse ki &#8216;D\u00fcnya d\u00fczd\u00fcr&#8217;, siz de bu i\u015fe taraf olur, &#8216;B\u00f6yle bir z\u0131rval\u0131k olmaz&#8217; derseniz. &#8216;Efendim, Darwin hakl\u0131 m\u0131, de\u011fil mi?&#8217; sorusunu sormakla, &#8216;Yahu d\u00fcnya d\u00fcz m\u00fcd\u00fcr?&#8217; sorusunu sormak ayn\u0131 derecede abestir. Bug\u00fcn bilim d\u00fcnyas\u0131nda b\u00f6yle bir tart\u0131\u015fma yok. Bu tart\u0131\u015fmay\u0131 sadece yobazlar yap\u0131yor.&#8221;<\/p>\n<p style=\"text-align: justify;\"><strong>Darwin&#8217;e kar\u015f\u0131 \u00e7\u0131kmak t\u0131bba kar\u015f\u0131 \u00e7\u0131kmakt\u0131r<\/strong><\/p>\n<p style=\"text-align: justify;\">Celal \u015eeng\u00f6r, yapt\u0131\u011f\u0131 ara\u015ft\u0131rmayla, 250 milyon y\u0131l \u00f6nce, &#8220;tetis&#8221; denilen okyanusun, zehirlendi\u011fini ortaya \u00e7\u0131karm\u0131\u015f. \u015eeng\u00f6r, bu deniz i\u00e7inde biriken hidrojen s\u00fclf\u00fcr\u00fcn patlayarak i\u00e7indeki gaz\u0131n d\u0131\u015far\u0131 \u00e7\u0131kmas\u0131n\u0131n, i\u00e7inde dinazorlar\u0131n da oldu\u011fu t\u00fcrleri \u00f6ld\u00fcrd\u00fc\u011f\u00fcn\u00fc anlat\u0131yor: &#8220;B\u00fct\u00fcn okyanus gazoz gibi patl\u0131yor. \u0130\u00e7indeki gaz d\u0131\u015far\u0131 \u00e7\u0131k\u0131nca, hem denizin i\u00e7indekileri \u00f6ld\u00fcr\u00fcyor, hem de 2 bin kilometre \u00e7evresindeki her \u015feyi. Dolay\u0131s\u0131yla, o zaman da b\u00fct\u00fcn karalar bir arada oldu\u011fu i\u00e7in ya\u015fam\u0131n y\u00fczde 95&#8217;ini ortadan kald\u0131r\u0131yor. Bu ara\u015ft\u0131rmam da ABD&#8217;deki jeoloji cemiyetinde bir kitap olarak yay\u0131nlanacak.&#8221;<br \/>\nProf. Dr. \u015eeng\u00f6r, T\u00fcrkiye&#8217;yi y\u00f6neten iktidar\u0131n, bilim ve modern ya\u015fam i\u00e7in bir tehlike oldu\u011fu g\u00f6r\u00fc\u015f\u00fcnde: &#8220;Darwin&#8217;e kar\u015f\u0131 \u00e7\u0131kmak, insan emniyeti i\u00e7in de tehlikedir. \u00c7\u00fcnk\u00fc Darwin&#8217;e kar\u015f\u0131 oldu\u011funuz zaman, t\u0131bba da kar\u015f\u0131s\u0131n\u0131z demektir. \u00c7\u00fcnk\u00fc modern t\u0131bbi ara\u015ft\u0131rmalar tamamen evrime dayan\u0131r. E\u011fer evrime g\u00fcvenmiyorsan\u0131z, modern t\u0131bbi ara\u015ft\u0131rma yapamazs\u0131n\u0131z.&#8221;<br \/>\n<strong><br \/>\nT\u00fcrkiye&#8217;de ve Amerika&#8217;da cahiller y\u0131\u011f\u0131n\u0131 var<\/strong><\/p>\n<p style=\"text-align: justify;\">Celal \u015eeng\u00f6r, Devlet Bakan\u0131 Mehmet Ayd\u0131n&#8217;\u0131n &#8220;Darwin yanl\u0131\u015f yapt\u0131 ama sans\u00fcr hatayd\u0131&#8221; s\u00f6zlerini \u015f\u00f6yle yorumluyor: &#8220;Denecek tek \u015fey: &#8216;Cahil.&#8217; Darwin&#8217;in yanl\u0131\u015f yapt\u0131\u011f\u0131 \u00e7ok \u015fey var. Ama &#8216;do\u011fal se\u00e7me&#8217; teorisi, yanl\u0131\u015f de\u011fil. En az\u0131ndan bug\u00fcne kadar yanl\u0131\u015flanabilmi\u015f de\u011fil. Bilimde her teori tart\u0131\u015f\u0131l\u0131r. \u015eimdiye kadar yanl\u0131\u015flayamad\u0131ysak, bunun \u00fczerine gider yanl\u0131\u015flamaya \u00e7al\u0131\u015f\u0131r\u0131z. Hepimiz veri topluyoruz. Daha iyi bir teori olabilir mi? Yok. Her \u015feyi en iyi a\u00e7\u0131klayan Darwin&#8217;in teorisi. Ama Darwin&#8217;in teorisi eksikti. Bunun \u00fczerine Mendel&#8217;in geneti\u011fi geldi. Daha sonra da, Hugo De Vries&#8217;in mutasyonu geldi. Bunlar bir araya gelerek 20&#8217;nci y\u00fczy\u0131lda yeni bir sentez olu\u015fturuldu. B\u00fct\u00fcn bunlar\u0131 kucaklayan yeni bir evrim teorisi \u00e7\u0131kt\u0131.&#8221;<br \/>\nProf. \u015eeng\u00f6r, T\u00fcrkiye&#8217;nin Darwin&#8217;e inanmayan \u00fclkeler s\u0131ralamas\u0131nda ABD&#8217;den sonra ikinci s\u0131rada gelmesini cehalet d\u00fczeyi ile ili\u015fkilendirerek a\u00e7\u0131kl\u0131yor: &#8220;Bu, T\u00fcrk cehalet d\u00fczeyini g\u00f6steriyor. T\u00fcrkiye&#8217;deki e\u011fitim, 1946&#8217;dan sonraki n\u00fcfus patlamas\u0131yla birlikte iflas etmi\u015ftir. T\u00fcrkiye korkun\u00e7 bir cahiller y\u0131\u011f\u0131n\u0131d\u0131r. Amerika&#8217;daki halk da \u00f6yle. 15-20 y\u0131l \u00f6nce bu tart\u0131\u015fma T\u00fcrkiye&#8217;de yokken, bug\u00fcn var. \u00c7\u00fcnk\u00fc cehalet artm\u0131\u015ft\u0131r. T\u00fcrkiye&#8217;de din temelli politika gemi az\u0131ya al\u0131nm\u0131\u015ft\u0131r. Hi\u00e7bir uygar toplumda dinin toplumu y\u00f6neltmesine izin verilemez. \u00c7\u00fcnk\u00fc din tamam\u0131yla subjektif bir \u015feydir.&#8221;\n<\/p>\n<p style=\"text-align: justify;\"><strong>Bu sans\u00fcrle alanen su\u00e7 i\u015flendi<\/strong><\/p>\n<p style=\"text-align: justify;\">Darwin&#8217;in b\u00fct\u00fcn konular\u0131n\u0131n ve kapa\u011f\u0131n\u0131n oldu\u011fu gibi dergiden at\u0131lmas\u0131n\u0131n T\u00fcrkiye&#8217;de bilim d\u00fcnyas\u0131na ve insanl\u0131\u011fa yap\u0131lan bir ihanet olarak g\u00f6rd\u00fc\u011f\u00fcn\u00fc vurgulayan \u015eeng\u00f6r: &#8220;Bu sizin gen\u00e7li\u011finize ihanettir. Bir insanl\u0131k su\u00e7udur. Bu yaz\u0131y\u0131 her kim \u00e7\u0131kartm\u0131\u015fsa, \u00d6mer Cebeci&#8217;yse, tek ba\u015f\u0131na \u00d6mer Cebeci; bilim kuruluysa top yekun bilim kurulu su\u00e7 i\u015flemi\u015ftir. T\u00dcB\u0130TAK&#8217;\u0131n yasa ile kendine g\u00f6re bir s\u00fcr\u00fc ilkeleri var. Bu g\u00f6revin yap\u0131lmas\u0131na engel olmu\u015flard\u0131r. \u0130kincisi; &#8216;Bilgi Edinme Serbestisi&#8217; diye bir kanunumuz var. Buna engel olmu\u015flard\u0131r. Dolay\u0131s\u0131yla, alenen su\u00e7 i\u015flemi\u015flerdir.&#8221;<br \/>\n\u015eeng\u00f6r, e\u011fer savc\u0131lar bu konuda harekete ge\u00e7mezlerse, yapaca\u011f\u0131 hareketi \u015f\u00f6yle anlat\u0131yor: &#8220;Savc\u0131lar\u0131n bu konuda harekete ge\u00e7ip sans\u00fcrc\u00fcleri mahkemeye verip g\u00f6revlerinden ald\u0131rmazsa, ben bizzat Avrupa \u0130nsan Haklar\u0131 Mahkemesi&#8217;ne m\u00fcracaat ederim. \u0130\u015fin pe\u015fini b\u0131rakmam. Gerek\u00e7em de a\u00e7\u0131k, T\u00dcB\u0130TAK, benim ve \u00e7ocuklar\u0131m\u0131n bilgi edinme h\u00fcrriyetini engelliyor.&#8221;\n<\/p>\n<p style=\"text-align: justify;\"><strong>T\u00dcB\u0130TAK rezilliklerle u\u011fra\u015f\u0131yor<\/strong><\/p>\n<p style=\"text-align: justify;\">Celal Hoca, T\u00dcB\u0130TAK&#8217;\u0131 k\u0131yas\u0131ya ele\u015ftiriyor: &#8220;T\u00dcB\u0130TAK, rezilliklerle u\u011fra\u015fan bir kurum. Bu olay, ilk ve tek de\u011fil. B\u00fct\u00fcn mesleki dergilerde 30 ki\u015fi istifa etti. Kimse kalmad\u0131 T\u00dcB\u0130TAK&#8217;ta. T\u00fcrkiye Bilimler Akademisi Ba\u015fkan\u0131 Y\u00fccel Kanbolat da daha \u00f6nce bir mesleki dergiden istifa etmi\u015f.<br \/>\nT\u00dcB\u0130TAK&#8217;taki k\u00f6t\u00fc gidi\u015fat, Nam\u0131k Kemal Pak&#8217;\u0131n g\u00f6rev s\u00fcresinin bitmesiyle ba\u015flad\u0131. O zamanki bilim kurulu Nam\u0131k Kemal Pak&#8217;\u0131n g\u00f6rev s\u00fcresinin uzat\u0131lmas\u0131n\u0131 ba\u015fbakanl\u0131\u011fa teklif etti. Ba\u015fbakan kanunu \u00e7i\u011fneyerek bunu onaylamad\u0131. Ba\u015fbakan&#8217;\u0131n uzatmak zaten elinde de\u011fildi, Ba\u015fbakan\u0131n yapaca\u011f\u0131 \u015fuydu: Cumhurba\u015fkan\u0131&#8217;na arz edecekti. Ba\u015fbakan bunu be\u011fenmeyebilir, \u015ferh d\u00fc\u015fer. Der ki; &#8216;Efendim ben bu atamaya kar\u015f\u0131y\u0131m&#8217; Fakat kanun gere\u011fi Cumhurba\u015fkan\u0131&#8217;na arz etmesi laz\u0131md\u0131, etmedi. Ondan sonra hat\u0131rlayacaks\u0131n\u0131z dedi ki, &#8216;Efendim bir kere de biz atarsak ne olurdu?&#8217; Alenen kanunu \u00e7i\u011fnedi. Yerine birisini atad\u0131 tabii ama Cumhurba\u015fkan\u0131 da onaylamad\u0131&#8221;\n<\/p>\n<p style=\"text-align: justify;\"><strong>Yarat\u0131l\u0131\u015f teorisi ABD deste\u011fiyle empoze edildi<\/strong><\/p>\n<p style=\"text-align: justify;\">Celal Hoca&#8217;ya ilkokulda h\u00e2l\u00e2 evrim teorisinin ders kitaplar\u0131nda ve m\u00fcfredetta oldu\u011funu hat\u0131rlat\u0131nca, ilgin\u00e7 bir cevap al\u0131yoruz: &#8220;Okutuluyor mu, bilmiyorum ben. Yaln\u0131z ben lise biyoloji kitab\u0131nda, yarat\u0131l\u0131\u015f fikrinin ders kitab\u0131nda oldu\u011funu g\u00f6rd\u00fcm; t\u00fcylerim diken diken oldu. Yarat\u0131l\u0131\u015f\u0131n en k\u00fc\u00e7\u00fck bir verisi yok. Bug\u00fcn bilimde b\u00f6yle bir \u015feyin mevzusu yok. Hani derler ya, bilimsel teorilerin do\u011frulu\u011fu ispat edilemez ama yanl\u0131\u015fl\u0131\u011f\u0131 ispat edilir. Bu yarat\u0131l\u0131\u015f\u0131n yanl\u0131\u015fl\u0131\u011f\u0131 ispat edilmi\u015f vaziyette ve halen bizim ders kitab\u0131m\u0131zda. Ne zaman kondu, Vehbi Din\u00e7erler zaman\u0131nda m\u0131? Hangi destekle kondu, Amerika&#8217;dan gelen kitaplar deste\u011fiyle. Amerika&#8217;da bu konuda makale yay\u0131nland\u0131, &#8216;T\u00fcrkiye&#8217;de yarat\u0131l\u0131\u015f nas\u0131l hortlad\u0131?&#8217; diye. &#8216;Hortlad\u0131&#8217; de\u011fil &#8216;Nas\u0131l olu\u015ftu?&#8217; denmeli, yoktu ki bizde b\u00f6yle bir \u015fey&#8230;&#8221;<\/p>\n<p style=\"text-align: justify;\"><strong>S\u0131k\u0131yorsa beni \u00fcniversiteden ats\u0131nlar<\/strong><\/p>\n<p style=\"text-align: justify;\">Celal \u015eeng\u00f6r, Y\u00d6K taraf\u0131ndan \u00fcniversiteden at\u0131lmak \u00fczere mahkemeye verilme a\u015famas\u0131ndaki belirsizli\u011fi \u015f\u00f6yle yorumluyor: &#8220;Y\u00d6K taraf\u0131ndan ele al\u0131nd\u0131m. Daha ne diyeyim? Neticesi belli de\u011fil, bir senedir s\u00fcr\u00fcyor. Hadi ats\u0131nlar beni, onu bekliyorum ya. Niye atm\u0131yorlar beni?<br \/>\nBen diyorum ki &#8216;Ben b\u00f6yle bir su\u00e7 i\u015flemedim.&#8217; Y\u00d6K&#8217;\u00fcn g\u00f6nderdi\u011fi inceleme ekibi diyor ki, &#8216;Su\u00e7 olu\u015fmam\u0131\u015f&#8217;. Y\u00d6K Ba\u015fkan\u0131 bana mektup yaz\u0131yor, diyor ki; &#8216;Onlar \u00f6yle diyor ama ben senin at\u0131lman\u0131 teklif edece\u011fim.&#8217; \u0130yi ats\u0131n hadi. De\u011fil mi? B\u00fct\u00fcn d\u00fcnya aya\u011fa kalkt\u0131 biliyorsunuz. Amerikan Bilimler Akademisi bunlara mektup yazd\u0131. Cumhurba\u015fkan\u0131&#8217;na ve Ba\u015fbakan&#8217;a da yazd\u0131.&#8221;\n<\/p>\n<p style=\"text-align: justify;\"><span style=\"color: #888888;\">Kaynak : Tu\u011frul Tunal\u0131gil \/ Vatan Gazetesi<\/span><\/p>\n","protected":false},"excerpt":{"rendered":"<\/p>\n<p style=\"text-align: justify;\">Celal \u015eeng\u00f6r, yak\u0131nda evrim konusunda yapt\u0131\u011f\u0131 ara\u015ft\u0131rman\u0131n kitab\u0131n\u0131 yurt d\u0131\u015f\u0131nda bask\u0131ya s\u00fcrecek&#8230;<\/p>\n<p style=\"text-align: justify;\">T\u00fcrkiye&#8217;nin yeti\u015ftirdi\u011fi say\u0131l\u0131 bilim adamlar\u0131ndan, \u0130T\u00dc Avrasya Bilimleri \u00d6\u011fretim \u00dcyesi ve T\u00fcrkiye Bilimler Akademisi Asli \u00dcyesi Celal \u015eeng\u00f6r, yak\u0131nda evrim konusunda yapt\u0131\u011f\u0131 ara\u015ft\u0131rman\u0131n kitab\u0131n\u0131 yurt d\u0131\u015f\u0131nda bask\u0131ya s\u00fcrecek&#8230; Prof. Dr. \u015eeng\u00f6r, T\u00dcB\u0130TAK&#8217;\u0131n dergisi &#8220;Bilim ve Teknik&#8221;e yap\u0131lan sans\u00fcr\u00fcn <\/p>\n","protected":false},"author":1,"featured_media":0,"comment_status":"open","ping_status":"closed","sticky":false,"template":"","format":"standard","meta":{"footnotes":""},"categories":[7],"tags":[],"class_list":["post-5417","post","type-post","status-publish","format-standard","hentry","category-ekonomi","odd"],"_links":{"self":[{"href":"http:\/\/www.korhanyilmaz.com\/index.php?rest_route=\/wp\/v2\/posts\/5417","targetHints":{"allow":["GET"]}}],"collection":[{"href":"http:\/\/www.korhanyilmaz.com\/index.php?rest_route=\/wp\/v2\/posts"}],"about":[{"href":"http:\/\/www.korhanyilmaz.com\/index.php?rest_route=\/wp\/v2\/types\/post"}],"author":[{"embeddable":true,"href":"http:\/\/www.korhanyilmaz.com\/index.php?rest_route=\/wp\/v2\/users\/1"}],"replies":[{"embeddable":true,"href":"http:\/\/www.korhanyilmaz.com\/index.php?rest_route=%2Fwp%2Fv2%2Fcomments&post=5417"}],"version-history":[{"count":0,"href":"http:\/\/www.korhanyilmaz.com\/index.php?rest_route=\/wp\/v2\/posts\/5417\/revisions"}],"wp:attachment":[{"href":"http:\/\/www.korhanyilmaz.com\/index.php?rest_route=%2Fwp%2Fv2%2Fmedia&parent=5417"}],"wp:term":[{"taxonomy":"category","embeddable":true,"href":"http:\/\/www.korhanyilmaz.com\/index.php?rest_route=%2Fwp%2Fv2%2Fcategories&post=5417"},{"taxonomy":"post_tag","embeddable":true,"href":"http:\/\/www.korhanyilmaz.com\/index.php?rest_route=%2Fwp%2Fv2%2Ftags&post=5417"}],"curies":[{"name":"wp","href":"https:\/\/api.w.org\/{rel}","templated":true}]}}