{"id":54168,"date":"2012-08-23T11:51:41","date_gmt":"2012-08-23T08:51:41","guid":{"rendered":"http:\/\/www.korhanyilmaz.com\/?p=54168"},"modified":"2012-08-23T11:51:41","modified_gmt":"2012-08-23T08:51:41","slug":"gul-rahatsizlandi-ziyaretini-yarida-kesti","status":"publish","type":"post","link":"http:\/\/www.korhanyilmaz.com\/?p=54168","title":{"rendered":"G\u00fcl rahats\u0131zland\u0131, ziyaretini yar\u0131da kesti"},"content":{"rendered":"<p style=\"text-align: justify;\"><a href=\"http:\/\/www.korhanyilmaz.com\/wp-content\/uploads\/2012\/08\/H349.jpg\"  class=\"lightview\"><img loading=\"lazy\" decoding=\"async\" class=\"aligncenter size-full wp-image-54169\" title=\"\" src=\"http:\/\/www.korhanyilmaz.com\/wp-content\/uploads\/2012\/08\/H349.jpg\" alt=\"\" width=\"316\" height=\"243\" \/><\/a><\/p>\n<p style=\"text-align: justify;\">Cumhurba\u015fkan\u0131 Abdullah G\u00fcl, kula\u011f\u0131ndaki rahats\u0131zl\u0131\u011f\u0131n n\u00fcksetmesi nedeniyle K\u0131rg\u0131zistan ziyaretini yar\u0131da keserek tedbir ama\u00e7l\u0131 T\u00fcrkiye&#8217; ye d\u00f6n\u00fcyor.<\/p>\n<p style=\"text-align: justify;\">K\u0131rg\u0131zistan&#8217;\u0131n ba\u015fkenti Bi\u015fkek&#8217;te T\u00fcrk Konseyi Zirvesi&#8217;nin a\u00e7\u0131l\u0131\u015f\u0131na kat\u0131lan Cumhurba\u015fkan\u0131 Abdullah G\u00fcl&#8217;\u00fcn kula\u011f\u0131ndaki rahats\u0131zl\u0131\u011f\u0131n n\u00fcksetmesi \u00fczerine ba\u015f ba\u015fa ve heyetler aras\u0131 g\u00f6r\u00fc\u015fmelerin ard\u0131ndan bug\u00fcn \u00f6\u011fle saatlerinde Ankara&#8217;ya d\u00f6nece\u011fi belirtildi.\u00a0<!--more--><\/p>\n<p style=\"text-align: justify;\">T\u00fcrk Konseyi Zirvesi Bi\u015fkek&#8217;te ba\u015flad\u0131. K\u0131rg\u0131zistan Cumhurba\u015fkan\u0131 Almazbek Atambayev, Cumhurba\u015fkan\u0131 G\u00fcl, Kazakistan Cumhurba\u015fkan\u0131 Nursultan Nazarbayev ve Azerbaycan Ba\u015fbakan\u0131 Artur Rasizade&#8217;yi Ala Arca Kongre Merkezi&#8217;nde kar\u015f\u0131lad\u0131. Aile foto\u011fraf\u0131 \u00e7ekiminin ard\u0131ndan ba\u015f ba\u015fa ve heyetler aras\u0131 g\u00f6r\u00fc\u015fmelere ge\u00e7ildi.<\/p>\n<p style=\"text-align: justify;\">Bu arada Cumhurba\u015fkan\u0131 G\u00fcl&#8217;\u00fcn, kula\u011f\u0131ndaki rahats\u0131zl\u0131\u011f\u0131n\u0131n n\u00fcksetmesi nedeniyle K\u0131rg\u0131zistan&#8217;dan erken ayr\u0131laca\u011f\u0131 bildirildi.<\/p>\n<p style=\"text-align: justify;\"><strong>Heyetler aras\u0131 g\u00f6r\u00fc\u015fmelere kat\u0131ld\u0131\u00a0<\/strong><\/p>\n<p style=\"text-align: justify;\">Cumhurba\u015fkan\u0131 Abdullah G\u00fcl, T\u00fcrk Konseyi Zirvesi&#8217;nde ba\u015f ba\u015fa ve heyetler aras\u0131 g\u00f6r\u00fc\u015fmelere kat\u0131ld\u0131.<\/p>\n<p style=\"text-align: justify;\">G\u00fcl, Zirvenin d\u00fczenlendi\u011fi K\u0131rg\u0131zistan&#8217;\u0131n ba\u015fkenti Bi\u015fkek&#8217;teki Ala Ar\u00e7a Kongre Merkezi&#8217;nde, K\u0131rg\u0131zistan Cumhurba\u015fkan\u0131 Almazbek Atambayev, Kazakistan Cumhurba\u015fkan\u0131 Nursultan Nazarbayev ve Azerbaycan Ba\u015fbakan\u0131 Artur Rasizade ile g\u00f6r\u00fc\u015ft\u00fckten sonra, heyetler aras\u0131 g\u00f6r\u00fc\u015fmelere kat\u0131ld\u0131.<\/p>\n<p style=\"text-align: justify;\">Daha sonra G\u00fcl, Atambayev, Nazarbayev ve Rasizade Bi\u015fkek Zirvesi Deklarasyonu&#8217;nu imzalad\u0131.<\/p>\n<p style=\"text-align: justify;\">D\u0131\u015fi\u015fleri bakanlar\u0131 da T\u00fcrk Konseyi Genel Sekreterli\u011fi&#8217;nin finansman\u0131 anla\u015fmas\u0131n\u0131 imzalad\u0131.<\/p>\n<p style=\"text-align: justify;\">Milli E\u011fitim Bakan\u0131 \u00d6mer Din\u00e7er ve di\u011fer \u00fcye \u00fclkelerin ilgili bakanlar\u0131 ise Astana&#8217;da T\u00fcrk Akademisi, Bak\u00fc&#8217;de T\u00fcrk K\u00fclt\u00fcr Miras Vakf\u0131 kurulmas\u0131na ili\u015fkin anla\u015fmalara imza koydu.<\/p>\n<p style=\"text-align: justify;\">Yar\u0131n T\u00fcrkiye&#8217;ye d\u00f6nmesi planlanan G\u00fcl&#8217;\u00fcn, bug\u00fcn \u00f6\u011fle saatlerinde Ankara&#8217;ya hareket edece\u011fi belirtildi.<\/p>\n<p style=\"text-align: justify;\"><strong>Atambayev ile g\u00f6r\u00fc\u015ft\u00fc\u00a0<\/strong><\/p>\n<p style=\"text-align: justify;\">Cumhurba\u015fkan\u0131 Abdullah G\u00fcl, K\u0131rg\u0131zistan Cumhurba\u015fkan\u0131 Almazbek Atambayev ile g\u00f6r\u00fc\u015ft\u00fc. Bi\u015fkek&#8217;te T\u00fcrk Konseyi Zirvesi&#8217;ne kat\u0131lan G\u00fcl&#8217;\u00fcn, yar\u0131n K\u0131rg\u0131zistan&#8217;a resmi ziyaret ger\u00e7ekle\u015ftirmesi de planlan\u0131yordu. Ancak, kula\u011f\u0131ndaki rahats\u0131zl\u0131\u011f\u0131n n\u00fcksetmesi ve tedbir ama\u00e7l\u0131 olarak Ankara&#8217;ya d\u00f6nme karar\u0131 \u00fczerine G\u00fcl, Atambayev ile zirvenin yap\u0131ld\u0131\u011f\u0131 Ala Ar\u00e7a Kongre Merkezi&#8217;nde ikili bir g\u00f6r\u00fc\u015fme ger\u00e7ekle\u015ftirdi.<\/p>\n<p style=\"text-align: justify;\">G\u00f6r\u00fc\u015fmenin ard\u0131ndan G\u00fcl ve Atambayev ortak bildiri imzalarken, Milli E\u011fitim Bakan\u0131 \u00d6mer Din\u00e7er K\u0131rg\u0131z muhataplar\u0131yla K\u0131rg\u0131zistan-T\u00fcrkiye Manas \u00dcniversitesi T\u00fcz\u00fc\u011f\u00fc Hakk\u0131nda Mutabakat Zapt\u0131 ile H\u00fck\u00fcmetler Aras\u0131nda Uyu\u015fturucu, Psikotrop ve Ara Kimyasal Maddelerin ka\u00e7ak\u00e7\u0131l\u0131\u011f\u0131 ile M\u00fccadele \u0130\u015fbirli\u011fi Anla\u015fmas\u0131 imzalad\u0131.<\/p>\n<p style=\"text-align: justify;\"><a href=\"http:\/\/www.cnnturk.com\/2012\/turkiye\/08\/23\/gul.rahatsizlandi.ziyaretini.yarida.kesti\/673907.0\/index.html\" target=\"_blank\">Kaynak : CNN T\u00dcRK<\/a><\/p>\n","protected":false},"excerpt":{"rendered":"<p style=\"text-align: justify;\">\n<p style=\"text-align: justify;\">Cumhurba\u015fkan\u0131 Abdullah G\u00fcl, kula\u011f\u0131ndaki rahats\u0131zl\u0131\u011f\u0131n n\u00fcksetmesi nedeniyle K\u0131rg\u0131zistan ziyaretini yar\u0131da keserek tedbir ama\u00e7l\u0131 T\u00fcrkiye&#8217; ye d\u00f6n\u00fcyor.<\/p>\n<p style=\"text-align: justify;\">K\u0131rg\u0131zistan&#8217;\u0131n ba\u015fkenti Bi\u015fkek&#8217;te T\u00fcrk Konseyi Zirvesi&#8217;nin a\u00e7\u0131l\u0131\u015f\u0131na kat\u0131lan Cumhurba\u015fkan\u0131 Abdullah G\u00fcl&#8217;\u00fcn kula\u011f\u0131ndaki rahats\u0131zl\u0131\u011f\u0131n n\u00fcksetmesi \u00fczerine ba\u015f ba\u015fa ve heyetler aras\u0131 g\u00f6r\u00fc\u015fmelerin ard\u0131ndan bug\u00fcn \u00f6\u011fle saatlerinde Ankara&#8217;ya d\u00f6nece\u011fi belirtildi. <\/p>\n","protected":false},"author":1,"featured_media":0,"comment_status":"open","ping_status":"open","sticky":false,"template":"","format":"standard","meta":{"footnotes":""},"categories":[105],"tags":[],"class_list":["post-54168","post","type-post","status-publish","format-standard","hentry","category-gundem","odd"],"_links":{"self":[{"href":"http:\/\/www.korhanyilmaz.com\/index.php?rest_route=\/wp\/v2\/posts\/54168","targetHints":{"allow":["GET"]}}],"collection":[{"href":"http:\/\/www.korhanyilmaz.com\/index.php?rest_route=\/wp\/v2\/posts"}],"about":[{"href":"http:\/\/www.korhanyilmaz.com\/index.php?rest_route=\/wp\/v2\/types\/post"}],"author":[{"embeddable":true,"href":"http:\/\/www.korhanyilmaz.com\/index.php?rest_route=\/wp\/v2\/users\/1"}],"replies":[{"embeddable":true,"href":"http:\/\/www.korhanyilmaz.com\/index.php?rest_route=%2Fwp%2Fv2%2Fcomments&post=54168"}],"version-history":[{"count":0,"href":"http:\/\/www.korhanyilmaz.com\/index.php?rest_route=\/wp\/v2\/posts\/54168\/revisions"}],"wp:attachment":[{"href":"http:\/\/www.korhanyilmaz.com\/index.php?rest_route=%2Fwp%2Fv2%2Fmedia&parent=54168"}],"wp:term":[{"taxonomy":"category","embeddable":true,"href":"http:\/\/www.korhanyilmaz.com\/index.php?rest_route=%2Fwp%2Fv2%2Fcategories&post=54168"},{"taxonomy":"post_tag","embeddable":true,"href":"http:\/\/www.korhanyilmaz.com\/index.php?rest_route=%2Fwp%2Fv2%2Ftags&post=54168"}],"curies":[{"name":"wp","href":"https:\/\/api.w.org\/{rel}","templated":true}]}}