{"id":54161,"date":"2012-08-21T07:59:55","date_gmt":"2012-08-21T04:59:55","guid":{"rendered":"http:\/\/www.korhanyilmaz.com\/?p=54161"},"modified":"2012-08-23T06:54:28","modified_gmt":"2012-08-23T03:54:28","slug":"pkklilar-canim-diyen-akpli-vekil-kim","status":"publish","type":"post","link":"http:\/\/www.korhanyilmaz.com\/?p=54161","title":{"rendered":"\u2018PKK\u2019l\u0131lar can\u0131m\u2019 diyen AKP\u2019li vekil kim?"},"content":{"rendered":"<p style=\"text-align: justify;\"><a href=\"http:\/\/www.korhanyilmaz.com\/wp-content\/uploads\/2012\/08\/H347.jpg\"  class=\"lightview\"><img loading=\"lazy\" decoding=\"async\" class=\"aligncenter size-full wp-image-54162\" title=\"\" src=\"http:\/\/www.korhanyilmaz.com\/wp-content\/uploads\/2012\/08\/H347.jpg\" alt=\"\" width=\"337\" height=\"214\" \/><\/a><\/p>\n<p style=\"text-align: justify;\">CHP Milletvekili Muharrem \u0130nce, Ba\u015fbakan Recep Tayyip Erdo\u011fan\u2019a \u2018da\u011fdakiler benim can\u0131m ci\u011ferim\u2019 diyen AKP\u2019li \u00ad\u00ad\u00admilletvekilini sordu. \u0130nce, \u201cBu milletvekilinin kim oldu\u011funu a\u00e7\u0131klas\u0131n. A\u00e7\u0131klamazsa ben belgeleriyle kim oldu\u011funu a\u00e7\u0131klar\u0131m\u201d dedi.<\/p>\n<p style=\"text-align: justify;\">Yalova CHP \u0130l Ba\u015fkanl\u0131\u011f\u0131\u2019nda bas\u0131n toplant\u0131s\u0131 yapan \u0130nce, Ba\u015fbakan Erdo\u011fan\u2019a seslendi. \u0130nce, \u201cBayram g\u00fcn\u00fc Ba\u015fbakan Recep Tayyip Erdo\u011fan\u2019a 2 sorum olacak. \u2018PKK\u2019l\u0131lar, da\u011fdakiler benim arkada\u015flar\u0131m. Onlar benim can\u0131m ci\u011ferim\u2019 diyen AKP Milletvekili kim? Ba\u015fbakan bu soruya cevap versin. Ba\u015fbakan bu soruya cevap vermezse ve kim oldu\u011funu bulamazsa ben ona belgeleri ile birlikte g\u00f6nderirim\u201d diye konu\u015ftu.<!--more--><\/p>\n<p style=\"text-align: justify;\">Ba\u015fbakan Erdo\u011fan\u2019\u0131 ele\u015ftiren \u0130nce konu\u015fmas\u0131n\u0131 \u015f\u00f6yle s\u00fcrd\u00fcrd\u00fc:<\/p>\n<p style=\"text-align: justify;\"><strong>\u2018Sen hi\u00e7 utanm\u0131yor musun?\u2019\u00a0<\/strong><\/p>\n<p style=\"text-align: justify;\">\u201cAtat\u00fcrk\u2019e hakaret etmeyi b\u0131rak\u0131p \u015f\u00fckret. Say\u0131n Ba\u015fbakan sen hi\u00e7 utanm\u0131yor musun? Bu \u00fclkenin gen\u00e7lerin sava\u015f meydanlar\u0131nda \u00f6lm\u00fc\u015f, topraklar\u0131 i\u015fgal edilmi\u015f. Fabrikas\u0131 yok, yolu yok. Baraj\u0131 \u00fcniversitesi yok. Bir ba\u011f\u0131ms\u0131z devlet kurmu\u015flar. \u2018Demir a\u011flarla \u00f6rd\u00fck yurdu d\u00f6rt ba\u015ftan\u2019 diye \u015fark\u0131lar s\u00f6ylemi\u015f. Bu \u00fclkede \u015feker fabrikalar\u0131 kurmu\u015flar. Bu k\u00f6yl\u00fc devletinden modern bir \u00fclke kurmu\u015flar. Sen utanm\u0131yor musun bu devletin kurucular\u0131na ikide birde hakaret etmeye. Say\u0131n Ba\u015fbakan, dedenin sana anlatt\u0131klar\u0131 yalan. Art\u0131k dedenin anlatt\u0131klar\u0131ndan vazge\u00e7 de elinin alt\u0131nda o kadar olanak varken biraz oku ve ara\u015ft\u0131r. Biraz vefa duygunu kullan ve bu Cumhuriyeti kuranlara biraz \u015f\u00fckret, dua et. Onlara hakaret edersen sana cevab\u0131n\u0131 veririz.\u201d<\/p>\n<p style=\"text-align: justify;\"><a href=\"http:\/\/www.aydinlikgazete.com\/mansetler\/14640-pkkllar-canm-diyen-akpli-vekil-kim.html\" target=\"_blank\">Kaynak : Ayd\u0131nl\u0131k Gazetesi<\/a><\/p>\n","protected":false},"excerpt":{"rendered":"<p style=\"text-align: justify;\">\n<p style=\"text-align: justify;\">CHP Milletvekili Muharrem \u0130nce, Ba\u015fbakan Recep Tayyip Erdo\u011fan\u2019a \u2018da\u011fdakiler benim can\u0131m ci\u011ferim\u2019 diyen AKP\u2019li \u00ad\u00ad\u00admilletvekilini sordu. \u0130nce, \u201cBu milletvekilinin kim oldu\u011funu a\u00e7\u0131klas\u0131n. A\u00e7\u0131klamazsa ben belgeleriyle kim oldu\u011funu a\u00e7\u0131klar\u0131m\u201d dedi.<\/p>\n<p style=\"text-align: justify;\">Yalova CHP \u0130l Ba\u015fkanl\u0131\u011f\u0131\u2019nda bas\u0131n toplant\u0131s\u0131 yapan \u0130nce, Ba\u015fbakan Erdo\u011fan\u2019a seslendi. \u0130nce, \u201cBayram g\u00fcn\u00fc Ba\u015fbakan Recep Tayyip Erdo\u011fan\u2019a 2 <\/p>\n","protected":false},"author":1,"featured_media":0,"comment_status":"open","ping_status":"open","sticky":false,"template":"","format":"standard","meta":{"footnotes":""},"categories":[105],"tags":[],"class_list":["post-54161","post","type-post","status-publish","format-standard","hentry","category-gundem","odd"],"_links":{"self":[{"href":"http:\/\/www.korhanyilmaz.com\/index.php?rest_route=\/wp\/v2\/posts\/54161","targetHints":{"allow":["GET"]}}],"collection":[{"href":"http:\/\/www.korhanyilmaz.com\/index.php?rest_route=\/wp\/v2\/posts"}],"about":[{"href":"http:\/\/www.korhanyilmaz.com\/index.php?rest_route=\/wp\/v2\/types\/post"}],"author":[{"embeddable":true,"href":"http:\/\/www.korhanyilmaz.com\/index.php?rest_route=\/wp\/v2\/users\/1"}],"replies":[{"embeddable":true,"href":"http:\/\/www.korhanyilmaz.com\/index.php?rest_route=%2Fwp%2Fv2%2Fcomments&post=54161"}],"version-history":[{"count":0,"href":"http:\/\/www.korhanyilmaz.com\/index.php?rest_route=\/wp\/v2\/posts\/54161\/revisions"}],"wp:attachment":[{"href":"http:\/\/www.korhanyilmaz.com\/index.php?rest_route=%2Fwp%2Fv2%2Fmedia&parent=54161"}],"wp:term":[{"taxonomy":"category","embeddable":true,"href":"http:\/\/www.korhanyilmaz.com\/index.php?rest_route=%2Fwp%2Fv2%2Fcategories&post=54161"},{"taxonomy":"post_tag","embeddable":true,"href":"http:\/\/www.korhanyilmaz.com\/index.php?rest_route=%2Fwp%2Fv2%2Ftags&post=54161"}],"curies":[{"name":"wp","href":"https:\/\/api.w.org\/{rel}","templated":true}]}}