{"id":54122,"date":"2012-08-21T11:48:35","date_gmt":"2012-08-21T08:48:35","guid":{"rendered":"http:\/\/www.korhanyilmaz.com\/?p=54122"},"modified":"2012-08-21T20:21:35","modified_gmt":"2012-08-21T17:21:35","slug":"terim-isyan-ederken-akpli-vekil-hakan-sukur-ne-yapiyordu","status":"publish","type":"post","link":"http:\/\/www.korhanyilmaz.com\/?p=54122","title":{"rendered":"Terim isyan ederken AKP&#8217;li vekil Hakan \u015e\u00fck\u00fcr ne yap\u0131yordu"},"content":{"rendered":"<p style=\"text-align: justify;\"><a href=\"http:\/\/www.korhanyilmaz.com\/wp-content\/uploads\/2012\/08\/H337.jpg\"  class=\"lightview\"><img loading=\"lazy\" decoding=\"async\" class=\"aligncenter size-full wp-image-54123\" title=\"\" src=\"http:\/\/www.korhanyilmaz.com\/wp-content\/uploads\/2012\/08\/H337.jpg\" alt=\"\" width=\"373\" height=\"216\" \/><\/a><\/p>\n<p style=\"text-align: justify;\">Terim&#8217;in G.Antep&#8217;teki sald\u0131r\u0131 sonras\u0131 ma\u00e7\u0131 yorumlamay\u0131p olaya dikkat \u00e7ekti\u011fi dakikalarda \u015e\u00fck\u00fcr ma\u00e7\u0131 yorumluyordu..<\/p>\n<p style=\"text-align: justify;\">Gaziantep\u2019te 9 ki\u015finin hayat\u0131n\u0131 kaybetti\u011fi bombal\u0131 sald\u0131r\u0131 sonras\u0131 Fatih Terim kameralar\u0131n kar\u015f\u0131s\u0131na ge\u00e7mi\u015f ve kazand\u0131klar\u0131 ma\u00e7\u0131 anlatmaya haz\u0131rlan\u0131yordu. Ancak hi\u00e7 kimsenin beklemedi\u011fi bir konu\u015fma yapan Fatih Terim, \u2018karde\u015f karde\u015fi \u00f6ld\u00fcr\u00fcrken hi\u00e7 kimse kusura bakmas\u0131n ben burada futbol konu\u015famam\u2019 demi\u015fti.\u00a0<!--more--><\/p>\n<p style=\"text-align: justify;\"><strong>HAKAN \u015e\u00dcK\u00dcR MA\u00c7I YORUMLUYORDU<\/strong><\/p>\n<p style=\"text-align: justify;\">Fatih Terim\u2019in bu hakl\u0131 tepkisini alk\u0131\u015flayanlar, ayn\u0131 dakikalarda Lig TV&#8217;de ma\u00e7 sonras\u0131n\u0131 yorumlayan Hakan \u015e\u00fck\u00fcr&#8217;e tepkiliydi. Lig TV\u2019de yorumculuk yapan Hakan \u015e\u00fck\u00fcr\u2019e tepkiler sosyal medyada adeta patlad\u0131. \u00d6zellikle Twitter\u2019dan Ak Parti \u0130stanbul milletvekili Hakan \u015e\u00fck\u00fcr\u2019\u00fc Terim&#8217;le kar\u015f\u0131la\u015ft\u0131ranlar milletvekili \u015e\u00fck\u00fcr&#8217;e sert ele\u015ftiriler y\u00f6neltti.<\/p>\n<p style=\"text-align: justify;\"><span style=\"text-decoration: underline;\"><strong>\u0130\u015fte Twitter&#8217;daki tepkiler\u00a0<\/strong><\/span><\/p>\n<p style=\"text-align: justify;\"><strong><span style=\"color: #3366ff;\">TerbiyesizHerif \u200f@TerbiyesizHerif\u00a0<\/span><\/strong><\/p>\n<p style=\"text-align: justify;\">Milletvekili Hakan \u015e\u00fck\u00fcr canl\u0131 yay\u0131nda ma\u00e7lar\u0131 analiz ede dursun, Fatih Hoca &#8220;benim i\u00e7im yan\u0131yor&#8221; diyerek yorum yapmay\u0131 reddetmi\u015ftir. Helal!<\/p>\n<p style=\"text-align: justify;\"><strong><span style=\"color: #3366ff;\">GUARDIANOFFENERBAH\u00c7E \u200f@FENERBAHmEt<\/span>\u00a0<\/strong><\/p>\n<p style=\"text-align: justify;\">Fatih Terim ; Bu \u00fclkeye ne oluyor,Y\u00fcre\u011fim yan\u0131yor.. Milletvekili Hakan \u015e\u00fck\u00fcr @hakansukur ; Galatasaray bu y\u0131l ligi domine eder (Fark\u0131 Bulun)<\/p>\n<p style=\"text-align: justify;\"><strong><span style=\"color: #3366ff;\">Korsan \u200f@Korsan\u00a0<\/span><\/strong><\/p>\n<p style=\"text-align: justify;\">Galatasaray Teknik Direkt\u00f6r\u00fc Fatih Terim ter\u00f6r\u00fc l\u00e2netliyor. Milletvekili Hakan \u015e\u00fck\u00fcr ma\u00e7 yorumluyor. Hangisi cemaat\u00e7i ve akp&#8217;li tahmin edin!<\/p>\n<p style=\"text-align: justify;\"><strong><span style=\"color: #3366ff;\">Sezai \u015eahmay \u200f@SezaiSahmay\u00a0<\/span><\/strong><\/p>\n<p style=\"text-align: justify;\">ARADAK\u0130 FARKA BAK\u0130N, Adam gibi adam Fatih Terim ma\u00e7tan sonra konu\u015famiyor, digeri AKP milletvekili Hakan \u015e\u00fck\u00fcr futbol yorumculu\u011funa devam<\/p>\n<p style=\"text-align: justify;\"><strong><span style=\"color: #3366ff;\">Fenerist \u200f@Feneristcomtr\u00a0<\/span><\/strong><\/p>\n<p style=\"text-align: justify;\">Milletvekili Hakan \u015e\u00fck\u00fcr Gaziantep&#8217;te ki hain sald\u0131r\u0131 i\u00e7in a\u011f\u0131r konu\u015ftu; &#8220;GS bu y\u0131l ligi \u015f\u00f6mine eder.&#8221;<\/p>\n<p style=\"text-align: justify;\"><strong><span style=\"color: #3366ff;\">Alper Turgut \u200f@AlperTurgut01<\/span><\/strong><\/p>\n<p style=\"text-align: justify;\">Bakan Fatma \u015eahin&#8217;den g\u00fcncel haberleri, milletvekili Hakan \u015e\u00fck\u00fcr&#8217;den de spor haberlerini ald\u0131k ve yay\u0131n\u0131m\u0131z bitti. \u0130yi uykular T\u00fcrkiye :)<\/p>\n<p style=\"text-align: justify;\"><span style=\"color: #3366ff;\"><strong>CanTerzii \u200f@10uncuKoylu\u00a0<\/strong><\/span><\/p>\n<p style=\"text-align: justify;\">Milletvekili Hakan \u015e\u00fck\u00fcr Antepte olan sald\u0131r\u0131 i\u00e7in a\u011f\u0131r konu\u015ftu; Galatasaray net bir galibiyet ald\u0131!!<\/p>\n<p style=\"text-align: justify;\"><span style=\"color: #3366ff;\"><strong>Kom\u015funun Me\u015fhur O\u011flu \u200f@CEMiLARAZ\u00a0<\/strong><\/span><\/p>\n<p style=\"text-align: justify;\">Hangi takimli olursan ol Milletvekili Hakan \u015e\u00fck\u00fcr &#8216;\u00fcn tutumundan sonra Fatih Terim &#8216;in davranisina &#8216;helal olsun&#8217; demeyen adam, adam diildir.<\/p>\n<p style=\"text-align: justify;\"><span style=\"color: #3366ff;\"><strong>Hande \u200f@TweetciHanim<\/strong><\/span><\/p>\n<p style=\"text-align: justify;\">\u00dclkenin durumunu \u00f6zet ge\u00e7iyorum: Milletvekili Hakan \u015e\u00fck\u00fcr&#8230;<\/p>\n<p style=\"text-align: justify;\"><span style=\"color: #3366ff;\"><strong>Y\u0131ld\u0131r\u0131m Demir\u00f6ren \u200f@DemirOrenTFF\u00a0<\/strong><\/span><\/p>\n<p style=\"text-align: justify;\">Hakan \u015e\u00fck\u00fcr bu \u00fclkede Milletvekili ise benim TFF ba\u015fkan\u0131 olmamdaki problem ne?<\/p>\n<p style=\"text-align: justify;\"><strong><span style=\"color: #3366ff;\">Erhan \u00c7elik \u200f@Erhan_Celikk\u00a0<\/span><\/strong><\/p>\n<p style=\"text-align: justify;\">Fatih Terim futbol konu\u015fmuyor, Hakan \u015e\u00fck\u00fcr ma\u00e7\u0131 yorumluyor. Biri asil di\u011feri vekil..<\/p>\n<p style=\"text-align: justify;\"><span style=\"color: #3366ff;\"><strong>T\u00fcrk Gen\u00e7li\u011fi \u200f@TURK_GENCLIGI\u00a0<\/strong><\/span><\/p>\n<p style=\"text-align: justify;\">Spor adam\u0131 Fatih Terim memleketin ac\u0131s\u0131n\u0131 i\u00e7inde hissederken, milletvekili Hakan \u015e\u00fck\u00fcr spor yorumculu\u011fu yap\u0131yor! Biz bu adama maa\u015f veriyoruz<\/p>\n<p style=\"text-align: justify;\"><span style=\"color: #3366ff;\"><strong>Do\u00e7. Dr. T. Kad\u0131o\u011flu \u200f@TeomanKadioglu\u00a0<\/strong><\/span><\/p>\n<p style=\"text-align: justify;\">Milletvekili Hakan \u015e\u00fck\u00fcr futbol yorumu yaparken antren\u00f6r\u00fcm\u00fcz Fatih Terim ter\u00f6r\u00fc lanetliyor! Bu ne yaman \u00e7eli\u015fkidir?<\/p>\n<p style=\"text-align: justify;\"><a href=\"http:\/\/www.muhalifgazete.com\/46150-Terim-isyan-ederken-AKPli-vekil-Hakan-sukur-ne-yapiyordu.htm\" target=\"_blank\">Kaynak : Muhalif Gazete<\/a><\/p>\n","protected":false},"excerpt":{"rendered":"<p style=\"text-align: justify;\">\n<p style=\"text-align: justify;\">Terim&#8217;in G.Antep&#8217;teki sald\u0131r\u0131 sonras\u0131 ma\u00e7\u0131 yorumlamay\u0131p olaya dikkat \u00e7ekti\u011fi dakikalarda \u015e\u00fck\u00fcr ma\u00e7\u0131 yorumluyordu..<\/p>\n<p style=\"text-align: justify;\">Gaziantep\u2019te 9 ki\u015finin hayat\u0131n\u0131 kaybetti\u011fi bombal\u0131 sald\u0131r\u0131 sonras\u0131 Fatih Terim kameralar\u0131n kar\u015f\u0131s\u0131na ge\u00e7mi\u015f ve kazand\u0131klar\u0131 ma\u00e7\u0131 anlatmaya haz\u0131rlan\u0131yordu. Ancak hi\u00e7 kimsenin beklemedi\u011fi bir konu\u015fma yapan Fatih Terim, \u2018karde\u015f karde\u015fi \u00f6ld\u00fcr\u00fcrken hi\u00e7 kimse kusura bakmas\u0131n ben <\/p>\n","protected":false},"author":1,"featured_media":0,"comment_status":"open","ping_status":"open","sticky":false,"template":"","format":"standard","meta":{"footnotes":""},"categories":[105,42],"tags":[],"class_list":["post-54122","post","type-post","status-publish","format-standard","hentry","category-gundem","category-spor","odd"],"_links":{"self":[{"href":"http:\/\/www.korhanyilmaz.com\/index.php?rest_route=\/wp\/v2\/posts\/54122","targetHints":{"allow":["GET"]}}],"collection":[{"href":"http:\/\/www.korhanyilmaz.com\/index.php?rest_route=\/wp\/v2\/posts"}],"about":[{"href":"http:\/\/www.korhanyilmaz.com\/index.php?rest_route=\/wp\/v2\/types\/post"}],"author":[{"embeddable":true,"href":"http:\/\/www.korhanyilmaz.com\/index.php?rest_route=\/wp\/v2\/users\/1"}],"replies":[{"embeddable":true,"href":"http:\/\/www.korhanyilmaz.com\/index.php?rest_route=%2Fwp%2Fv2%2Fcomments&post=54122"}],"version-history":[{"count":0,"href":"http:\/\/www.korhanyilmaz.com\/index.php?rest_route=\/wp\/v2\/posts\/54122\/revisions"}],"wp:attachment":[{"href":"http:\/\/www.korhanyilmaz.com\/index.php?rest_route=%2Fwp%2Fv2%2Fmedia&parent=54122"}],"wp:term":[{"taxonomy":"category","embeddable":true,"href":"http:\/\/www.korhanyilmaz.com\/index.php?rest_route=%2Fwp%2Fv2%2Fcategories&post=54122"},{"taxonomy":"post_tag","embeddable":true,"href":"http:\/\/www.korhanyilmaz.com\/index.php?rest_route=%2Fwp%2Fv2%2Ftags&post=54122"}],"curies":[{"name":"wp","href":"https:\/\/api.w.org\/{rel}","templated":true}]}}