{"id":5410,"date":"2009-03-14T16:10:56","date_gmt":"2009-03-14T14:10:56","guid":{"rendered":"http:\/\/www.korhanyilmaz.com\/?p=5410"},"modified":"2009-03-14T16:10:56","modified_gmt":"2009-03-14T14:10:56","slug":"basbakan-erdogana-bize-huzur-verin-tepkisi","status":"publish","type":"post","link":"http:\/\/www.korhanyilmaz.com\/?p=5410","title":{"rendered":"Ba\u015fbakan Erdo\u011fan&#039;a &quot;Bize Huzur Verin&quot; Tepkisi"},"content":{"rendered":"<p style=\"text-align: justify;\"><a href=\"http:\/\/www.korhanyilmaz.com\/wp-content\/uploads\/2009\/03\/150320090250399929981.jpg\"  class=\"lightview\"><img loading=\"lazy\" decoding=\"async\" class=\"aligncenter size-full wp-image-5411\" title=\"BA\u015eBAKAN ERDO\u011eAN'A &quot;B\u0130ZE HUZUR VER\u0130N&quot; TEPK\u0130S\u0130 \" src=\"http:\/\/www.korhanyilmaz.com\/wp-content\/uploads\/2009\/03\/150320090250399929981.jpg\" alt=\"BA\u015eBAKAN ERDO\u011eAN'A &quot;B\u0130ZE HUZUR VER\u0130N&quot; TEPK\u0130S\u0130 \" width=\"376\" height=\"240\" \/><\/a><\/p>\n<p style=\"text-align: justify;\"><strong>Erdo\u011fan: Bir \u015fey biliyorsan ve bunu ispat etmiyorsan namertsin. Haks\u0131zl\u0131k kar\u015f\u0131s\u0131nda susmam. Benim hi\u00e7bir savc\u0131 ve Ba\u015fsavc\u0131&#8217;yla bir g\u00f6r\u00fc\u015fmem olmam\u0131\u015ft\u0131r. Gizli gizli konu\u015fma, ispatla<\/strong><\/p>\n<p style=\"text-align: justify;\">Ba\u015fbakan Erdo\u011fan, d\u00fcn \u00f6nce Yalova ard\u0131ndan da Bursa&#8217;da konu\u015ftu. Yalova&#8217;daki konu\u015fmas\u0131nda CHP lideri Deniz Baykal&#8217;a y\u00fcklenen Ba\u015fbakan, MHP lideri Bah\u00e7eli&#8217;nin Kayseri&#8217;deki s\u00f6zlerinden sonra Bursa&#8217;da da MHP lideri Bah\u00e7eli&#8217;ye y\u00fcklendi; yepyeni bir tart\u0131\u015fma ba\u015flad\u0131. Erdo\u011fan, \u015f\u00f6yle konu\u015ftu: <!--more--><\/p>\n<p style=\"text-align: justify;\"><strong>\u0130SPAT ET:<\/strong> Bah\u00e7eli&#8217;nin kimyas\u0131 bozuluyor. Bu, ba\u015fkalar\u0131n\u0131n \u00e7ekti\u011fi \u00e7izgi. 760 bin metrekarelik vatan topraklar\u0131 bizim. Sen git de hepsinde siyaset yap t\u00fcm illerde. \u0130\u015fine gelende de\u011fil. 71.5 milyon vatan evlad\u0131n\u0131n hepsi bizim. Ay\u0131rt edemedim. Gerilim siyasetiymi\u015f efendim. Ger\u00e7ekleri s\u00f6ylemek mi gerilim siyaseti. Bursa&#8217;dan Bah\u00e7eliye sesleniyorum. Yasakl\u0131 oldu\u011fum d\u00f6nem. Milli E\u011fitim Bakanl\u0131\u011f\u0131&#8217;n\u0131n talim terbiye kurullar\u0131n\u0131n onay\u0131ndan ge\u00e7irilen \u015fiiri okudu\u011fum i\u00e7in i\u00e7eri girdim, yasakl\u0131 oldum. Bu karde\u015finizin ba\u015fkanl\u0131k yapt\u0131\u011f\u0131 \u0130stanbul B\u00fcy\u00fck\u015fehir Belediyesi d\u00f6nemine ait. CHP&#8217;den nas\u0131l al\u0131nd\u0131. Nas\u0131l b\u0131rakt\u0131m. \u0130stanbulular o g\u00f6r\u00fcnt\u00fcy\u00fc bilir. Bah\u00e7eli&#8217;ye soruyorum. Kararl\u0131 konularda kimlerle konu\u015ftun. Senin siyasete d\u00f6nmene imkan\u0131 verenler kimler? \u0130stemezdim ama bunu bana mecbur ettim. \u0130ddian\u0131n sahibi Bah\u00e7eli&#8217;nin kendisidir. Sen bir\u015fey biliyorsan ve bunu ispat etmiyorsan namertsin. Senin k\u0131lavuzun kimdir bilemem. Ama bu kadar a\u011f\u0131r konu\u015fuyor. Hangi karanl\u0131k odalarda kimle konu\u015fmu\u015fum. \u0130spat etmezsen namertsin.<\/p>\n<p style=\"text-align: justify;\"><strong>SAVCI&#8217;YLA G\u00d6R\u00dc\u015eMED\u0130M:<\/strong> (Bah\u00e7eli, savc\u0131dan bahsetmemesine ra\u011fmen Erdo\u011fan&#8217;\u0131n savc\u0131yla g\u00f6r\u00fc\u015fmedi\u011fi vurgulad\u0131) Haks\u0131zl\u0131k kar\u015f\u0131s\u0131nda susmam. Benim hi\u00e7 bir savc\u0131 ve ba\u015fsavc\u0131 ile g\u00f6r\u00fc\u015fmem olmam\u0131\u015ft\u0131r. A\u00e7\u0131k konu\u015fuyorum. Bunu a\u00e7\u0131klamaya mecbursun. A\u00e7\u0131klamazsan tarih de, ben de seni affetmiyorum. Bir genel ba\u015fkan b\u00f6yle iftira i\u00e7ersine girmez. Kalk\u0131p da bunu T\u00fcrkiye Cumhuriyeti Ba\u015fbakan\u0131 i\u00e7in s\u00f6ylemez. Biliyorsan kalk a\u00e7\u0131kla. Gizli gizli konu\u015fma. D\u00fcr\u00fcst ve samimi ol. Bildi\u011fini a\u00e7\u0131kla ki beni halk indinde bitir. Milletim seni de affetmez &#8221; diye konu\u015ftu.<\/p>\n<p style=\"text-align: justify;\"><strong>BAYKAL&#8217;A ELE\u015eT\u0130R\u0130:<\/strong> Bize Atat\u00fcrk\u00e7\u00fcy\u00fcz diyorlar. Siz Atat\u00fcrk \u00fczerinden ge\u00e7inenlersiniz. Bunlar Atat\u00fcrk \u00f6ld\u00fc\u011f\u00fc zaman T\u00fcrk liras\u0131n\u0131n \u00fczerinden resmini \u00e7\u0131kart\u0131p \u0130n\u00f6n\u00fc&#8217;n\u00fcn resmini koyan bunlar de\u011fil mi? Devlet dairelerinden Atat\u00fcrk&#8217;\u00fcn resmini kald\u0131r\u0131p \u0130n\u00f6n\u00fc&#8217;n\u00fcn koyan bunlar de\u011fil mi? Eski\u015fehir&#8217;de ya\u015fl\u0131 bir amca elimi tuttu. Bana n\u00fcfus ka\u011f\u0131d\u0131n\u0131 verdi. N\u00fcfus ka\u011f\u0131d\u0131nda ekmekte. \u015eekerde patiskada m\u00fch\u00fcr var m\u00fch\u00fcr. Alt\u0131nda \u015feker m\u00fchr\u00fc var. Ya CHP siz busunuz be. Biz Cumhuriyetten eskiyiz diyorlar. Cumhuriyetten eski olsan ne olacak. Tek partili y\u00f6netimden sonra ne yapt\u0131n\u0131z. Tunceli&#8217;deki valime tak\u0131l\u0131yorsun Sizin bu \u00fclkede il ba\u015fkanlar\u0131n\u0131z valilik yap\u0131yordu. Son zamanlarda genel sekreterinin Bolu valisiyle konu\u015fmas\u0131. Yes ve no davas\u0131. \u00c7\u0131k\u0131yor \u015fimdi meydanlarda konu\u015fuyor. Baykal buraya gelmi\u015f. Uslubunu be\u011fendiniz mi? Adaba erkana uyan bir komu\u015fma tarz\u0131 m\u0131 var? T\u00fcrkiye Cumhuriyeti Ba\u015fbakan\u0131&#8217;na yapt\u0131\u011f\u0131 benzetmesini duydunuz mu? Yalova nezaketin, inceli\u011fin, edep ve adap \u015fehridir. Yalova bu usluba 29 Mart&#8217;ta cevab\u0131n\u0131 verecek. \u00d6nceki g\u00fcn Mu\u011fla&#8217;da yapt\u0131\u011f\u0131 konu\u015fmada 2011&#8217;de iktidara geleceklerini s\u00f6yledi. San\u0131yorum dili s\u00fcr\u00e7t\u00fc. 3011 diyecekti. Allah uzun \u00f6m\u00fcr versin, \u015fu anda 70 ya\u015f\u0131nda kendisi, b\u00f6yle giderse 3011&#8217;de de say\u0131n Baykal CHP&#8217;nin ba\u015f\u0131nda olur.<\/p>\n<p style=\"text-align: justify;\"><strong>BA\u015eBAKAN ERDO\u011eAN&#8217;A &#8220;B\u0130ZE HUZUR VER\u0130N&#8221; TEPK\u0130S\u0130 <\/strong><\/p>\n<p style=\"text-align: justify;\">Se\u00e7im otob\u00fcs\u00fc ile il stad\u0131na hareket etti\u011fi s\u0131rada yoldan ge\u00e7en ve ad\u0131 \u00f6\u011frenilemeyen orta ya\u015flarda modern giyimli bir kad\u0131n, Ba\u015fbakan Erdo\u011fan&#8217;a &#8220;Bir huzur ver, yettin art\u0131k&#8221; diye ba\u011f\u0131rd\u0131. Bunun \u00fczerine Erdo\u011fan otob\u00fcsten inip kad\u0131n ile g\u00f6r\u00fc\u015ft\u00fc. Erdo\u011fan daha sonra otob\u00fcse binerek giderken, kad\u0131n\u0131n foto\u011fraf\u0131n\u0131n \u00e7ekilmesine sinirlenen partililer ve korumalar, gazetecileri tartaklarken, kad\u0131n da uzakla\u015ft\u0131r\u0131ld\u0131.<\/p>\n<p style=\"text-align: justify;\"><span style=\"color: #888888;\">Kaynak : Vatan Gazetesi<\/span><\/p>\n","protected":false},"excerpt":{"rendered":"<p style=\"text-align: justify;\">\n<p style=\"text-align: justify;\">Erdo\u011fan: Bir \u015fey biliyorsan ve bunu ispat etmiyorsan namertsin. Haks\u0131zl\u0131k kar\u015f\u0131s\u0131nda susmam. Benim hi\u00e7bir savc\u0131 ve Ba\u015fsavc\u0131&#8217;yla bir g\u00f6r\u00fc\u015fmem olmam\u0131\u015ft\u0131r. Gizli gizli konu\u015fma, ispatla<\/p>\n<p style=\"text-align: justify;\">Ba\u015fbakan Erdo\u011fan, d\u00fcn \u00f6nce Yalova ard\u0131ndan da Bursa&#8217;da konu\u015ftu. Yalova&#8217;daki konu\u015fmas\u0131nda CHP lideri Deniz Baykal&#8217;a y\u00fcklenen Ba\u015fbakan, MHP lideri Bah\u00e7eli&#8217;nin Kayseri&#8217;deki s\u00f6zlerinden sonra Bursa&#8217;da <\/p>\n","protected":false},"author":1,"featured_media":0,"comment_status":"open","ping_status":"closed","sticky":false,"template":"","format":"standard","meta":{"footnotes":""},"categories":[105],"tags":[],"class_list":["post-5410","post","type-post","status-publish","format-standard","hentry","category-gundem","odd"],"_links":{"self":[{"href":"http:\/\/www.korhanyilmaz.com\/index.php?rest_route=\/wp\/v2\/posts\/5410","targetHints":{"allow":["GET"]}}],"collection":[{"href":"http:\/\/www.korhanyilmaz.com\/index.php?rest_route=\/wp\/v2\/posts"}],"about":[{"href":"http:\/\/www.korhanyilmaz.com\/index.php?rest_route=\/wp\/v2\/types\/post"}],"author":[{"embeddable":true,"href":"http:\/\/www.korhanyilmaz.com\/index.php?rest_route=\/wp\/v2\/users\/1"}],"replies":[{"embeddable":true,"href":"http:\/\/www.korhanyilmaz.com\/index.php?rest_route=%2Fwp%2Fv2%2Fcomments&post=5410"}],"version-history":[{"count":0,"href":"http:\/\/www.korhanyilmaz.com\/index.php?rest_route=\/wp\/v2\/posts\/5410\/revisions"}],"wp:attachment":[{"href":"http:\/\/www.korhanyilmaz.com\/index.php?rest_route=%2Fwp%2Fv2%2Fmedia&parent=5410"}],"wp:term":[{"taxonomy":"category","embeddable":true,"href":"http:\/\/www.korhanyilmaz.com\/index.php?rest_route=%2Fwp%2Fv2%2Fcategories&post=5410"},{"taxonomy":"post_tag","embeddable":true,"href":"http:\/\/www.korhanyilmaz.com\/index.php?rest_route=%2Fwp%2Fv2%2Ftags&post=5410"}],"curies":[{"name":"wp","href":"https:\/\/api.w.org\/{rel}","templated":true}]}}