{"id":54094,"date":"2012-08-20T19:06:15","date_gmt":"2012-08-20T16:06:15","guid":{"rendered":"http:\/\/www.korhanyilmaz.com\/?p=54094"},"modified":"2012-08-21T11:39:21","modified_gmt":"2012-08-21T08:39:21","slug":"icisleri-bakani-agzina-tikarim-o-yazilari","status":"publish","type":"post","link":"http:\/\/www.korhanyilmaz.com\/?p=54094","title":{"rendered":"\u0130\u00e7i\u015fleri Bakan\u0131: A\u011fz\u0131na t\u0131kar\u0131m o yaz\u0131lar\u0131"},"content":{"rendered":"<p style=\"text-align: justify;\"><a href=\"http:\/\/www.korhanyilmaz.com\/wp-content\/uploads\/2012\/08\/H331.jpg\"  class=\"lightview\"><img loading=\"lazy\" decoding=\"async\" class=\"aligncenter size-full wp-image-54095\" title=\"\" src=\"http:\/\/www.korhanyilmaz.com\/wp-content\/uploads\/2012\/08\/H331.jpg\" alt=\"\" width=\"374\" height=\"187\" \/><\/a><\/p>\n<p style=\"text-align: justify;\">\u0130\u00e7i\u015fleri Bakan\u0131 \u0130dris Naim \u015eahin, baz\u0131 BDP&#8217;li milletvekillerinin PKK&#8217;l\u0131larla bulu\u015fmas\u0131yla ilgili olarak, &#8220;salak\u00e7a ortaya d\u00fc\u015ft\u00fckleri bir manzara&#8221; dedi. \u015eahin, kendisini ele\u015ftiren gazetecilere ise &#8220;A\u011fz\u0131na t\u0131kar\u0131m o yaz\u0131lar\u0131 senin&#8221; diyerek sert tepki g\u00f6sterdi.<\/p>\n<p style=\"text-align: justify;\">ORDU- Temaslarda bulunmak \u00fczere Ordu&#8217;ya gelen Bakan \u015eahin, partisinin \u0130l Ba\u015fkanl\u0131\u011f\u0131&#8217;nda d\u00fczenlenen bayramla\u015fma program\u0131na kat\u0131ld\u0131.\u00a0<!--more--><\/p>\n<p style=\"text-align: justify;\">Burada yapt\u0131\u011f\u0131 konu\u015fmaya vatanda\u015flar\u0131n bayram\u0131n\u0131 kutlayarak ba\u015flayan \u015eahin, BDP&#8217;li vekillerin PKK&#8217;l\u0131larca yolunun kesilmesini de\u011ferlendirdi. \u015eahin \u015funlar\u0131 s\u00f6yledi: &#8220;E\u011fer beklenen bir son varsa bir g\u00fcn silahlar\u0131 ne zaman b\u0131rakacaklarsa beklenen g\u00fcn o g\u00fcnd\u00fcr. Dolays\u0131yla bu son haftalar i\u00e7esinde bir tak\u0131m komik ili\u015fkiler tablolar ya\u015f\u0131yoruz. Say\u0131n Ba\u015fbakan\u0131m\u0131z\u0131n zaman zaman anla\u015f\u0131lacak \u015fekilde hep s\u00f6yledi\u011fi bir manzara, bir muhabbet manzaras\u0131 ter\u00f6r \u00f6rg\u00fct\u00fc ile bulu\u015fma sahnesi herkesi saf kendilerinin \u00e7ok ak\u0131ll\u0131 olduklar\u0131n\u0131 d\u00fc\u015f\u00fcnerek saf\u00e7a, ortaya d\u00fc\u015ft\u00fckleri, salak\u00e7a ortaya d\u00fc\u015ft\u00fckleri bir manzara. Eksik olmas\u0131nlar &#8216;biz buyuz&#8217; dediler. &#8216;Da\u011fdaki ile ayn\u0131y\u0131z, uzant\u0131s\u0131y\u0131z, birlikteyiz&#8217; dediler. Cuma g\u00fcn\u00fc verdiler bu g\u00f6r\u00fcnt\u00fcy\u00fc. Ben \u015fa\u015f\u0131rmad\u0131m, zaten \u00f6yleydiler.&#8221;<\/p>\n<p style=\"text-align: justify;\"><strong>\u015e\u0130MD\u0130 NE D\u0130YECEKLER?\u00a0<\/strong><\/p>\n<p style=\"text-align: justify;\">Bakan \u015eahin, kendisine ve Ba\u015fbakan Erdo\u011fan&#8217;a BDP ile ilgili verdikleri bilgiler ve yapt\u0131klar\u0131 a\u00e7\u0131klamalar nedeniyle s\u00f6ylenmedik s\u00f6z b\u0131rakmayanlar\u0131n, hakaret etmeye kalkanlar\u0131n ya\u015fanan manzara kar\u015f\u0131s\u0131nda ne diyeceklerini sorarak, \u015f\u00f6yle devam etti: &#8221; Utanmadan &#8216;\u00c7okta \u00fczerlerine gidiyorsunuz&#8217; diyebilirler bundan sonra ben s\u00f6yleyeyim \u015fimdiden. Bir parti ile emrinde olduklar\u0131 te\u015fkilat bayram arefesinde bulu\u015fmu\u015flar, yani bu da insan hakk\u0131d\u0131r, bu da \u00f6zg\u00fcrl\u00fck aray\u0131\u015f\u0131d\u0131r&#8217; diye bilirler ve diyeceklerdir. Bu memlekette \u015funu demek su\u00e7 oldu arkada\u015flar. &#8216;Elinde silah olanla benim pazarl\u0131\u011f\u0131m olamaz, elinde silah olanla bizim konu\u015facak bir \u015feyimiz olamaz.&#8217; Ya o silah\u0131 indiririm, yada o silah\u0131n\u0131 kendisi indirir. Bunun \u00fc\u00e7\u00fcnc\u00fc \u015f\u0131kk\u0131 yoktur. Bu \u00fclke hukuk devleti, silah\u0131n\u0131 b\u0131rakt\u0131 da ona silah \u00e7eken mi var? Var m\u0131 b\u00f6yle bir \u015fey, bir tane \u00f6rnek g\u00f6sterin Allah a\u015fk\u0131na.&#8221;<\/p>\n<p style=\"text-align: justify;\"><strong>A\u011eZINA TIKARIM O YAZILARI SEN\u0130N\u00a0<\/strong><\/p>\n<p style=\"text-align: justify;\">\u015eahin de gazetecileri hedefe oturttu. \u015eahin, utanmadan, s\u0131k\u0131lmadan kendisinin PKK ve KCK&#8217;ya ve onlar\u0131n uzant\u0131s\u0131 kukla milletvekillerine s\u00f6yledi\u011fi s\u00f6zleri K\u00fcrt vatanda\u015flara s\u00f6ylemi\u015f gibi yorumlayanlar\u0131n oldu\u011funu belirterek \u015funlar\u0131 kaydetti: &#8220;Buna ne hakk\u0131n var. Senin benim K\u00fcrt karde\u015flerimle aram\u0131 a\u00e7mak gibi bir misyonun mu var. Benim s\u00f6z\u00fcm ve s\u00f6ylemim da\u011fdaki eli silahl\u0131 e\u015fk\u0131yalarad\u0131r. Ankara&#8217;daki onlar\u0131n temsilcilerinedir. Yine s\u00f6yl\u00fcyorum var m\u0131 diyece\u011fin. Benim karde\u015flerim her zaman benim karde\u015fimdir. \u0130ki \u015feyi bir birinden ay\u0131rmak laz\u0131m. Hakkari soka\u011f\u0131n da ekme\u011fini arayan, Hakkari yaylas\u0131nda koyununu otlatan \u00e7obanla, Kandil de, Irak&#8217;ta bu \u00fclkeyi b\u00f6lmek i\u00e7in elinde silah tutan ter\u00f6r baronlar\u0131 ve ter\u00f6r militanlar\u0131 bir birinden bir b\u00fcy\u00fck tel \u00f6rg\u00fc ile ay\u0131ral\u0131m. Karde\u015flerim bir tarafta militanlar bir taraftad\u0131r. Bunu kimsenin kar\u0131\u015ft\u0131rmaya ve benim s\u00f6zlerimi oraya p\u00fcsk\u00fcrtmeye yeltenmesin, hakk\u0131 yoktur, a\u011fz\u0131na t\u0131kar\u0131m o yaz\u0131lar\u0131 senin&#8221;<\/p>\n<p style=\"text-align: justify;\"><strong>KILI\u00c7DARO\u011eLU&#8217;NA \u00c7ATTI\u00a0<\/strong><\/p>\n<p style=\"text-align: justify;\">\u015eahin ayr\u0131ca CHP Genel Ba\u015fkan\u0131 Kemal K\u0131l\u0131\u00e7daro\u011flu&#8217;na da tepki g\u00f6stererek, &#8221; Ey K\u0131l\u0131\u00e7daro\u011flu senin hayal d\u00fcnyanda \u0130\u00e7i\u015fleri Bakan\u0131 \u00e7ocuklar tepki g\u00f6sterince ka\u00e7ar m\u0131? Sen bu \u00fclkeyi \u00e7ocuklar ta\u015f at\u0131nca ka\u00e7an bir \u0130\u00e7i\u015fleri Bakan\u0131 ile mi y\u00f6neteceksin? Ya da sata\u015f\u0131ld\u0131\u011f\u0131nda ka\u00e7acak bir Ba\u015fbakanl\u0131k m\u0131 yapacaks\u0131n? AK Parti&#8217;nin Ba\u015fbakan\u0131, \u0130\u00e7i\u015fleri Bakan\u0131 ta\u015f de\u011fil kur\u015fun at\u0131lsa da ka\u00e7mayaca\u011f\u0131n\u0131 bilmiyor musun&#8221; diye sordu.<\/p>\n<p style=\"text-align: justify;\"><a href=\"http:\/\/www.yurtgazetesi.com.tr\/politika\/icisleri-bakani-agzina-tikarim-o-yazilari-h17492.html\" target=\"_blank\">Kaynak : Yurt Gazetesi<\/a><\/p>\n","protected":false},"excerpt":{"rendered":"<p style=\"text-align: justify;\">\n<p style=\"text-align: justify;\">\u0130\u00e7i\u015fleri Bakan\u0131 \u0130dris Naim \u015eahin, baz\u0131 BDP&#8217;li milletvekillerinin PKK&#8217;l\u0131larla bulu\u015fmas\u0131yla ilgili olarak, &#8220;salak\u00e7a ortaya d\u00fc\u015ft\u00fckleri bir manzara&#8221; dedi. \u015eahin, kendisini ele\u015ftiren gazetecilere ise &#8220;A\u011fz\u0131na t\u0131kar\u0131m o yaz\u0131lar\u0131 senin&#8221; diyerek sert tepki g\u00f6sterdi.<\/p>\n<p style=\"text-align: justify;\">ORDU- Temaslarda bulunmak \u00fczere Ordu&#8217;ya gelen Bakan \u015eahin, partisinin \u0130l Ba\u015fkanl\u0131\u011f\u0131&#8217;nda d\u00fczenlenen bayramla\u015fma program\u0131na kat\u0131ld\u0131. <\/p>\n","protected":false},"author":1,"featured_media":0,"comment_status":"open","ping_status":"open","sticky":false,"template":"","format":"standard","meta":{"footnotes":""},"categories":[105],"tags":[],"class_list":["post-54094","post","type-post","status-publish","format-standard","hentry","category-gundem","odd"],"_links":{"self":[{"href":"http:\/\/www.korhanyilmaz.com\/index.php?rest_route=\/wp\/v2\/posts\/54094","targetHints":{"allow":["GET"]}}],"collection":[{"href":"http:\/\/www.korhanyilmaz.com\/index.php?rest_route=\/wp\/v2\/posts"}],"about":[{"href":"http:\/\/www.korhanyilmaz.com\/index.php?rest_route=\/wp\/v2\/types\/post"}],"author":[{"embeddable":true,"href":"http:\/\/www.korhanyilmaz.com\/index.php?rest_route=\/wp\/v2\/users\/1"}],"replies":[{"embeddable":true,"href":"http:\/\/www.korhanyilmaz.com\/index.php?rest_route=%2Fwp%2Fv2%2Fcomments&post=54094"}],"version-history":[{"count":0,"href":"http:\/\/www.korhanyilmaz.com\/index.php?rest_route=\/wp\/v2\/posts\/54094\/revisions"}],"wp:attachment":[{"href":"http:\/\/www.korhanyilmaz.com\/index.php?rest_route=%2Fwp%2Fv2%2Fmedia&parent=54094"}],"wp:term":[{"taxonomy":"category","embeddable":true,"href":"http:\/\/www.korhanyilmaz.com\/index.php?rest_route=%2Fwp%2Fv2%2Fcategories&post=54094"},{"taxonomy":"post_tag","embeddable":true,"href":"http:\/\/www.korhanyilmaz.com\/index.php?rest_route=%2Fwp%2Fv2%2Ftags&post=54094"}],"curies":[{"name":"wp","href":"https:\/\/api.w.org\/{rel}","templated":true}]}}