{"id":54087,"date":"2012-08-20T12:46:34","date_gmt":"2012-08-20T09:46:34","guid":{"rendered":"http:\/\/www.korhanyilmaz.com\/?p=54087"},"modified":"2012-08-21T11:34:32","modified_gmt":"2012-08-21T08:34:32","slug":"cumhuriyet-ulkeyi-nasil-demir-aglarla-ordu","status":"publish","type":"post","link":"http:\/\/www.korhanyilmaz.com\/?p=54087","title":{"rendered":"Cumhuriyet \u00fclkeyi nas\u0131l demir a\u011flarla \u00f6rd\u00fc"},"content":{"rendered":"<p style=\"text-align: justify;\">\n<p style=\"text-align: justify;\"><a href=\"http:\/\/www.korhanyilmaz.com\/wp-content\/uploads\/2012\/08\/H3301.jpg\"  class=\"lightview\"><img loading=\"lazy\" decoding=\"async\" class=\"aligncenter size-full wp-image-54092\" title=\"\" src=\"http:\/\/www.korhanyilmaz.com\/wp-content\/uploads\/2012\/08\/H3301.jpg\" alt=\"\" width=\"372\" height=\"201\" \/><\/a><\/p>\n<p style=\"text-align: justify;\">\u00d6zal\u2019\u0131 ilk ve son defa TBMM\u2019de, davetiye ile gitti\u011fim dinleyiciler locas\u0131ndan g\u00f6rd\u00fcm. Konu\u015fmas\u0131nda, iktidarlar\u0131 d\u00f6neminde neler yapt\u0131klar\u0131n\u0131 balland\u0131ra balland\u0131ra anlat\u0131yordu. Akabinde bir muhalefet milletvekili de, yan\u0131t olarak \u015f\u00f6yle dedi: \u201cD\u00fc\u015f\u00fcn\u00fcn ki, bir ebeveyn, \u00e7ocuklar\u0131n\u0131n \u00fc\u00e7 ya\u015f\u0131na geldi\u011fini, y\u00fcr\u00fcmeye ve konu\u015fmaya ba\u015flad\u0131\u011f\u0131n\u0131 belirterek, \u00e7ocuklar\u0131na ne kadar \u00e7ok emek verdiklerini anlatsa, demezler mi, bu geli\u015fme do\u011fald\u0131r, siz bunun \u00fczerine ne koydunuz?\u201d Ayn\u0131 zihniyetin devam\u0131n\u0131 da g\u00fcn\u00fcm\u00fcz siyaset\u00e7ilerinde, Cumhuriyet tarihinin en b\u00fcy\u00fck yat\u0131r\u0131m\u0131(!) olan, metroyu yapm\u0131\u015f olmakla \u00f6v\u00fcn\u00fcrken g\u00f6r\u00fcyoruz.<!--more--><\/p>\n<p style=\"text-align: justify;\">B\u00fcy\u00fckl\u00fck veya k\u00fc\u00e7\u00fckl\u00fck mutlak de\u011fil, g\u00f6reli kavramlard\u0131r. Sayg\u0131s\u0131zca ve istihza ile an\u0131lan, \u201cyurdun demir a\u011flarla \u00f6r\u00fcld\u00fc\u011f\u00fc\u201d Cumhuriyet\u2019in ilk d\u00f6nemlerindeki yat\u0131r\u0131mlarla g\u00fcn\u00fcm\u00fczdeki yat\u0131r\u0131mlar birbiri ile mukayese edilemez. Her d\u00f6nemin yat\u0131r\u0131m\u0131 o d\u00f6nemin ulusal gelirine oran\u0131 olarak ve d\u00f6nemin teknoloji imkanlar\u0131 ba\u011flam\u0131nda kar\u015f\u0131la\u015ft\u0131r\u0131l\u0131r. Cumhuriyet\u2019in ilk d\u00f6nemlerinde \u2013 1932 ile 1941 y\u0131llar\u0131 &#8211; kamu yat\u0131r\u0131mlar\u0131n\u0131n ulusal gelire oran\u0131 ortalamas\u0131 % 2,9\u2019dur. Bug\u00fcnlerde ise bu oran, % 1,6 dolaylar\u0131nda gezinmektedir. Ge\u00e7mi\u015fte kazma ve k\u00fcreklerle yap\u0131lan yollar ve aylar s\u00fcren t\u00fcnel a\u00e7ma i\u015flemlerine kar\u015f\u0131n, bug\u00fcn ithal i\u015f makineleriyle an\u0131nda yollar yap\u0131lmakta, t\u00fcneller kaz\u0131lmaktad\u0131r. Bu nedenle, siyasileri pervas\u0131z konu\u015fmay\u0131 terk edip, d\u00fcr\u00fcst kar\u015f\u0131la\u015ft\u0131rmaya davet ediyorum.<\/p>\n<p style=\"text-align: justify;\">Ba\u015fbakan Londra Olimpiyatlar\u0131nda madalya alan gen\u00e7leri \u201cufak bir odada\u201d kutlam\u0131\u015f. Sporcular\u0131m\u0131z\u0131 biz de kutluyoruz; onlarla gurur duyuyoruz. Ne var ki, vatanda\u015f olarak bizim g\u00f6rev anlay\u0131\u015f\u0131m\u0131z burada biter. Oysa siyaseten sorumlu y\u00f6neticilik anlay\u0131\u015f\u0131 ve \u00fclke sorunlar\u0131na duyarl\u0131l\u0131k, kazananlar\u0131n ufak odada kutlanmas\u0131na simetrik olarak, b\u00fcy\u00fck bir odada spor sorumlular\u0131ndan hesap sorulmas\u0131n\u0131 gerektirirdi. Bunu yapmayan siyasiler topluma kar\u015f\u0131 sorumludur.<\/p>\n<p style=\"text-align: justify;\">K\u00fcreselle\u015fen d\u00fcnyada, bir ulusun ayakta kalabilmesi i\u00e7in e\u011fitim ve teknolojik at\u0131l\u0131mlar birinci derece \u00f6nemi haizdir. Uluslararas\u0131 Y\u00f6netim Geli\u015ftirme Enstit\u00fcs\u00fc\u2019n\u00fcn yay\u0131nlad\u0131\u011f\u0131 son istatistikte T\u00fcrkiye, ge\u00e7en y\u0131la g\u00f6re, 59 \u00fclke aras\u0131nda 39 uncu s\u0131radan 38 inci s\u0131raya y\u00fckselmi\u015f. Ancak bu bir ba\u015far\u0131 de\u011fildir, \u00e7\u00fcnk\u00fc 59 \u00fclke aras\u0131nda, T\u00fcrkiye, \u00f6\u011frenci ba\u015f\u0131na \u00f6\u011fretmen say\u0131s\u0131nda 52 inci; insani kalk\u0131nma endeksinde 51 inci; ki\u015fi ba\u015f\u0131na bilgisayar say\u0131s\u0131nda 55 inci; ileri teknoloji i\u00e7eren ihracatta ise sondan ikinci, yani 58 inci ve teknoloji altyap\u0131s\u0131nda ise 49 uncu s\u0131rada yer almaktad\u0131r. Genel s\u0131ralamada bir puan y\u00fckselten ise % 4 olarak \u00f6ng\u00f6r\u00fclen fakat % 2,5\u2019lar dolay\u0131nda kalacak olan b\u00fcy\u00fcme oran\u0131, te\u015fvikler, \u015firketlerin uyum yetene\u011fi (ne demekse!) vb gibi, alt\u0131 bo\u015f ticari ve finans i\u015flem alanlar\u0131 olarak g\u00f6sterilmektedir. Ne var ki, ticari ve finansal alanda g\u00f6rece fena olmayan g\u00f6r\u00fcnt\u00fc, \u201ccari a\u00e7\u0131k\u201d konusunda bozuluyor; bu \u00f6l\u00e7\u00fctte sondan ikinciyiz, 58 inci s\u0131raday\u0131z!<\/p>\n<p style=\"text-align: justify;\">Cumhuriyet\u2019in \u00e7a\u011fda\u015f ayd\u0131nl\u0131\u011f\u0131ndan uzakla\u015farak nurlu ufuklara y\u00f6neli\u015f, tabii ki e\u011fitimin \u00e7\u00f6kertilmesi ile ger\u00e7ekle\u015ftirilecektir. Bu gidi\u015fle, siyasette ve y\u00f6netimde g\u00f6rd\u00fc\u011f\u00fcm\u00fcz \u00f6rnekleri, ileriki y\u0131llarda hemen her alanda t\u00fcm toplumu sarmalam\u0131\u015f vaziyette bolca g\u00f6rece\u011fiz. Kapitalizmin ve onun efendileri emperyalistlerin toplumu sokmaya \u00e7al\u0131\u015ft\u0131\u011f\u0131 derin karanl\u0131k, yeni nesillerin felsefeden, spordan, sanattan yoksun, itaate haz\u0131r robotlardan olu\u015fturulmas\u0131 yoludur. E\u011fitimde yap\u0131lmak istenen ufak bir ayarlama olmay\u0131p, b\u00f6ylesi \u00e7ok \u00f6nemli bir ray de\u011fi\u015fikli\u011fidir. K\u0131sa s\u00fcre sonunda zorunluya d\u00f6n\u00fc\u015fecek olan \u201c\u015fimdilik ve g\u00f6stermelik se\u00e7imlik\u201d dersler program\u0131, laiklik ilkesini \u00e7ekirdek dokudan y\u0131kan bir ihanettir. Bu gidi\u015fin varaca\u011f\u0131 nokta, toplumda dinsizli\u011fin \u00f6nlenmesi de\u011fil; tam tersine, dinsizli\u011fin ikizi, yobazl\u0131\u011f\u0131n hortlat\u0131lmas\u0131 ve yayg\u0131nla\u015fmas\u0131d\u0131r.<\/p>\n<p style=\"text-align: justify;\">S\u0131navlarda ka\u00e7 bin gencin matematikten s\u0131f\u0131r \u00e7ekti\u011fi \u015fik\u00e2yeti ile kar\u015f\u0131la\u015f\u0131yoruz. Matematikten s\u0131f\u0131r \u00e7ekmek kadar ac\u0131 olan, felsefeden yoksun olmakt\u0131r. Peki, neden matematik \u00fczerinde duruyoruz da, spor, resim, di\u011fer sanat kollar\u0131 ve en \u00f6nemlisi felsefe \u00fczerinde durmuyoruz. \u00c7\u00fcnk\u00fc kapitalist d\u00fczen ve onun emperyalist patronlar\u0131 \u00e7evresini alg\u0131layamayan ve yorum yapamayan, emre ve itaate haz\u0131r robotlar istemektedir. Yeti\u015ftirilmek istenen \u00fcr\u00fcn bilgisayar m\u00fchendisi, doktor vb gibi teknikleri bilen, fakat yorum yapamayan k\u00f6lelerdir! Bunun i\u00e7in ezbere ba\u011fl\u0131 ve sorgulamaya dayand\u0131r\u0131lmayan imam hatip tedrisat\u0131 gereklidir ve yeterlidir. B\u00f6yle bir tedrisat sisteminin \u00fcr\u00fcnlerinin \u00e7ap\u0131 ve derinli\u011fi (!) ise, g\u00fcn\u00fcm\u00fcz siyasi yap\u0131s\u0131nda yans\u0131d\u0131\u011f\u0131 bi\u00e7imiyle ortadad\u0131r.<\/p>\n<p style=\"text-align: justify;\">\u201cHukuk devleti ilkesi\u201d, \u201csosyal devlet ilkesi\u201d ya da \u201claik devlet ilkesi\u201d gibi \u00e7ok temel anayasal ilkelerin yasalarla ya da fiili uygulamalarla tedricen ya\u015fama sokuldu\u011fu bir d\u00f6nemde, sendikalar\u0131n, \u00fcniversitelerin ve halk\u0131m\u0131z\u0131n genel sessizli\u011fi de etraf\u0131m\u0131z\u0131 saran karanl\u0131\u011f\u0131 giderek daha korkun\u00e7 bir hale sokmaktad\u0131r. Anayasan\u0131n \u00e7a\u011fda\u015f temel ilkeleri siyasal i\u015fgal alt\u0131nda bu denli alenen \u00e7i\u011fnenirken, h\u00e2l\u00e2 yeni anayasa hevesi ile yan\u0131p tutu\u015fan \u201campul ayd\u0131nlar\u0131\u201dn\u0131, siyasi partileri ve sivil kat\u0131l\u0131mc\u0131lar\u0131 deh\u015fetle izliyorum. Umar\u0131m, halk\u0131m\u0131z\u0131n korkun\u00e7 sessizli\u011fi, karanl\u0131\u011f\u0131 par\u00e7alama potansiyelinin birikim a\u015famas\u0131d\u0131r.<\/p>\n<p style=\"text-align: justify;\">Bu duygu ile Mutlu Bayramlar! Ancak, l\u00fctfen CUMHUR\u0130YET BAYRAMI\u2019na haz\u0131rlanal\u0131m; 2023 y\u0131l\u0131n\u0131 kurtarmak zorunday\u0131z!<\/p>\n<p style=\"text-align: justify;\"><a href=\"http:\/\/www.odatv.com\/n.php?n=basbakan-bu-rakamlari-gorunce-sozunu-geri-alacak-2008121200\" target=\"_blank\">Kaynak : Prof. Dr. \u0130zzettin \u00d6nder &#8211;\u00a0Odatv.com<\/a><\/p>\n","protected":false},"excerpt":{"rendered":"<p style=\"text-align: justify;\">\n<p style=\"text-align: justify;\">\n<p style=\"text-align: justify;\">\u00d6zal\u2019\u0131 ilk ve son defa TBMM\u2019de, davetiye ile gitti\u011fim dinleyiciler locas\u0131ndan g\u00f6rd\u00fcm. Konu\u015fmas\u0131nda, iktidarlar\u0131 d\u00f6neminde neler yapt\u0131klar\u0131n\u0131 balland\u0131ra balland\u0131ra anlat\u0131yordu. Akabinde bir muhalefet milletvekili de, yan\u0131t olarak \u015f\u00f6yle dedi: \u201cD\u00fc\u015f\u00fcn\u00fcn ki, bir ebeveyn, \u00e7ocuklar\u0131n\u0131n \u00fc\u00e7 ya\u015f\u0131na geldi\u011fini, y\u00fcr\u00fcmeye ve konu\u015fmaya ba\u015flad\u0131\u011f\u0131n\u0131 belirterek, \u00e7ocuklar\u0131na ne kadar \u00e7ok emek <\/p>\n","protected":false},"author":1,"featured_media":0,"comment_status":"open","ping_status":"open","sticky":false,"template":"","format":"standard","meta":{"footnotes":""},"categories":[105],"tags":[],"class_list":["post-54087","post","type-post","status-publish","format-standard","hentry","category-gundem","odd"],"_links":{"self":[{"href":"http:\/\/www.korhanyilmaz.com\/index.php?rest_route=\/wp\/v2\/posts\/54087","targetHints":{"allow":["GET"]}}],"collection":[{"href":"http:\/\/www.korhanyilmaz.com\/index.php?rest_route=\/wp\/v2\/posts"}],"about":[{"href":"http:\/\/www.korhanyilmaz.com\/index.php?rest_route=\/wp\/v2\/types\/post"}],"author":[{"embeddable":true,"href":"http:\/\/www.korhanyilmaz.com\/index.php?rest_route=\/wp\/v2\/users\/1"}],"replies":[{"embeddable":true,"href":"http:\/\/www.korhanyilmaz.com\/index.php?rest_route=%2Fwp%2Fv2%2Fcomments&post=54087"}],"version-history":[{"count":0,"href":"http:\/\/www.korhanyilmaz.com\/index.php?rest_route=\/wp\/v2\/posts\/54087\/revisions"}],"wp:attachment":[{"href":"http:\/\/www.korhanyilmaz.com\/index.php?rest_route=%2Fwp%2Fv2%2Fmedia&parent=54087"}],"wp:term":[{"taxonomy":"category","embeddable":true,"href":"http:\/\/www.korhanyilmaz.com\/index.php?rest_route=%2Fwp%2Fv2%2Fcategories&post=54087"},{"taxonomy":"post_tag","embeddable":true,"href":"http:\/\/www.korhanyilmaz.com\/index.php?rest_route=%2Fwp%2Fv2%2Ftags&post=54087"}],"curies":[{"name":"wp","href":"https:\/\/api.w.org\/{rel}","templated":true}]}}