{"id":54080,"date":"2012-08-21T00:08:13","date_gmt":"2012-08-20T21:08:13","guid":{"rendered":"http:\/\/www.korhanyilmaz.com\/?p=54080"},"modified":"2012-08-21T06:29:55","modified_gmt":"2012-08-21T03:29:55","slug":"polis-merkezine-bombali-saldiri","status":"publish","type":"post","link":"http:\/\/www.korhanyilmaz.com\/?p=54080","title":{"rendered":"Polis merkezine bombal\u0131 sald\u0131r\u0131"},"content":{"rendered":"<p><a href=\"http:\/\/www.korhanyilmaz.com\/wp-content\/uploads\/2012\/08\/H329.jpg\"  class=\"lightview\"><img loading=\"lazy\" decoding=\"async\" class=\"aligncenter size-full wp-image-54081\" title=\"\" src=\"http:\/\/www.korhanyilmaz.com\/wp-content\/uploads\/2012\/08\/H329.jpg\" alt=\"\" width=\"350\" height=\"270\" \/><\/a><\/p>\n<p style=\"text-align: justify;\">Gaziantep&#8217;te PKK&#8217;l\u0131 ter\u00f6ristlerin bomba y\u00fckl\u00fc ara\u00e7la d\u00fczenledi\u011fi sald\u0131r\u0131da ortal\u0131k sava\u015f alan\u0131na d\u00f6nd\u00fc. 8 ki\u015fi hayat\u0131n\u0131 kaybederken, 66 ki\u015fi ise yaraland\u0131.<\/p>\n<p style=\"text-align: justify;\">(DHA) &#8212; Polis merkezini hedef alan sald\u0131r\u0131da ortal\u0131k sava\u015f alan\u0131na d\u00f6nerken 2 halk otob\u00fcs\u00fcyle 2 otomobil alev alev yand\u0131, \u00e7evredeki i\u015fyerleri ve evlerle ara\u00e7lar hasar g\u00f6rd\u00fc.<\/p>\n<p style=\"text-align: justify;\">Halk galeyana gelirken, kalabl\u0131\u011f\u0131n y\u00fcr\u00fcd\u00fc\u011f\u00fc BDP binas\u0131nda polis \u00f6nlem ald\u0131.<\/p>\n<p style=\"text-align: justify;\">Patlama, kentin en merkezi yerlerinden \u015eehitkamil \u0130l\u00e7esi&#8217;ndeki Kar\u015f\u0131yaka Polis Merkezi \u00f6n\u00fcnde saat 19.45 s\u0131ralar\u0131nda meydana geldi.\u00a0<!--more--><\/p>\n<p style=\"text-align: justify;\">\u0130\u015fyerlerinin bulundu\u011fu b\u00f6lgede, ak\u015fam saatinde caddenin en kalabal\u0131k oldu\u011fu s\u0131rada tahrip g\u00fcc\u00fc y\u00fcksek patlay\u0131c\u0131 y\u00fckl\u00fc otomobili Polis Merkezi&#8217;ne 10- 15 metre uzakl\u0131kta park edip ayr\u0131lan bir ter\u00f6rist, uzaktan kumandayla bombay\u0131 infilak ettirdi.<\/p>\n<p style=\"text-align: justify;\">Kulaklar\u0131 sa\u011f\u0131r eden patlamayla birlikte otomobil havaya u\u00e7arken, durakta yolu indirip bindiren 2 halk otob\u00fcs\u00fc ile yabanc\u0131 plakal\u0131 bir otomobil alev alev yanmaya ba\u015flad\u0131, \u00e7evredeki binalar\u0131n camlar\u0131 k\u0131r\u0131ld\u0131, ara\u00e7lar tahrip oldu.<\/p>\n<p style=\"text-align: justify;\">Aralar\u0131nda polislerin de bulundu\u011fu \u00e7ok say\u0131da ki\u015fi yaralan\u0131rken, ortal\u0131k sava\u015f alan\u0131na d\u00f6nd\u00fc.B\u00f6lgeye sevk edilen ambulanslarla yaral\u0131lar, kentte alarma ge\u00e7irilen hastanelere ta\u015f\u0131nd\u0131.<\/p>\n<p style=\"text-align: justify;\">Gaziantep Valisi Erdal Ata, Kar\u015f\u0131yaka Polis Merkezi yak\u0131n\u0131nda zaman ayarl\u0131 bomba y\u00fckl\u00fc ara\u00e7la yap\u0131lan sald\u0131r\u0131da 8 ki\u015finin \u00f6ld\u00fc\u011f\u00fcn\u00fc, 66 ki\u015finin yaraland\u0131\u011f\u0131n\u0131 s\u00f6yledi.<\/p>\n<p style=\"text-align: justify;\"><a href=\"http:\/\/www.korhanyilmaz.com\/wp-content\/uploads\/2012\/08\/H328.jpg\"  class=\"lightview\"><img loading=\"lazy\" decoding=\"async\" class=\"aligncenter size-full wp-image-54082\" title=\"\" src=\"http:\/\/www.korhanyilmaz.com\/wp-content\/uploads\/2012\/08\/H328.jpg\" alt=\"\" width=\"524\" height=\"271\" \/><\/a><\/p>\n<p style=\"text-align: justify;\"><strong>Can pazar\u0131 ya\u015fand\u0131\u00a0<\/strong><\/p>\n<p style=\"text-align: justify;\">Patlamayla alev topuna d\u00f6nen halk otob\u00fcslerindeki yolcular ve \u00e7evrede bulunanlar canlar\u0131n\u0131 kurtarman\u0131n derdine d\u00fc\u015ft\u00fc.<\/p>\n<p style=\"text-align: justify;\">Aralar\u0131nda, Kar\u015f\u0131yaka Polis Merkezi&#8217;nde g\u00f6revli polislerin de bulundu\u011fu \u00e7ok say\u0131da ki\u015fi yaralan\u0131rken, otob\u00fcslerde alevler aras\u0131ndan \u00e7\u0131kamayan baz\u0131 yolcular diri diri yand\u0131.<\/p>\n<p style=\"text-align: justify;\">Yaral\u0131lar ambulanslarla hastanelere kald\u0131r\u0131l\u0131rken, kan anonslar\u0131 yap\u0131ld\u0131. Sa\u011fl\u0131k M\u00fcd\u00fcrl\u00fc\u011f\u00fc, hastaneleri alarma ge\u00e7irdi ve bayram nedeniyle izinli doktorlar ve sa\u011fl\u0131k personeli g\u00f6reve \u00e7a\u011fr\u0131ld\u0131. \u00c7ok say\u0131da yaral\u0131dan durumlar\u0131 a\u011f\u0131r olanlar ameliyata al\u0131nd\u0131.<\/p>\n<p style=\"text-align: justify;\"><strong>Bombal\u0131 ara\u00e7 aran\u0131yordu\u00a0<\/strong><\/p>\n<p style=\"text-align: justify;\">Gaziantep&#8217;te bayram\u0131 kana bulayan sald\u0131r\u0131, polisin iki haftad\u0131r arad\u0131\u011f\u0131 27 E 7278 plakal\u0131 otomobille de\u011fil, 27 BE 265 plakal\u0131 otomobille ger\u00e7ekle\u015ftirildi. \u015earl\u0131urfa&#8217;n\u0131n Suru\u00e7 \u0130l\u00e7esi n\u00fcfusuna kay\u0131tl\u0131 olan Hatay Mustafa Kemal \u00dcniversitesi Elektronik B\u00f6l\u00fcm\u00fc birinci s\u0131n\u0131f \u00f6\u011frencisi M.E.H.&#8217;nin bomba y\u00fckl\u00fc 27 E 7278 plakal\u0131 otomobille Birecik \u0130l\u00e7esi&#8217;nden g\u00fcvenlik g\u00fc\u00e7lerine ve kamu kurulu\u015flar\u0131na sald\u0131r\u0131 i\u00e7in kente geldi\u011fi istihbarat\u0131n\u0131 alan polis iki haftad\u0131r bu arac\u0131 ar\u0131yordu. Ter\u00f6ristlerin, \u015fa\u015f\u0131rtma yaparak bomba y\u00fckl\u00fc arac\u0131 ya da plakas\u0131n\u0131 de\u011fi\u015ftirdi\u011fi ihtimali \u00fczerinde duruluyor.<\/p>\n<p style=\"text-align: justify;\"><strong>BDP binas\u0131na y\u00fcr\u00fcd\u00fcler\u00a0<\/strong><\/p>\n<p style=\"text-align: justify;\">Sald\u0131r\u0131ya tepki g\u00f6steren \u00e7ok say\u0131da ki\u015fi olay yerine gelerek, PKK ve Abdullah \u00d6calan aleyhine sloganlar att\u0131. Bu s\u0131rada 500 ki\u015filik grup da BDP il binas\u0131na do\u011fru y\u00fcr\u00fcy\u00fc\u015fe ge\u00e7ti. Polis, \u00f6fkeli kalabal\u0131\u011f\u0131n binaya yakla\u015fmas\u0131n\u0131 engelllemek i\u00e7in \u00e7evrede yo\u011fun \u00f6nlem ald\u0131.<\/p>\n<p style=\"text-align: justify;\"><strong>G\u00f6rg\u00fc tan\u0131klar\u0131 patlamay\u0131 anlatt\u0131\u00a0<\/strong><\/p>\n<p style=\"text-align: justify;\">Bombal\u0131 sald\u0131r\u0131 sonras\u0131 g\u00f6rg\u00fc tan\u0131klar\u0131 o anlar\u0131 anlatt\u0131. Ya\u015fad\u0131klar\u0131 pani\u011fi dile getiren bir vatanda\u015f, &#8220;Bir \u00e7\u0131rp\u0131da her taraf ate\u015f alt\u0131nda kald\u0131. \u0130ki saniyelik bir olay. Ne oldu\u011funu bilmiyoruz, bir patlama ve sonras\u0131nda yang\u0131n&#8230; b\u00f6yle geli\u015fti&#8221; dedi. Ba\u015fka bir g\u00f6rg\u00fc tan\u0131\u011f\u0131 ise, &#8220;Bir patlama oldu, ne oldu\u011funu bilmedikki. Kulaklar\u0131m\u0131z\u0131 kapatt\u0131k sadece, bir alev y\u00fckseldi&#8221; diye konu\u015ftu.<\/p>\n<p style=\"text-align: justify;\">Patlama an\u0131nda tela\u015fla balkona \u00e7\u0131kt\u0131\u011f\u0131n\u0131 belirten bir kad\u0131n, &#8220;Ak\u015fam namaz\u0131 k\u0131larken, &#8216;Yarabbim \u015funlar\u0131n \u015ferrinden bizi emin eyle&#8217; dedim. Aras\u0131 5 dakika s\u00fcrmedi bir g\u00fcmb\u00fcrt\u00fc oldu. Gelinlerimden biri burada oturuyor, biri de \u015furada oturuyor. &#8216;Aman gelinlerim size kurban\u0131m, \u00f6ld\u00fcn\u00fcz&#8217; dedim. Geldimki gelinlerim sa\u011f&#8221; \u015feklinde konu\u015ftu.<\/p>\n<p style=\"text-align: justify;\"><strong><span style=\"text-decoration: underline;\">TEPK\u0130LER\u00a0<\/span><\/strong><\/p>\n<p style=\"text-align: justify;\"><strong>Cumhurba\u015fkan\u0131 Abdullah G\u00fcl<\/strong>, Gaziantep&#8217;teki patlamayla ilgili olarak Vali Erdal Ata ve B\u00fcy\u00fck\u015fehir Belediye Ba\u015fkan\u0131 As\u0131m G\u00fczelbey&#8217;i telefonla arayarak bilgi ald\u0131. Al\u0131nan bilgiye g\u00f6re, \u00e7al\u0131\u015fmalar\u0131n\u0131 \u0130stanbul&#8217;da s\u00fcrd\u00fcren G\u00fcl, Gaziantep&#8217;te meydana gelen patlaman\u0131n ard\u0131ndan Vali Ata ve B\u00fcy\u00fck\u015fehir Belediye Ba\u015fkan\u0131 G\u00fczelbey ile telefon g\u00f6r\u00fc\u015fmeleri yapt\u0131. Ata ve G\u00fczelbey&#8217;den patlama ve sonras\u0131nda ya\u015fanan geli\u015fmeler hakk\u0131nda bilgi alan G\u00fcl&#8217;\u00fcn, konuyu yak\u0131ndan takip etti\u011fi belirtildi.<\/p>\n<p style=\"text-align: justify;\"><strong>AK Parti Genel Ba\u015fkan Yard\u0131mc\u0131s\u0131 \u00d6mer \u00c7elik<\/strong>, sald\u0131r\u0131 ile ilgili olarak &#8220;PKK, &#8216;devrimci halk sava\u015f\u0131 ba\u015flataca\u011f\u0131m&#8217; diye \u00e7\u0131kt\u0131\u011f\u0131 yolda, halk deste\u011fi bulamay\u0131nca art\u0131k Antep&#8217;te sivil halka do\u011frudan sald\u0131rmaya ba\u015flad\u0131&#8221; dedi.<\/p>\n<p style=\"text-align: justify;\"><strong>Aile ve Sosyal Politikalar Bakan\u0131 Fatma \u015eahin<\/strong>, patlamada 8 ki\u015finin hayat\u0131n\u0131 kaybetti\u011fini, 66 ki\u015finin yaraland\u0131\u011f\u0131n\u0131 s\u00f6yledi. Bakan Fatma \u015eahin, Gaziantep Emniyet M\u00fcd\u00fcrl\u00fc\u011f\u00fc MOBESE Merkezi&#8217;nde d\u00fczenledi\u011fi bas\u0131n toplant\u0131s\u0131nda, milletvekilleriyle kriz masas\u0131nda olduklar\u0131n\u0131 s\u00f6yledi. \u015eahin, &#8220;Saat 19.45 civar\u0131nda Kar\u015f\u0131yaka Polis Merkezi&#8217;ne \u00e7ok yak\u0131n bir mesafede duran bir ara\u00e7ta meydana gelen patlamada, biri halk otob\u00fcs\u00fc, di\u011feri adliyenin servis otob\u00fcs\u00fc ile 3 tane sivil ara\u00e7ta bulunan 8 vatanda\u015f\u0131m\u0131z hayat\u0131n\u0131 kaybetti, 66 yaral\u0131m\u0131z var. Bunlardan 3&#8217;\u00fc a\u011f\u0131r yaral\u0131. \u00c7ok ac\u0131 bir olay\u0131 hep beraber ya\u015f\u0131yoruz&#8221; dedi.<\/p>\n<p style=\"text-align: justify;\"><strong>AK Parti Genel Ba\u015fkan Yard\u0131mc\u0131s\u0131 H\u00fcseyin \u00c7elik<\/strong>, Gaziantep&#8217;teki patlamaya ili\u015fkin, &#8220;Cezaevine ait bir servis arac\u0131nda 1 \u015fof\u00f6r, 2 gardiyan hayat\u0131n\u0131 kaybetti. Di\u011fer taraftan en deh\u015fetli olan\u0131, bir binek oto i\u00e7inde 3 yeti\u015fkin vatanda\u015f ve 1 \u00e7ocuk hayat\u0131n\u0131 kaybediyor. Yanarak bu insanlar vefat ediyorlar. Bir de halk otob\u00fcs\u00fcnde \u00e7ok say\u0131da yaral\u0131 var. Bu halk\u00a0otob\u00fcs\u00fcndeki \u00e7ocuklardan biri s\u0131rt\u0131ndan ald\u0131\u011f\u0131 bir isabetle maalesef \u015fehit oldu&#8221; dedi.<\/p>\n<hr \/>\n<p style=\"text-align: justify;\"><strong>Patlama g\u00f6z g\u00f6re g\u00f6re gelmi\u015f<\/strong><\/p>\n<p style=\"text-align: justify;\">Gaziantep&#8217;teki bombal\u0131 sald\u0131r\u0131yla ilgili olarak CNN T\u00dcRK yay\u0131n\u0131na kat\u0131lan DHA muhabiri Ahmet Kaya, sald\u0131r\u0131yla ilgili \u00e7arp\u0131c\u0131 a\u00e7\u0131klamalar yapt\u0131. Kaya, Gaziantep Emniyeti&#8217;nin 15 g\u00fcnd\u00fcr alarmda oldu\u011funu ve bombal\u0131 bir arac\u0131n takip edildi\u011fini s\u00f6yledi.<\/p>\n<p style=\"text-align: justify;\">[flv]http:\/\/vod.cnnturk.com\/cnnturk\/haber\/2012-08-20\/ahmetkaya.mp4[\/flv]<\/p>\n<p style=\"text-align: justify;\"><a href=\"http:\/\/www.cnnturk.com\/2012\/turkiye\/08\/20\/polis.merkezine.bombali.saldiri\/673635.0\/index.html\" target=\"_blank\">Kaynak : CNN T\u00dcRK<\/a><\/p>\n","protected":false},"excerpt":{"rendered":"<\/p>\n<p style=\"text-align: justify;\">Gaziantep&#8217;te PKK&#8217;l\u0131 ter\u00f6ristlerin bomba y\u00fckl\u00fc ara\u00e7la d\u00fczenledi\u011fi sald\u0131r\u0131da ortal\u0131k sava\u015f alan\u0131na d\u00f6nd\u00fc. 8 ki\u015fi hayat\u0131n\u0131 kaybederken, 66 ki\u015fi ise yaraland\u0131.<\/p>\n<p style=\"text-align: justify;\">(DHA) &#8212; Polis merkezini hedef alan sald\u0131r\u0131da ortal\u0131k sava\u015f alan\u0131na d\u00f6nerken 2 halk otob\u00fcs\u00fcyle 2 otomobil alev alev yand\u0131, \u00e7evredeki i\u015fyerleri ve evlerle ara\u00e7lar hasar g\u00f6rd\u00fc.<\/p>\n<p style=\"text-align: justify;\">Halk galeyana <\/p>\n","protected":false},"author":1,"featured_media":0,"comment_status":"open","ping_status":"open","sticky":false,"template":"","format":"standard","meta":{"footnotes":""},"categories":[105],"tags":[],"class_list":["post-54080","post","type-post","status-publish","format-standard","hentry","category-gundem","odd"],"_links":{"self":[{"href":"http:\/\/www.korhanyilmaz.com\/index.php?rest_route=\/wp\/v2\/posts\/54080","targetHints":{"allow":["GET"]}}],"collection":[{"href":"http:\/\/www.korhanyilmaz.com\/index.php?rest_route=\/wp\/v2\/posts"}],"about":[{"href":"http:\/\/www.korhanyilmaz.com\/index.php?rest_route=\/wp\/v2\/types\/post"}],"author":[{"embeddable":true,"href":"http:\/\/www.korhanyilmaz.com\/index.php?rest_route=\/wp\/v2\/users\/1"}],"replies":[{"embeddable":true,"href":"http:\/\/www.korhanyilmaz.com\/index.php?rest_route=%2Fwp%2Fv2%2Fcomments&post=54080"}],"version-history":[{"count":0,"href":"http:\/\/www.korhanyilmaz.com\/index.php?rest_route=\/wp\/v2\/posts\/54080\/revisions"}],"wp:attachment":[{"href":"http:\/\/www.korhanyilmaz.com\/index.php?rest_route=%2Fwp%2Fv2%2Fmedia&parent=54080"}],"wp:term":[{"taxonomy":"category","embeddable":true,"href":"http:\/\/www.korhanyilmaz.com\/index.php?rest_route=%2Fwp%2Fv2%2Fcategories&post=54080"},{"taxonomy":"post_tag","embeddable":true,"href":"http:\/\/www.korhanyilmaz.com\/index.php?rest_route=%2Fwp%2Fv2%2Ftags&post=54080"}],"curies":[{"name":"wp","href":"https:\/\/api.w.org\/{rel}","templated":true}]}}