{"id":54073,"date":"2012-08-20T07:58:19","date_gmt":"2012-08-20T04:58:19","guid":{"rendered":"http:\/\/www.korhanyilmaz.com\/?p=54073"},"modified":"2012-08-21T06:12:14","modified_gmt":"2012-08-21T03:12:14","slug":"muhabbeti-olmayan-yok","status":"publish","type":"post","link":"http:\/\/www.korhanyilmaz.com\/?p=54073","title":{"rendered":"Muhabbeti olmayan yok!"},"content":{"rendered":"<p style=\"text-align: justify;\"><a href=\"http:\/\/www.korhanyilmaz.com\/wp-content\/uploads\/2012\/08\/H326.jpg\"  class=\"lightview\"><img loading=\"lazy\" decoding=\"async\" class=\"aligncenter size-full wp-image-54074\" title=\"\" src=\"http:\/\/www.korhanyilmaz.com\/wp-content\/uploads\/2012\/08\/H326.jpg\" alt=\"\" width=\"363\" height=\"233\" \/><\/a><\/p>\n<p style=\"text-align: justify;\">Ba\u015fbakan Erdo\u011fan, BDP\u2019li vekillerin \u015eemdinli\u2019de PKK\u2019l\u0131larla bulu\u015fmas\u0131n\u0131 \u201cBu ne muhabbet\u201d s\u00f6zleriyle ele\u015ftirdi ancak \u00f6rg\u00fctle as\u0131l \u2018muhabbet\u2019 Oslo\u2019daki H\u00fck\u00fcmet-PKK g\u00f6r\u00fc\u015fmeleriyle ba\u015flad\u0131.<\/p>\n<p style=\"text-align: justify;\">Ba\u015fbakan Tayyip Erdo\u011fan, BDP\u2019li vekillerin, \u015eemdinli\u2019de PKK\u2019l\u0131larla bulu\u015farak kucakla\u015fmas\u0131yla ilgili, \u201cKarde\u015fler olarak birbirlerine sar\u0131labiliyorlar. Bu ne muhabbet\u201d dedi. Ancak PKK ile esas muhabbet, Oslo\u2019daki H\u00fck\u00fcmet-PKK g\u00f6r\u00fc\u015fmeleriyle ba\u015flad\u0131.<!--more--><\/p>\n<p style=\"text-align: justify;\">Bir dizi g\u00f6r\u00fc\u015fmenin be\u015fincisi olarak Norve\u00e7\u2019in Oslo kentinde ger\u00e7ekle\u015fen g\u00f6r\u00fc\u015fmeye AKP H\u00fck\u00fcmeti\u2019ni temsilen \u201cBa\u015fbakan\u2019\u0131n \u00f6zel temsilcisi\u201d s\u0131fat\u0131yla \u015fimdiki M\u0130T M\u00fcste\u015far\u0131 Hakan Fidan ile M\u0130T M\u00fcste\u015far Yard\u0131mc\u0131s\u0131 Afet G\u00fcne\u015f yer ald\u0131. PKK heyeti ise Mustafa Karasu, Sabri Ok ve Z\u00fcbeyir Aydar\u2019dan olu\u015fuyordu. PKK\u2019ya bir dizi s\u00f6zlerin verildi\u011fi toplant\u0131, konu\u015fma kay\u0131tlar\u0131n\u0131n de\u015fifre olmas\u0131yla ortaya \u00e7\u0131km\u0131\u015ft\u0131. AKP\u2019nin ikinci en \u00f6nemli \u201cmuhabbeti\u201d ise Ba\u015fbakan Erdo\u011fan ile Leyla Zana g\u00f6r\u00fc\u015fmesiyle ger\u00e7ekle\u015fti. 2. A\u00e7\u0131l\u0131m s\u00fcrecinin ba\u015flang\u0131c\u0131 kabul edilen g\u00f6r\u00fc\u015fme \u00f6ncesi Zana, K\u00fcrt sorunu i\u00e7in \u201cErdo\u011fan \u00e7\u00f6zer\u201d a\u00e7\u0131klamas\u0131nda bulundu.<\/p>\n<p style=\"text-align: justify;\"><a href=\"http:\/\/www.aydinlikgazete.com\/mansetler\/14621-muhabbeti-olmayan-yok-.html\" target=\"_blank\">Kaynak : Ayd\u0131nl\u0131k Gazetesi<\/a><\/p>\n","protected":false},"excerpt":{"rendered":"<p style=\"text-align: justify;\">\n<p style=\"text-align: justify;\">Ba\u015fbakan Erdo\u011fan, BDP\u2019li vekillerin \u015eemdinli\u2019de PKK\u2019l\u0131larla bulu\u015fmas\u0131n\u0131 \u201cBu ne muhabbet\u201d s\u00f6zleriyle ele\u015ftirdi ancak \u00f6rg\u00fctle as\u0131l \u2018muhabbet\u2019 Oslo\u2019daki H\u00fck\u00fcmet-PKK g\u00f6r\u00fc\u015fmeleriyle ba\u015flad\u0131.<\/p>\n<p style=\"text-align: justify;\">Ba\u015fbakan Tayyip Erdo\u011fan, BDP\u2019li vekillerin, \u015eemdinli\u2019de PKK\u2019l\u0131larla bulu\u015farak kucakla\u015fmas\u0131yla ilgili, \u201cKarde\u015fler olarak birbirlerine sar\u0131labiliyorlar. Bu ne muhabbet\u201d dedi. Ancak PKK ile esas muhabbet, Oslo\u2019daki H\u00fck\u00fcmet-PKK g\u00f6r\u00fc\u015fmeleriyle ba\u015flad\u0131.<\/p>\n","protected":false},"author":1,"featured_media":0,"comment_status":"open","ping_status":"open","sticky":false,"template":"","format":"standard","meta":{"footnotes":""},"categories":[105],"tags":[],"class_list":["post-54073","post","type-post","status-publish","format-standard","hentry","category-gundem","odd"],"_links":{"self":[{"href":"http:\/\/www.korhanyilmaz.com\/index.php?rest_route=\/wp\/v2\/posts\/54073","targetHints":{"allow":["GET"]}}],"collection":[{"href":"http:\/\/www.korhanyilmaz.com\/index.php?rest_route=\/wp\/v2\/posts"}],"about":[{"href":"http:\/\/www.korhanyilmaz.com\/index.php?rest_route=\/wp\/v2\/types\/post"}],"author":[{"embeddable":true,"href":"http:\/\/www.korhanyilmaz.com\/index.php?rest_route=\/wp\/v2\/users\/1"}],"replies":[{"embeddable":true,"href":"http:\/\/www.korhanyilmaz.com\/index.php?rest_route=%2Fwp%2Fv2%2Fcomments&post=54073"}],"version-history":[{"count":0,"href":"http:\/\/www.korhanyilmaz.com\/index.php?rest_route=\/wp\/v2\/posts\/54073\/revisions"}],"wp:attachment":[{"href":"http:\/\/www.korhanyilmaz.com\/index.php?rest_route=%2Fwp%2Fv2%2Fmedia&parent=54073"}],"wp:term":[{"taxonomy":"category","embeddable":true,"href":"http:\/\/www.korhanyilmaz.com\/index.php?rest_route=%2Fwp%2Fv2%2Fcategories&post=54073"},{"taxonomy":"post_tag","embeddable":true,"href":"http:\/\/www.korhanyilmaz.com\/index.php?rest_route=%2Fwp%2Fv2%2Ftags&post=54073"}],"curies":[{"name":"wp","href":"https:\/\/api.w.org\/{rel}","templated":true}]}}