{"id":54070,"date":"2012-08-19T22:44:52","date_gmt":"2012-08-19T19:44:52","guid":{"rendered":"http:\/\/www.korhanyilmaz.com\/?p=54070"},"modified":"2012-08-20T12:55:05","modified_gmt":"2012-08-20T09:55:05","slug":"ilginc-bir-gezi-olacak-dediler","status":"publish","type":"post","link":"http:\/\/www.korhanyilmaz.com\/?p=54070","title":{"rendered":"\u2018\u0130lgin\u00e7 bir gezi olacak\u2019 dediler!"},"content":{"rendered":"<p style=\"text-align: justify;\"><a href=\"http:\/\/www.korhanyilmaz.com\/wp-content\/uploads\/2012\/08\/H325.jpg\"  class=\"lightview\"><img loading=\"lazy\" decoding=\"async\" class=\"aligncenter size-full wp-image-54071\" title=\"\" src=\"http:\/\/www.korhanyilmaz.com\/wp-content\/uploads\/2012\/08\/H325.jpg\" alt=\"\" width=\"374\" height=\"187\" \/><\/a><\/p>\n<p style=\"text-align: justify;\">O bulu\u015fmadaki Kanal D Muhabiri Cem Tekel anlatt\u0131:<\/p>\n<p style=\"text-align: justify;\">17 A\u011fustos\u2019ta BDP\u2019li milletvekilleri G\u00fcltan K\u0131\u015fanak, Sebahat Tuncel, Ertu\u011frul K\u00fcrk\u00e7\u00fc, Esat Canan, Adil Kurt, Nazmi G\u00fcr, Halil Aksoy, H\u00fcsamettin Zerderlio\u011flu ve Van ba\u011f\u0131ms\u0131z milletvekili ve Aysel Tu\u011fluk \u015eemdinli\u2019de PKK\u2019l\u0131 ter\u00f6ristlerle kucakla\u015f\u0131nca T\u00fcrkiye aya\u011fa kalkt\u0131. BDP\u2019lilerin iddialar\u0131na g\u00f6re bu kar\u015f\u0131la\u015fma bir tesad\u00fcf eseri ger\u00e7ekle\u015fti. Ancak olaylara an be an tan\u0131k olan Cem Tekel\u2019in anlatt\u0131klar\u0131, bu g\u00f6r\u00fc\u015fmenin tesad\u00fcf de\u011fil planl\u0131 oldu\u011fu \u015f\u00fcphelerini g\u00fc\u00e7lendirdi. Kanal D muhabiri Tekel, o olayl\u0131 geziyi internetteki blog\u2019unda kaleme ald\u0131. \u0130\u015fte o yaz\u0131dan en \u00e7arp\u0131c\u0131 b\u00f6l\u00fcmler&#8230;\u00a0<!--more--><\/p>\n<p style=\"text-align: justify;\"><strong>Acaba diyorum!\u00a0<\/strong><\/p>\n<p style=\"text-align: justify;\">BDP, DTK, EMEP, ESP ve \u00d6DP\u2019li bir heyetin \u015eemdinli\u2019nin k\u00f6ylerine gelece\u011fini \u00f6\u011frenince do\u011fal olarak takip etmek istedik. Heyet gayet kibard\u0131. Aysel Tu\u011fluk\u2019la Sabahat Tuncel\u2019le sohbet ettik. Tuncel\u2019in laf aras\u0131nda \u201cSizin i\u00e7in ilgin\u00e7 bir gezi olacak\u201d demesine ba\u015fta anlam verememi\u015ftim. Hayat\u0131m bu b\u00f6lgelerde ge\u00e7mi\u015fti. Niye ilgin\u00e7 olsundu ki? \u015eimdi o konu\u015fmay\u0131 d\u00fc\u015f\u00fcn\u00fcnce \u201cacaba\u201d diyorum! Belki de, b\u00f6ylesi bir bulu\u015fma, biliniyordu. En az\u0131ndan onlar biliyordu.<\/p>\n<p style=\"text-align: justify;\"><strong>Ellerinde Kanas vard\u0131!<\/strong><\/p>\n<p style=\"text-align: justify;\">Gezi s\u0131radan ba\u015flad\u0131. \u00d6nce Ba\u011flar k\u00f6y\u00fcne gidildi. Yakla\u015f\u0131k bir saat sonra oradan ayr\u0131l\u0131p, G\u00fczelkaya mezras\u0131na d\u00f6nmek \u00fczereyken, kav\u015fakta \u00f6n\u00fcm\u00fczdeki ara\u00e7lar duruyor. Biri gen\u00e7 k\u0131z be\u015f PKK\u2019l\u0131 hemen \u00f6n\u00fcm\u00fczde. Ellerinde Kala\u015fnikoflar, birinde Kanas var. Gen\u00e7ler. T\u00fcrk\u00e7e biliyorlar. Belli ki grubun i\u00e7inde akrabalar\u0131 da var. Baz\u0131lar\u0131 birbirlerine sar\u0131l\u0131yor. Hasret gideriyor. BDP E\u015f ba\u015fkan\u0131 G\u00fcltan K\u0131\u015fanak, Aysel Tu\u011fluk ve Ertu\u011frul K\u00fcrk\u00e7\u00fc, silahl\u0131 PKK\u2019l\u0131larla sar\u0131l\u0131yor.<\/p>\n<p style=\"text-align: justify;\"><strong>Silahl\u0131 propaganda\u00a0<\/strong><\/p>\n<p style=\"text-align: justify;\">O PKK\u2019lardan biri konu\u015fma yap\u0131yor. Daha do\u011frusu Silahl\u0131!!! propaganda! Bas\u0131n\u0131n \u015eemdinli\u2019deki olaylar\u0131 gizledi\u011fini \u00f6ne s\u00fcr\u00fcyor. Sonra d\u00f6n\u00fcp, bizzat bana&#8230; \u201cKanal D Haber muhabiri, bunlar\u0131 yaz\u0131n\u201d diyor. Sesinin tonu tehditkar&#8230; Sinirden elleri titriyor&#8230; Co\u015ftuk\u00e7a co\u015fuyor&#8230; A\u00e7\u0131k a\u00e7\u0131k, g\u00f6zda\u011f\u0131 veriyor&#8230; O, bunlar\u0131 elindeki silaha g\u00fcvenerek s\u00f6yleyebilir. Peki heyettekiler? Ne yaz\u0131k ki o kadar siyasi isimden biri bile g\u0131k\u0131n\u0131 \u00e7\u0131karam\u0131yor. Hi\u00e7biri&#8230; Elinde mikrofon, tek ba\u015f\u0131na o b\u00f6lgeye haber yapmaya gelen birini&#8230; \u00dcstelik o an , o heyetin misafiri say\u0131lacak birini&#8230; Hayat\u0131mda ilk kez PKK\u2019l\u0131 g\u00f6rm\u00fcyorum. Korkmuyorum &#8230; Ama cevap da vermiyorum. Versem, provokasyon yapt\u0131 denilecek. Susmak, en iyisi&#8230; Konu\u015fma (propaganda) bitiyor&#8230; Sonra alk\u0131\u015f ba\u015fl\u0131yor&#8230; G\u00fcltan K\u0131\u015fanak ve Aysel Tu\u011fluk, (b\u00fcy\u00fck konu\u015fma)n\u0131n ard\u0131ndan sar\u0131l\u0131p kutluyor. Aysel Tu\u011fluk, oradan ya\u015fanan rezaletten \u201cb\u00fcy\u00fck \u00fcz\u00fcnt\u00fc duydu\u011funu\u201d daha sonra bana s\u00f6yledi. \u00c7ok sonra, s\u00f6ylese de benim i\u00e7in \u00f6nemliydi. Orada, kimsenin sesi, \u00e7\u0131kmad\u0131. Belki de \u00e7\u0131kamad\u0131. B\u00f6yle oluyor. \u0130\u015fin i\u00e7ine silah girince herkes susuyor.<\/p>\n<p style=\"text-align: justify;\"><strong>Tesad\u00fcf m\u00fc?\u00a0<\/strong><\/p>\n<p style=\"text-align: justify;\">Orada ya\u015fanana gelince. Bu bir tesad\u00fcf m\u00fcyd\u00fc? Yoksa planlanm\u0131\u015f m\u0131yd\u0131? Bilmemiz m\u00fcmk\u00fcn de\u011fil. Ama tan\u0131k olduklar\u0131m\u0131z var.<\/p>\n<p style=\"text-align: justify;\">1- PKK\u2019l\u0131lar bir saat \u00f6nce oradan ge\u00e7erken yoktu<\/p>\n<p style=\"text-align: justify;\">2- Yol kontrol\u00fc , kimlik kontrol\u00fc gibi bir durum da yoktu. Heyeti kar\u015f\u0131lamak i\u00e7in ortaya \u00e7\u0131kt\u0131lar<\/p>\n<p style=\"text-align: justify;\">3- Yar\u0131m saat kadar sonra da oradan uzakla\u015ft\u0131lar. Biz ayr\u0131lmadan \u00f6nce&#8230; E\u011fer ger\u00e7ekten yol kontrol\u00fc yap\u0131yor olsalard\u0131, herhalde devam ederlerdi.<\/p>\n<p style=\"text-align: justify;\"><a href=\"http:\/\/haber.gazetevatan.com\/ilginc-bir-gezi-olacak-dediler\/475339\/1\/G%C3%BCndem#.UDIHXanN-Zc\" target=\"_blank\">Kaynak : VATAN Gazetesi<\/a><\/p>\n","protected":false},"excerpt":{"rendered":"<p style=\"text-align: justify;\">\n<p style=\"text-align: justify;\">O bulu\u015fmadaki Kanal D Muhabiri Cem Tekel anlatt\u0131:<\/p>\n<p style=\"text-align: justify;\">17 A\u011fustos\u2019ta BDP\u2019li milletvekilleri G\u00fcltan K\u0131\u015fanak, Sebahat Tuncel, Ertu\u011frul K\u00fcrk\u00e7\u00fc, Esat Canan, Adil Kurt, Nazmi G\u00fcr, Halil Aksoy, H\u00fcsamettin Zerderlio\u011flu ve Van ba\u011f\u0131ms\u0131z milletvekili ve Aysel Tu\u011fluk \u015eemdinli\u2019de PKK\u2019l\u0131 ter\u00f6ristlerle kucakla\u015f\u0131nca T\u00fcrkiye aya\u011fa kalkt\u0131. BDP\u2019lilerin iddialar\u0131na g\u00f6re bu kar\u015f\u0131la\u015fma bir <\/p>\n","protected":false},"author":1,"featured_media":0,"comment_status":"open","ping_status":"open","sticky":false,"template":"","format":"standard","meta":{"footnotes":""},"categories":[105],"tags":[],"class_list":["post-54070","post","type-post","status-publish","format-standard","hentry","category-gundem","odd"],"_links":{"self":[{"href":"http:\/\/www.korhanyilmaz.com\/index.php?rest_route=\/wp\/v2\/posts\/54070","targetHints":{"allow":["GET"]}}],"collection":[{"href":"http:\/\/www.korhanyilmaz.com\/index.php?rest_route=\/wp\/v2\/posts"}],"about":[{"href":"http:\/\/www.korhanyilmaz.com\/index.php?rest_route=\/wp\/v2\/types\/post"}],"author":[{"embeddable":true,"href":"http:\/\/www.korhanyilmaz.com\/index.php?rest_route=\/wp\/v2\/users\/1"}],"replies":[{"embeddable":true,"href":"http:\/\/www.korhanyilmaz.com\/index.php?rest_route=%2Fwp%2Fv2%2Fcomments&post=54070"}],"version-history":[{"count":0,"href":"http:\/\/www.korhanyilmaz.com\/index.php?rest_route=\/wp\/v2\/posts\/54070\/revisions"}],"wp:attachment":[{"href":"http:\/\/www.korhanyilmaz.com\/index.php?rest_route=%2Fwp%2Fv2%2Fmedia&parent=54070"}],"wp:term":[{"taxonomy":"category","embeddable":true,"href":"http:\/\/www.korhanyilmaz.com\/index.php?rest_route=%2Fwp%2Fv2%2Fcategories&post=54070"},{"taxonomy":"post_tag","embeddable":true,"href":"http:\/\/www.korhanyilmaz.com\/index.php?rest_route=%2Fwp%2Fv2%2Ftags&post=54070"}],"curies":[{"name":"wp","href":"https:\/\/api.w.org\/{rel}","templated":true}]}}