{"id":54065,"date":"2012-08-19T15:20:22","date_gmt":"2012-08-19T12:20:22","guid":{"rendered":"http:\/\/www.korhanyilmaz.com\/?p=54065"},"modified":"2012-08-20T12:43:07","modified_gmt":"2012-08-20T09:43:07","slug":"ugur-dundardan-oslo-sorusu","status":"publish","type":"post","link":"http:\/\/www.korhanyilmaz.com\/?p=54065","title":{"rendered":"U\u011fur D\u00fcndar&#8217;dan Oslo sorusu"},"content":{"rendered":"<p style=\"text-align: justify;\"><a href=\"http:\/\/www.korhanyilmaz.com\/wp-content\/uploads\/2012\/08\/H324.jpg\"  class=\"lightview\"><img loading=\"lazy\" decoding=\"async\" class=\"aligncenter size-full wp-image-54066\" title=\"\" src=\"http:\/\/www.korhanyilmaz.com\/wp-content\/uploads\/2012\/08\/H324.jpg\" alt=\"\" width=\"373\" height=\"183\" \/><\/a><\/p>\n<p style=\"text-align: justify;\">U\u011fur D\u00fcndar, metro a\u00e7\u0131l\u0131\u015f\u0131nda medyaya y\u00fcklenen Erdo\u011fan&#8217;a Oslo pazarl\u0131\u011f\u0131n\u0131 sordu.<\/p>\n<p style=\"text-align: justify;\">S\u00f6zc\u00fc yazar\u0131 U\u011fur D\u00fcndar, metro a\u00e7\u0131l\u0131\u015f\u0131nda medyaya y\u00fcklenen Ba\u015fbakan Erdo\u011fan&#8217;a \u00e7arp\u0131c\u0131 bir soru y\u00f6neltti!<\/p>\n<p style=\"text-align: justify;\"><strong>SIRA ATAT\u00dcRK&#8217;E M\u0130 GELD\u0130?\u00a0<\/strong><\/p>\n<p style=\"text-align: justify;\">\u0130stanbul\u2019da Kad\u0131k\u00f6y-Kartal Metrosu\u2018nun a\u00e7\u0131l\u0131\u015f\u0131n\u0131 yapan Ba\u015fbakan Erdo\u011fan\u2019\u0131n hedefinde yine medya vard\u0131.<\/p>\n<p style=\"text-align: justify;\">Son g\u00fcnlerde artan ter\u00f6r sald\u0131r\u0131lar\u0131na de\u011finirken medyaya y\u00fcklenip \u201cKimden yanas\u0131n\u0131z? PKK ter\u00f6r \u00f6rg\u00fct\u00fcnden yana m\u0131s\u0131n, yoksa bu milletten yana m\u0131s\u0131n?\u201d diye sordu, habercilik dersi verdi.\u00a0<!--more--><\/p>\n<p style=\"text-align: justify;\">\u201cTelevizyon kanallar\u0131na, onlar\u0131n avukatlar\u0131n\u0131, onlar\u0131n meddahlar\u0131n\u0131 \u00e7\u0131kartan medyaya kar\u015f\u0131 tavr\u0131m vard\u0131r ve bundan sonra da olacakt\u0131r. Herkes net olacak, kimden yana oldu\u011funu s\u00f6yleyecek\u201d dedi.<\/p>\n<p style=\"text-align: justify;\">Gazetecilerden biri \u00e7\u0131k\u0131p da, \u201cPeki ama Say\u0131n Ba\u015fbakan, PKK ile Oslo\u2019daki pazarl\u0131klar\u0131 medya m\u0131 yapt\u0131? \u0130mral\u0131\u2019daki Abdullah \u00d6calan\u2019\u0131n mektuplar\u0131n\u0131 Kandil\u2019e, oradaki ter\u00f6ristlerin cevaben yazd\u0131klar\u0131n\u0131 \u00d6calan\u2019a, medya m\u0131 g\u00f6t\u00fcr\u00fcp getirdi? Ter\u00f6ristlerin Habur\u2019da adeta birer kahraman gibi kar\u015f\u0131land\u0131klar\u0131 olay\u0131 medya m\u0131 organize etti? \u00d6calan\u2019la daha sonraki g\u00f6r\u00fc\u015fmeleri medya m\u0131 s\u00fcrd\u00fcrd\u00fc?\u201d diye soramad\u0131.<\/p>\n<p style=\"text-align: justify;\">B\u0131rak\u0131n sormay\u0131, akl\u0131ndan dahi ge\u00e7iremedi.<\/p>\n<p style=\"text-align: justify;\">Sordu\u011fu takdirde kendisinin ve patronunun ba\u015f\u0131na gelecekleri bildi\u011fi i\u00e7in, yutkunup susmay\u0131 tercih etti.<\/p>\n<p style=\"text-align: justify;\">A\u011fz\u0131yla ku\u015f tutsa Ba\u015fbakan\u2019a yaranamayan, hemen her g\u00fcn azarlanan Ayd\u0131n Do\u011fan\u2019\u0131n durumu g\u00f6z\u00fcn\u00fcn \u00f6n\u00fcne geldi.<\/p>\n<p style=\"text-align: justify;\">Ba\u015fbakan h\u0131z\u0131n\u0131 alamad\u0131, yanda\u015f bir gazetecinin \u00e7anak sorusu \u00fczerine s\u00f6z\u00fc, 10. Y\u0131l Mar\u015f\u0131\u2019na getirdi.<\/p>\n<p style=\"text-align: justify;\">\u201cT\u00fcrkiye\u2019yi biz karayollar\u0131n\u0131 da nereden ald\u0131k, hangi a\u011flarla donatt\u0131k? Demiryolunu nereden ald\u0131k, hangi a\u011flarla donatt\u0131k? Biliyorsunuz 10. Y\u0131l Mar\u015f\u0131\u2019nda ge\u00e7er. Demir a\u011flarla \u00f6rd\u00fck falan. Neyi \u00f6rd\u00fcn? Hi\u00e7bir \u015fey \u00f6rm\u00fc\u015f falan de\u011filsin! Ortada duranlar belliydi. Demir a\u011flarla \u015fimdi T\u00fcrkiye\u2019yi biz \u00f6r\u00fcyoruz\u2026\u201d<\/p>\n<p style=\"text-align: justify;\">Ba\u015fbakan, h\u00fck\u00fcmetinin ger\u00e7ekle\u015ftirdi\u011fi karayolu ve demiryolu hamlesini anlat\u0131rken Cumhuriyet\u2019in ilk 10 y\u0131ldaki ba\u015far\u0131s\u0131n\u0131 k\u00fc\u00e7\u00fcms\u00fcyor ve B\u00fcy\u00fck \u00d6nder Atat\u00fcrk\u2019e g\u00f6ndermede bulunuyor.<\/p>\n<p style=\"text-align: justify;\">Kurtulu\u015f Sava\u015f\u0131\u2019ndan \u00e7\u0131km\u0131\u015f yorgun ulusun, Atat\u00fcrk\u2019\u00fcn \u00e7evresin de kenetlenerek ger\u00e7ekle\u015ftirdi\u011fi muhte\u015fem ba\u015far\u0131s\u0131n\u0131 yerden yere vuruyor.<\/p>\n<p style=\"text-align: justify;\">Sava\u015fta a\u011f\u0131r kay\u0131plar vermi\u015f gen\u00e7 Cumhuriyet\u2019in k\u0131sa zamanda \u00e7ok ve b\u00fcy\u00fck i\u015fler ba\u015farm\u0131\u015f olmas\u0131na dudak b\u00fck\u00fcyor.<\/p>\n<p style=\"text-align: justify;\">10. Y\u0131l Mar\u015f\u0131\u2019n\u0131 co\u015fkuyla s\u00f6yleyenlerle dalga ge\u00e7iyor. \u201cNeyi \u00f6rd\u00fcn?\u201d diye soruyor. Alay ediyor.<\/p>\n<p style=\"text-align: justify;\">Gazetecilerden biri \u00e7\u0131k\u0131p da \u201cSay\u0131n Ba\u015fbakan, o ko\u015fullarda Atat\u00fcrk belki sizin kadar demiryolu a\u011f\u0131 \u00f6remedi, ama hi\u00e7 olmazsa bu memleketin ba\u015f\u0131na \u00e7orap da \u00f6rmedi!\u201d diyemiyor.<\/p>\n<p style=\"text-align: justify;\">Bu soruyu akl\u0131ndan, hayalinden bile ge\u00e7iremiyor. \u00c7\u00fcnk\u00fc korku da\u011flar\u0131 bekliyor! Ama ayn\u0131 g\u00fcn Van\u2019da bir polisimiz \u015fehit d\u00fc\u015f\u00fcyor.<\/p>\n<p style=\"text-align: justify;\">\u015eemdinli\u2019de ter\u00f6ristler, BDP\u2019li milletvekillerinin \u00f6n\u00fcn\u00fc kesip, yar\u0131m saat s\u00fcreyle \u00f6rg\u00fct propagandas\u0131 yap\u0131yor, vekiller de g\u00fclerek dinliyor.<\/p>\n<p style=\"text-align: justify;\">Ter\u00f6ristlerin yol kesme, adam ka\u00e7\u0131rma eylemleri giderek tiyatroya d\u00f6n\u00fc\u015f\u00fcyor.<\/p>\n<p style=\"text-align: justify;\">Suriye\u2019de Esad g\u00fc\u00e7leriyle \u00e7arp\u0131\u015f\u0131rken \u00f6lenlerden birinin, \u0130stanbul\u2019da 57 ki\u015finin \u00f6l\u00fcm\u00fc, 647 ki\u015finin de yaralanmas\u0131yla sonu\u00e7lanan El Kaide sald\u0131r\u0131s\u0131n\u0131 d\u00fczenleyenlerden oldu\u011fu anla\u015f\u0131l\u0131yor. B\u00f6ylece Suriye\u2019 de rejim muhalifi g\u00f6r\u00fcn\u00fcm\u00fcn de sava\u015f\u0131rken \u00f6ld\u00fcr\u00fclen T\u00fcrk El Kaide san\u0131klar\u0131n\u0131n say\u0131s\u0131, \u00fc\u00e7e \u00e7\u0131k\u0131yor.<\/p>\n<p style=\"text-align: justify;\">Beyrut\u2019taki T\u00fcrkler, pe\u015f pe\u015fe rehin al\u0131n\u0131yor.<\/p>\n<p style=\"text-align: justify;\">Atat\u00fcrk\u2019\u00fcn \u201cYurtta bar\u0131\u015f, d\u00fcnyada bar\u0131\u015f\u201d anlay\u0131\u015f\u0131yla \u015fekillenen T\u00fcrkiye\u2019nin d\u0131\u015f politikas\u0131, Ortado\u011fu\u2019nun may\u0131nl\u0131 labirentlerine s\u00fcr\u00fckleniyor.<\/p>\n<p style=\"text-align: justify;\">Uluslararas\u0131 tezgahlarda T\u00fcrkiye\u2019nin ba\u015f\u0131na \u00e7oraplar \u00f6r\u00fcl\u00fcyor.<\/p>\n<p style=\"text-align: justify;\">Ulusal Kurtulu\u015f Sava\u015f\u0131 kahraman\u0131 ve Cumhuriyetimizin kurucular\u0131ndan \u0130smet \u0130n\u00f6n\u00fc\u2019n\u00fcn ad\u0131, Milli E\u011fitim Bakanl\u0131\u011f\u0131\u2019nca baz\u0131 ders kitaplar\u0131ndan \u00e7\u0131kar\u0131l\u0131yor.<\/p>\n<p style=\"text-align: justify;\">Ba\u015fbakan Erdo\u011fan\u2019\u0131n konu\u015fmas\u0131, \u201cS\u0131ra Atat\u00fcrk\u2019e mi geldi?\u201d dedirtiyor.<\/p>\n<p style=\"text-align: justify;\">T\u00fcrkiye Bayram\u2019a bu i\u00e7 karartan atmosferde giriyor.<\/p>\n<p style=\"text-align: justify;\">U\u011fur D\u00fcndar, sevgili S\u00d6ZC\u00dc okurlar\u0131na yine de g\u00fczel bayramlar diliyor.<\/p>\n<p style=\"text-align: justify;\">NOT: Ne id\u00fc\u011f\u00fc belirsiz biri, benim ad\u0131ma Twitter\u2019da sahte bir hesap a\u00e7m\u0131\u015f. Benim ne Twitter\u2019da, ne de Facebook\u2019ta resmi hesab\u0131m yok. A\u00e7anlara kar\u015f\u0131 avukat\u0131m, yasal giri\u015fimler yap\u0131yor. Sahte hesap\u00e7\u0131lara l\u00fctfen inanmay\u0131n.<\/p>\n<p style=\"text-align: justify;\"><strong>U\u011fur D\u00dcNDAR &#8211; S\u00d6ZC\u00dc<\/strong><\/p>\n<p style=\"text-align: justify;\"><a href=\"http:\/\/www.muhalifgazete.com\/45977-Ugur-Dundardan-Erdogani-kizdiracak-soru.htm\">Kaynak : Muhalif Gazete<\/a><\/p>\n","protected":false},"excerpt":{"rendered":"<p style=\"text-align: justify;\">\n<p style=\"text-align: justify;\">U\u011fur D\u00fcndar, metro a\u00e7\u0131l\u0131\u015f\u0131nda medyaya y\u00fcklenen Erdo\u011fan&#8217;a Oslo pazarl\u0131\u011f\u0131n\u0131 sordu.<\/p>\n<p style=\"text-align: justify;\">S\u00f6zc\u00fc yazar\u0131 U\u011fur D\u00fcndar, metro a\u00e7\u0131l\u0131\u015f\u0131nda medyaya y\u00fcklenen Ba\u015fbakan Erdo\u011fan&#8217;a \u00e7arp\u0131c\u0131 bir soru y\u00f6neltti!<\/p>\n<p style=\"text-align: justify;\">SIRA ATAT\u00dcRK&#8217;E M\u0130 GELD\u0130? <\/p>\n<p style=\"text-align: justify;\">\u0130stanbul\u2019da Kad\u0131k\u00f6y-Kartal Metrosu\u2018nun a\u00e7\u0131l\u0131\u015f\u0131n\u0131 yapan Ba\u015fbakan Erdo\u011fan\u2019\u0131n hedefinde yine medya vard\u0131.<\/p>\n<p style=\"text-align: justify;\">Son g\u00fcnlerde <\/p>\n","protected":false},"author":1,"featured_media":0,"comment_status":"open","ping_status":"open","sticky":false,"template":"","format":"standard","meta":{"footnotes":""},"categories":[16],"tags":[],"class_list":["post-54065","post","type-post","status-publish","format-standard","hentry","category-kose-yazilari","odd"],"_links":{"self":[{"href":"http:\/\/www.korhanyilmaz.com\/index.php?rest_route=\/wp\/v2\/posts\/54065","targetHints":{"allow":["GET"]}}],"collection":[{"href":"http:\/\/www.korhanyilmaz.com\/index.php?rest_route=\/wp\/v2\/posts"}],"about":[{"href":"http:\/\/www.korhanyilmaz.com\/index.php?rest_route=\/wp\/v2\/types\/post"}],"author":[{"embeddable":true,"href":"http:\/\/www.korhanyilmaz.com\/index.php?rest_route=\/wp\/v2\/users\/1"}],"replies":[{"embeddable":true,"href":"http:\/\/www.korhanyilmaz.com\/index.php?rest_route=%2Fwp%2Fv2%2Fcomments&post=54065"}],"version-history":[{"count":0,"href":"http:\/\/www.korhanyilmaz.com\/index.php?rest_route=\/wp\/v2\/posts\/54065\/revisions"}],"wp:attachment":[{"href":"http:\/\/www.korhanyilmaz.com\/index.php?rest_route=%2Fwp%2Fv2%2Fmedia&parent=54065"}],"wp:term":[{"taxonomy":"category","embeddable":true,"href":"http:\/\/www.korhanyilmaz.com\/index.php?rest_route=%2Fwp%2Fv2%2Fcategories&post=54065"},{"taxonomy":"post_tag","embeddable":true,"href":"http:\/\/www.korhanyilmaz.com\/index.php?rest_route=%2Fwp%2Fv2%2Ftags&post=54065"}],"curies":[{"name":"wp","href":"https:\/\/api.w.org\/{rel}","templated":true}]}}