{"id":54059,"date":"2012-08-19T08:02:30","date_gmt":"2012-08-19T05:02:30","guid":{"rendered":"http:\/\/www.korhanyilmaz.com\/?p=54059"},"modified":"2012-08-20T11:58:15","modified_gmt":"2012-08-20T08:58:15","slug":"ilk-10-yila-laf-soyletmem","status":"publish","type":"post","link":"http:\/\/www.korhanyilmaz.com\/?p=54059","title":{"rendered":"\u0130lk 10 y\u0131la laf s\u00f6yletmem"},"content":{"rendered":"<div id=\"attachment_54060\" style=\"width: 93px\" class=\"wp-caption alignright\"><img loading=\"lazy\" decoding=\"async\" aria-describedby=\"caption-attachment-54060\" class=\" wp-image-54060 \" title=\"Fatih Altayl\u0131 - Habert\u00fcrk Gazetesi\" src=\"http:\/\/www.korhanyilmaz.com\/wp-content\/uploads\/2012\/08\/H323.jpg\" alt=\"\" width=\"83\" height=\"92\" \/><p id=\"caption-attachment-54060\" class=\"wp-caption-text\">Fatih Altayl\u0131<\/p><\/div>\n<p style=\"text-align: justify;\">BA\u015eBAKAN Erdo\u011fan, d\u00fcn yine kendi yapt\u0131klar\u0131n\u0131 \u00f6verken, ge\u00e7mi\u015fi, uzak ge\u00e7mi\u015fi \u201c\u00f6fkeyle\u201d ve \u201cbe\u011fenmezlikle\u201d y\u00e2d etti.<\/p>\n<p style=\"text-align: justify;\">10. Y\u0131l Mar\u015f\u0131\u2019ndaki \u201cDemira\u011flarla \u00f6rd\u00fck ana yurdu d\u00f6rt ba\u015ftan\u201d c\u00fcmlesine at\u0131fta bulundu.<\/p>\n<p style=\"text-align: justify;\">O d\u00f6nemde hi\u00e7bir \u015fey yap\u0131lmad\u0131\u011f\u0131n\u0131 ima ederek \u201cNeyi \u00f6rd\u00fcn\u00fcz?\u201d diye sordu.<\/p>\n<p style=\"text-align: justify;\">Kendi d\u00f6nemlerinde \u00e7ok daha fazla \u015fey yap\u0131ld\u0131\u011f\u0131n\u0131 ima etti, ima etmedi, s\u00f6yledi.<\/p>\n<p style=\"text-align: justify;\">Sonraki d\u00f6nemlerde yap\u0131lanlara veya yap\u0131lmayanlara s\u00f6z s\u00f6yleme hakk\u0131 elbette var.<\/p>\n<p style=\"text-align: justify;\">T\u00fcrkiye\u2019nin \u00e7ok zaman kaybetti\u011fi, 1950\u2019lerden ba\u015flayarak \u00e7ok hatal\u0131 i\u015fler yapt\u0131\u011f\u0131, ivmesini yitirdi\u011fi do\u011frudur.\u00a0<!--more--><\/p>\n<p style=\"text-align: justify;\">Bunu biz de s\u00f6yledik, yazd\u0131k. Herkes s\u00f6yledi.<\/p>\n<p style=\"text-align: justify;\">\u00d6zal\u2019\u0131n k\u0131sa bir s\u00fcre bast\u0131\u011f\u0131 gaz d\u0131\u015f\u0131nda T\u00fcrkiye olduk\u00e7a \u00f6nemli hamleleri ka\u00e7\u0131rd\u0131.<\/p>\n<p style=\"text-align: justify;\">D\u00fcnyadan koptu. Ama cumhuriyetin ilk 10 y\u0131l\u0131na laf s\u00f6ylemek, dil uzatmak, ele\u015ftirmek \u00e7ok ciddi bir haks\u0131zl\u0131kt\u0131r. Hak yemektir.<\/p>\n<p style=\"text-align: justify;\">Cumhuriyetin ilk 10 y\u0131l\u0131 evrensel bir ba\u015far\u0131 \u00f6yk\u00fcs\u00fcd\u00fcr. Atat\u00fcrk\u2019ten sonra T\u00fcrkiye\u2019nin ba\u015f\u0131na ge\u00e7en liderlerin toplam\u0131n\u0131 alsan, yetinmeyip bir de be\u015fle \u00e7arpsan bir de\u011fil, yar\u0131m Atat\u00fcrk etmezler.<\/p>\n<p style=\"text-align: justify;\">\u201cNeyi \u00f6rd\u00fcn\u00fcz?\u201d deyip be\u011fenmedi\u011finiz Mustafa Kemal Atat\u00fcrk, y\u00fczlerce y\u0131ld\u0131r sava\u015flardan bitap d\u00fc\u015fm\u00fc\u015f, elindeki topraklar\u0131n y\u00fczde 80\u2019ini kaybetmi\u015f, yeti\u015fmi\u015f adamlar\u0131n\u0131 cephelerde yitirmi\u015f, kaynaklar\u0131n\u0131 t\u00fcketmi\u015f, bor\u00e7 har\u00e7 i\u00e7inde kalm\u0131\u015f, ekonomisi olmayan, \u00fcretimi bilmeyen, \u00e7\u00f6p \u00fcretmekten, ot yeti\u015ftirmekten aciz bir \u00fclkeyi kurtarmakla kalmam\u0131\u015f, t\u00fcm bu kay\u0131plar\u0131 k\u0131sa s\u00fcrede yerine koyacak bir sistemi bu \u00fclkeye getirmi\u015f bir adamd\u0131r.<\/p>\n<p style=\"text-align: justify;\">Bug\u00fcn sata sata bitiremedi\u011finiz kurumlar\u0131n b\u00fcy\u00fck b\u00f6l\u00fcm\u00fc onun eseridir.<\/p>\n<p style=\"text-align: justify;\">S\u00fcmerbank\u2019tan \u015feker fabrikalar\u0131na, bankalara kadar her \u015feyi onun dehas\u0131 d\u00fc\u015f\u00fcnm\u00fc\u015f, kurmu\u015f, yaratm\u0131\u015ft\u0131r.<\/p>\n<p style=\"text-align: justify;\">Tek kilometre yolu, kendine ait tek bir demiryolu traversi olmayan Anadolu\u2019da t\u00fcm bunlar\u0131 yoktan var etmi\u015ftir.<\/p>\n<p style=\"text-align: justify;\">Cumhuriyetin ilk y\u0131llar\u0131nda Osmanl\u0131\u2019dan kalana yak\u0131n, yani yakla\u015f\u0131k 4000 kilometre demiryolu yap\u0131l\u0131rken, T\u00fcrkiye\u2019nin demiryolu yapmad\u0131\u011f\u0131 tek d\u00f6nem, T\u00fcrkiye\u2019nin ABD\u2019nin kulu haline getirildi\u011fi Demokrat Parti iktidar\u0131 ve sonras\u0131d\u0131r.<\/p>\n<p style=\"text-align: justify;\">T\u00fcrkiye\u2019nin en b\u00fcy\u00fck yokluk d\u00f6nemlerinde binlerce kilometre ray d\u00f6\u015fenirken, Demokrat Parti ve sonras\u0131nda T\u00fcrkiye karayolu mahk\u00fbmu olmu\u015f, 1950\u2019den 2003 y\u0131l\u0131na kadar 1000 kilometre bile ray d\u00f6\u015fenmemi\u015f, T\u00fcrkiye otomobile, kamyona, karayolu ve tabii petrole a\u015f\u0131r\u0131 ba\u011f\u0131ml\u0131 hale gelmi\u015ftir.<\/p>\n<p style=\"text-align: justify;\">Atat\u00fcrk ise \u00fcretimi olmad\u0131\u011f\u0131 i\u00e7in vergi geliri bile olmayan bir \u00fclkede, ona buna el a\u00e7madan, onun bunun oyunca\u011f\u0131 olmadan, d\u0131\u015f kaynaklara asgari d\u00fczeyde ba\u015fvurarak kalk\u0131nmay\u0131 ba\u015flatm\u0131\u015ft\u0131r.<\/p>\n<p style=\"text-align: justify;\">\u00dcstelik de bunlar\u0131 s\u0131f\u0131rdan ba\u015flatm\u0131\u015ft\u0131r. Var olan bir altyap\u0131y\u0131 harekete ge\u00e7irmemi\u015f, olmayan altyap\u0131y\u0131 kurarak kendi hareketini ba\u015flatm\u0131\u015ft\u0131r.<\/p>\n<p style=\"text-align: justify;\">Bug\u00fcn T\u00fcrkiye\u2019nin en b\u00fcy\u00fck bankas\u0131 olan \u0130\u015f Bankas\u0131\u2019n\u0131 kurmu\u015f olmas\u0131 bile Atat\u00fcrk\u2019\u00fcn i\u015f dehas\u0131d\u0131r. Atat\u00fcrk\u2019ten sonras\u0131na isteyen istedi\u011fini s\u00f6yleyebilir.<\/p>\n<p style=\"text-align: justify;\">Hakl\u0131d\u0131r.<\/p>\n<p style=\"text-align: justify;\">Ama Atat\u00fcrk d\u00f6nemiyle ilgili, cumhuriyetin kurulu\u015f y\u0131llar\u0131yla ilgili edilecek tek bir kem s\u00f6z bile \u201chaks\u0131zl\u0131kt\u0131r\u201d.<\/p>\n<p style=\"text-align: justify;\"><span style=\"color: #993300; font-size: medium;\"><strong>Kad\u0131nlar ne ister?\u00a0<\/strong><\/span><\/p>\n<p style=\"text-align: justify;\">YUKARIDAK\u0130 ba\u015fl\u0131\u011fa bak\u0131p da evrenin olu\u015fumunu ke\u015ffetmekten daha zor ve karma\u015f\u0131k olan bu soruya yan\u0131t buldu\u011fumu sak\u0131n zannetmeyin.<\/p>\n<p style=\"text-align: justify;\">Asla b\u00f6yle bir niyetim yok. Olsa da yan\u0131t\u0131n\u0131 bulmam m\u00fcmk\u00fcn de\u011fil.<\/p>\n<p style=\"text-align: justify;\">Homo erectus\u2019tan bu yana \u00e7\u00f6z\u00fclmemi\u015f bir problemi, anla\u015f\u0131lmam\u0131\u015f bir meseleyi anlamak benim boyumu a\u015far. Ama yan\u0131t\u0131 bulamayacak olmak, soruyu sormam\u0131za engel de\u011fil.<\/p>\n<p style=\"text-align: justify;\">Ama benimkisi sadece soru, yan\u0131t aray\u0131\u015f\u0131 de\u011fil. Sorunun bir kez daha akl\u0131ma tak\u0131lm\u0131\u015f olmas\u0131n\u0131n nedeni ise \u00e7evremde g\u00f6rd\u00fcklerim.<\/p>\n<p style=\"text-align: justify;\">Bir arkada\u015f\u0131m\u0131n 10 y\u0131l\u0131 a\u015fk\u0131n s\u00fcredir devam eden bir evlili\u011fi vard\u0131.<\/p>\n<p style=\"text-align: justify;\">Arkada\u015f\u0131m \u015fahane bir adam.<\/p>\n<p style=\"text-align: justify;\">\u0130\u00e7ki yok. Kumar yok. Gezmeyi, e\u011flenmeyi seven, evlendi\u011fi g\u00fcnden itibaren \u00e7apk\u0131nl\u0131\u011f\u0131n \u00c7\u2019sini de\u011fil yapmak akl\u0131na bile getirmemi\u015f, her g\u00fcn evden i\u015fine i\u015finden evine giden, her yere e\u015fiyle birlikte gidip d\u00f6nen, iki \u00e7ocu\u011funun her \u015feyiyle yak\u0131ndan ilgilenen, e\u015fini k\u0131skan\u00e7l\u0131klar\u0131yla, bask\u0131lar\u0131yla s\u0131kmayan, hali vakti \u00e7ok yerinde, ekonomik en k\u00fc\u00e7\u00fck bir s\u0131k\u0131nt\u0131s\u0131 olmayan, olsa da evine asla yans\u0131tmayan bir adam.<\/p>\n<p style=\"text-align: justify;\">Bakt\u0131\u011f\u0131m\u0131z zaman ideal evlilik, ideal koca.<\/p>\n<p style=\"text-align: justify;\">Ama bir g\u00fcn e\u015fi, kar\u015f\u0131s\u0131na oturuyor ve arkada\u015f\u0131ma \u015f\u00f6yle diyor: \u201cBen senden s\u0131k\u0131ld\u0131m. Bo\u015fanmak istiyorum.\u201d<\/p>\n<p style=\"text-align: justify;\">Arkada\u015f\u0131m, \u201cBir hatam varsa, be\u011fenmedi\u011fin bir y\u00f6n\u00fcm varsa hemen d\u00fczelteyim.<\/p>\n<p style=\"text-align: justify;\">Sa\u00e7malama\u201d falan diyor.<\/p>\n<p style=\"text-align: justify;\">E\u015finin yan\u0131t\u0131 ilgin\u00e7: \u201cHay\u0131r kusursuz bir kocas\u0131n. O kadar kusursuzsun ki bu durum beni s\u0131k\u0131yor.\u201d<\/p>\n<p style=\"text-align: justify;\">Yapma etmeler, arkada\u015flar\u0131n araya girme \u00e7abas\u0131 falan i\u015fe yaramad\u0131.<\/p>\n<p style=\"text-align: justify;\">15 g\u00fcnde bo\u015fand\u0131lar.<\/p>\n<p style=\"text-align: justify;\">\u00a0Bir ba\u015fka arkada\u015f\u0131m daha var. Haftan\u0131n en az \u00fc\u00e7 g\u00fcn\u00fc seyahatte. \u0130stanbul\u2019da oldu\u011fu zaman ise ya arkada\u015flar\u0131yla yemekte ya da i\u015f yeme\u011finde.<\/p>\n<p style=\"text-align: justify;\">E\u015fine ay\u0131rd\u0131\u011f\u0131 g\u00fcn haftada bir, bilemedin iki. S\u00fcrekli i\u00e7er.<\/p>\n<p style=\"text-align: justify;\">\u00c7apk\u0131nl\u0131k hik\u00e2yeleri s\u00fcrekli dola\u015f\u0131r.<\/p>\n<p style=\"text-align: justify;\">\u00c7ocuklar\u0131n\u0131n hangi okula gitti\u011fini, ka\u00e7\u0131nc\u0131 s\u0131n\u0131fta oldu\u011funu sorsan b\u00fcy\u00fck ihtimalle bilmez.<\/p>\n<p style=\"text-align: justify;\">Bir g\u00fcn bakars\u0131n servet i\u00e7inde, bir s\u00fcre sonra bakars\u0131n batm\u0131\u015f, bor\u00e7 i\u00e7inde.<\/p>\n<p style=\"text-align: justify;\">Kar\u0131s\u0131 s\u00fcrekli arkada\u015flar\u0131na yak\u0131n\u0131r, s\u00fcrekli a\u011flar, s\u0131zlar.<\/p>\n<p style=\"text-align: justify;\">Bir g\u00fcn beraber oldu\u011fumuz bir ortamda arkada\u015f\u0131m, e\u015fine ciddi bir kabal\u0131k yap\u0131nca dayanamad\u0131m, \u201cK\u0131z\u0131m manyak m\u0131s\u0131n? Bu \u00f6k\u00fcze ben dayanam\u0131yorum, sen nas\u0131l dayan\u0131yorsun? Bo\u015fasana \u015fu hayvan\u0131\u201d dedim.<\/p>\n<p style=\"text-align: justify;\">Arkada\u015f\u0131m hemen atlad\u0131: \u201cFatih do\u011fru s\u00f6yl\u00fcyor. Benim gibi adamla evli kal\u0131n\u0131r m\u0131? Beni nas\u0131l bo\u015fam\u0131yorsun \u015fa\u015f\u0131yorum\u201d<\/p>\n<p style=\"text-align: justify;\">Kad\u0131n ne dese be\u011fenirsiniz?<\/p>\n<p style=\"text-align: justify;\">\u201cNiye bo\u015fayay\u0131m. \u015eahane bir kocam var. Ben onunla \u00e7ok mutluyum.\u201d<\/p>\n<p style=\"text-align: justify;\">Hadi gel de anla bu kad\u0131nlar\u0131.<\/p>\n<p style=\"text-align: justify;\">Tabii sak\u0131n, \u201cErkekler kad\u0131nlar\u0131 anlam\u0131yor\u201d diye d\u00fc\u015f\u00fcnmeyin.<\/p>\n<p style=\"text-align: justify;\">Kad\u0131nlar o kadar ilgin\u00e7ler ki kendileri de kendilerini anlam\u0131yor.<\/p>\n<p style=\"text-align: justify;\"><strong>De\u011ferli Habert\u00fcrk okurlar\u0131<\/strong><\/p>\n<p style=\"text-align: justify;\">HEP\u0130N\u0130Z\u0130N Ramazan Bayram\u0131\u2019n\u0131 kutluyorum. K\u00fc\u00e7\u00fcklerimizin g\u00f6zlerinden, b\u00fcy\u00fcklerimizin ellerinden \u00f6p\u00fcyorum. Nice bayramlarda sa\u011fl\u0131kla, s\u0131hhatle, mutlulukla, hep beraber olmay\u0131 diliyorum.<\/p>\n<p style=\"text-align: justify;\"><strong>NE ZAMAN ADAM OLURUZ?<\/strong><\/p>\n<p style=\"text-align: justify;\">Bayramlar\u0131 mesajla de\u011fil en az\u0131ndan telefonla arayarak kutlad\u0131\u011f\u0131m\u0131z zaman.<\/p>\n<p style=\"text-align: justify;\"><a href=\"http:\/\/www.haberturk.com\/yazarlar\/fatih-altayli\/769285-ilk-10-yila-laf-soyletmem\" target=\"_blank\">Kaynak : Habert\u00fcrk Gazetesi<\/a><\/p>\n","protected":false},"excerpt":{"rendered":"<p id=\"caption-attachment-54060\" class=\"wp-caption-text\">Fatih Altayl\u0131<\/p>\n<p style=\"text-align: justify;\">BA\u015eBAKAN Erdo\u011fan, d\u00fcn yine kendi yapt\u0131klar\u0131n\u0131 \u00f6verken, ge\u00e7mi\u015fi, uzak ge\u00e7mi\u015fi \u201c\u00f6fkeyle\u201d ve \u201cbe\u011fenmezlikle\u201d y\u00e2d etti.<\/p>\n<p style=\"text-align: justify;\">10. Y\u0131l Mar\u015f\u0131\u2019ndaki \u201cDemira\u011flarla \u00f6rd\u00fck ana yurdu d\u00f6rt ba\u015ftan\u201d c\u00fcmlesine at\u0131fta bulundu.<\/p>\n<p style=\"text-align: justify;\">O d\u00f6nemde hi\u00e7bir \u015fey yap\u0131lmad\u0131\u011f\u0131n\u0131 ima ederek \u201cNeyi \u00f6rd\u00fcn\u00fcz?\u201d diye sordu.<\/p>\n<p style=\"text-align: justify;\">Kendi d\u00f6nemlerinde \u00e7ok daha fazla <\/p>\n","protected":false},"author":1,"featured_media":0,"comment_status":"open","ping_status":"open","sticky":false,"template":"","format":"standard","meta":{"footnotes":""},"categories":[16],"tags":[1136],"class_list":["post-54059","post","type-post","status-publish","format-standard","hentry","category-kose-yazilari","tag-fatih-altayli","odd"],"_links":{"self":[{"href":"http:\/\/www.korhanyilmaz.com\/index.php?rest_route=\/wp\/v2\/posts\/54059","targetHints":{"allow":["GET"]}}],"collection":[{"href":"http:\/\/www.korhanyilmaz.com\/index.php?rest_route=\/wp\/v2\/posts"}],"about":[{"href":"http:\/\/www.korhanyilmaz.com\/index.php?rest_route=\/wp\/v2\/types\/post"}],"author":[{"embeddable":true,"href":"http:\/\/www.korhanyilmaz.com\/index.php?rest_route=\/wp\/v2\/users\/1"}],"replies":[{"embeddable":true,"href":"http:\/\/www.korhanyilmaz.com\/index.php?rest_route=%2Fwp%2Fv2%2Fcomments&post=54059"}],"version-history":[{"count":0,"href":"http:\/\/www.korhanyilmaz.com\/index.php?rest_route=\/wp\/v2\/posts\/54059\/revisions"}],"wp:attachment":[{"href":"http:\/\/www.korhanyilmaz.com\/index.php?rest_route=%2Fwp%2Fv2%2Fmedia&parent=54059"}],"wp:term":[{"taxonomy":"category","embeddable":true,"href":"http:\/\/www.korhanyilmaz.com\/index.php?rest_route=%2Fwp%2Fv2%2Fcategories&post=54059"},{"taxonomy":"post_tag","embeddable":true,"href":"http:\/\/www.korhanyilmaz.com\/index.php?rest_route=%2Fwp%2Fv2%2Ftags&post=54059"}],"curies":[{"name":"wp","href":"https:\/\/api.w.org\/{rel}","templated":true}]}}