{"id":54055,"date":"2012-08-19T13:00:20","date_gmt":"2012-08-19T10:00:20","guid":{"rendered":"http:\/\/www.korhanyilmaz.com\/?p=54055"},"modified":"2012-08-20T09:13:59","modified_gmt":"2012-08-20T06:13:59","slug":"silivride-ibda-c-yuvasi","status":"publish","type":"post","link":"http:\/\/www.korhanyilmaz.com\/?p=54055","title":{"rendered":"Silivri&#8217;de \u0130BDA-C yuvas\u0131!"},"content":{"rendered":"<p style=\"text-align: justify;\"><a href=\"http:\/\/www.korhanyilmaz.com\/wp-content\/uploads\/2012\/08\/H322.jpg\"  class=\"lightview\"><img loading=\"lazy\" decoding=\"async\" class=\"aligncenter size-full wp-image-54056\" title=\"\" src=\"http:\/\/www.korhanyilmaz.com\/wp-content\/uploads\/2012\/08\/H322.jpg\" alt=\"\" width=\"376\" height=\"221\" \/><\/a><\/p>\n<p style=\"text-align: justify;\">\u0130stanbul Silivri\u2019deki bir haber kayna\u011f\u0131m\u0131z 15 A\u011fustos\u2019ta haber merkezimize Furkan E\u011fitim ve K\u00fclt\u00fcr Derne\u011fi\u2019nin \u201cS\u0131byan Medreseleri\u201d ilan\u0131n\u0131 g\u00f6nderdi. Bunun \u00fczerine bahsi ge\u00e7en kurumu ara\u015ft\u0131rmaya ba\u015flad\u0131k. \u0130lan \u00fczerinde, k\u0131z irtibat numaras\u0131n\u0131 arayarak bilgi ald\u0131k. Daha sonra medreseyi yerinde g\u00f6rmeye karar verdik. Bir sonraki g\u00fcn, gerekli haz\u0131rl\u0131klar\u0131 tamamlad\u0131ktan sonra Silivri\u2019ye do\u011fru yola koyulduk.<!--more--><\/p>\n<p style=\"text-align: justify;\">Silivri\u2019ye vard\u0131\u011f\u0131m\u0131zda \u00e7evrede biraz dolan\u0131p, mahalle hakk\u0131nda bilgi edinmeye \u00e7al\u0131\u015ft\u0131k. \u00d6\u011fle saatlerinde irtibat numaras\u0131n\u0131 arayarak medreseyi ziyaret etmek istedi\u011fimi s\u00f6yledim. \u00c7ok ge\u00e7meden adrese ula\u015ft\u0131k. Mimar Sinan Camisi\u2019nin soka\u011f\u0131nda tabelas\u0131z ve \u00fc\u00e7 katl\u0131 bir binayd\u0131. T\u00fcrban ve uygun k\u0131yafetleri giyerek kap\u0131y\u0131 \u00e7ald\u0131m. Ba\u015f\u0131nda t\u00fcrban\u0131, \u00fczerinde geceli\u011fiyle kap\u0131y\u0131 medrese sahiplerinden Havva Aksu a\u00e7t\u0131. Giri\u015finde ayakkab\u0131lar\u0131 \u00e7\u0131kararak ikinci kata \u00e7\u0131kt\u0131m. \u0130\u00e7eride e\u015fi ve e\u015finin karde\u015fi de vard\u0131 ancak e\u015fi ba\u015fka bir odaya ge\u00e7erek beni kad\u0131nlarla ba\u015f ba\u015fa b\u0131rakt\u0131. Ev b\u00fct\u00fcn mobilya dekorasyonuyla bir medreseyi and\u0131r\u0131yordu. Evde televizyon ve bilgisayar yoktu, salon olarak kulland\u0131klar\u0131 odada yaln\u0131zca minderler vard\u0131. Sohbet tan\u0131\u015fma fasl\u0131yla ba\u015flad\u0131.<\/p>\n<p style=\"text-align: justify;\"><strong>\u2018T\u00dcRBAN ALI\u015eKANLI\u011eI KAZANDIRACAK BONELER\u2019\u00a0<\/strong><\/p>\n<p style=\"text-align: justify;\">Havva Aksu medreseyle ve verdikleri e\u011fitimle ilgili bana \u015funlar\u0131 anlatt\u0131:<\/p>\n<p style=\"text-align: justify;\">\u201cMedreseyi e\u015fim ile birlikte i\u015fletiyoruz, bir de kurs a\u00e7\u0131l\u0131nca yan\u0131ma bir yard\u0131mc\u0131 daha gelecek. E\u011fitim setimiz \u00e7ocuklar i\u00e7in \u00e7ok uygun. Arap\u00e7a harfleri tek tek boyayarak \u00f6\u011fretti\u011fimiz boya kitaplar\u0131m\u0131z var, bu \u015fekilde yava\u015f yava\u015f sevdirerek ilerliyoruz. Esas olarak ilim, ihlas, iman, peygamber sevgisi, abdesti \u00f6\u011fretecek kitaplar kullan\u0131yoruz. K\u0131yafet olarak Fatih\u2019ten ald\u0131\u011f\u0131m\u0131z uzun kollu, ete\u011fi yere de\u011fen beyaz renkli elbiseleri giydiriyoruz. K\u0131yafete ek olarak t\u00fcrban al\u0131\u015fkanl\u0131\u011f\u0131 kazand\u0131racak bonelerimiz var. Kitap ve k\u0131yafet i\u00e7in 100 TL istiyoruz. Medrese her g\u00fcn saat 10.00 ile 15.00 aras\u0131nda a\u00e7\u0131k, servis her g\u00fcn evden al\u0131yor, kurs sonunda eve b\u0131rak\u0131yor. Servis ve kursun \u00fccreti ayl\u0131k 175 TL. Ailelerle konu\u015fuyoruz, yemek plan\u0131 yap\u0131yoruz, ona g\u00f6re herkes haftan\u0131n bir g\u00fcn\u00fc yemek getiriyor. Ge\u00e7ti\u011fimiz y\u0131l da kurs a\u00e7t\u0131k. Zaten \u00f6nce dualardan ba\u015fl\u0131yoruz; S\u00fcbhaneke duas\u0131ndan Fatiha&#8217;ya kadar geliyoruz, sonras\u0131nda Kurana ge\u00e7iyoruz. Bir\u00e7ok \u00e7ocuk hatim seviyesine geldi. \u00d6\u011frenme h\u0131z\u0131 \u00e7ocuktan \u00e7ocu\u011fa g\u00f6re de\u011fi\u015fiyor, burada \u00f6nemli olan ailenin deste\u011fi. Bazen \u00e7ocu\u011fu te\u015fvik ettirecek \u00f6d\u00fcller verilir bazen de ufak cezalarla ilgisi sa\u011flan\u0131r. Genelde \u00e7ocuklar yazlar\u0131 Kuran kurslar\u0131na g\u00f6nderilir ama \u0130slam 2 ayda \u00f6\u011frenilecek bir\u015fey de\u011fil. Biz de 2 ayl\u0131\u011f\u0131na m\u00fcsl\u00fcman de\u011filiz. Temelinin bu ya\u015flarda at\u0131lmas\u0131 laz\u0131m. \u00c7\u00fcnk\u00fc, \u00e7ocuklar\u0131n haf\u0131zalar\u0131 \u00e7ok g\u00fc\u00e7l\u00fc oluyor, \u0130slam\u2019\u0131 a\u015f\u0131laman\u0131n en g\u00fczel zaman\u0131. Kendi ya\u015f\u0131tlar\u0131yla, \u0130slam ahlak\u0131n\u0131 beraberce almalar\u0131, onlar\u0131n sosyal ya\u015famlar\u0131n\u0131 etkiliyor. Devlet okullar\u0131ndaki e\u011fitim anlay\u0131\u015f\u0131 \u00e7ocuklar\u0131 k\u00f6reltiyor. Eski sistemde zorunlu e\u011fitim 8 y\u0131ld\u0131, ortaokuldan sonra \u00e7ocu\u011funu okula g\u00f6ndermesen de oluyordu. \u015eimdi 12 y\u0131la \u00e7\u0131kt\u0131, o ya\u015ftan sonra Kuran, ilim nas\u0131l \u00f6\u011fretilsin.\u201d<\/p>\n<p style=\"text-align: justify;\"><strong>\u2018DEVLET\u0130N D\u0130PLOMASIYLA DE\u011e\u0130L HOCALARIMIZIN \u0130CAZET\u0130YLE\u2019\u00a0<\/strong><\/p>\n<p style=\"text-align: justify;\">Kendilerinin ilahiyat mezunu olup olmad\u0131\u011f\u0131n\u0131 sordum, ald\u0131\u011f\u0131m cevapta ilgin\u00e7ti: \u201cBiz o tarz bir anlay\u0131\u015fa kar\u015f\u0131y\u0131z, biz medreselerde e\u011fitim g\u00f6r\u00fcr\u00fcz, sonras\u0131nda gerekli yerlerdeki hocalar\u0131m\u0131zdan icazet al\u0131r, hoca oluruz. Diplomayla i\u015fimiz olmaz.\u201d Hocalar\u0131n\u0131n \u0130smaila\u011fa Cemaati\u2019nden Mahmut Efendi oldu\u011funa de\u011finen Aksu, devletin verdi\u011fi e\u011fitimi de\u011fil, medreselerin verdi\u011fi e\u011fitimi dikkate ald\u0131\u011f\u0131n\u0131 da belirtti. Sohbeti bitirdikten sonra \u00fcst kata, k\u0131z \u00e7ocuklar\u0131n\u0131n e\u011fitim ald\u0131\u011f\u0131 yere \u00e7\u0131kt\u0131k. Mutfak, banyo ve \u00fc\u00e7 odadan olu\u015fan evde, bir oda oyun odas\u0131 olarak ayr\u0131lm\u0131\u015ft\u0131. Odada ufak bir sal\u0131ncak ve bir kayd\u0131rak vard\u0131. Evin her yerine dualar ve \u0130slami s\u00f6zler as\u0131lm\u0131\u015ft\u0131. Bir odada oturak olarak minderler yer al\u0131rken as\u0131l derslerin yap\u0131ld\u0131\u011f\u0131 odada ise ufak \u00e7ocuklar\u0131n i\u00e7ine s\u0131\u011fabilece\u011fi b\u00fcy\u00fckl\u00fckte kutucuklar vard\u0131. \u00d6zel olarak yapt\u0131r\u0131ld\u0131\u011f\u0131 belliydi, \u00e7ocuklar\u0131n birbirlerine temas etmemeleri i\u00e7in tahta kutular\u0131n yanlar\u0131 da kapat\u0131lm\u0131\u015ft\u0131. Aksu, bu kutular sayesinde \u00e7ocuklar\u0131n disiplinini sa\u011flad\u0131klar\u0131n\u0131 s\u00f6yledi.<\/p>\n<p style=\"text-align: justify;\"><strong>4- 6 YA\u015eLARINDAK\u0130 \u00c7OCUKLARA T\u00dcRBAN TAKIYORLAR\u00a0<\/strong><\/p>\n<p style=\"text-align: justify;\">\u0130stanbul Silivri\u2019de Furkan E\u011fitim ve K\u00fclt\u00fcr Derne\u011fi\u2019ne ba\u011fl\u0131 \u201cOsmanl\u0131 S\u0131byan Medresesi\u201d a\u00e7\u0131ld\u0131. \u0130hbar \u00fczerine harekete ge\u00e7en YURT muhabirleri, medreseye girerek skandal\u0131 de\u015fifre etti.<\/p>\n<p style=\"text-align: justify;\">4,5,6 ya\u015flar\u0131ndaki \u00e7ocuklar\u0131 hedef alan medresedeki s\u00f6zde hocalar\u0131 Silivri M\u00fcft\u00fcl\u00fc\u011f\u00fc\u2019ndeki yetkili \u201cOras\u0131 iyi bir yer, zarars\u0131z, korkulacak bir \u015fey yok anaokulu e\u011fitiminin ayn\u0131s\u0131 veriliyor\u201d diye \u00f6verken Milli E\u011fitim M\u00fcd\u00fcrl\u00fc\u011f\u00fc ise \u201cKay\u0131tlar\u0131m\u0131zda b\u00f6yle bir kurs yok\u201d dedi.<\/p>\n<p style=\"text-align: justify;\"><strong>S\u0130L\u0130VR\u0130\u2019DE DUYMAYAN YOK!\u00a0<\/strong><\/p>\n<p style=\"text-align: justify;\">Furkan E\u011fitim ve K\u00fclt\u00fcr Derne\u011fi\u2019ne ba\u011fl\u0131 Osmanl\u0131 S\u0131byan Medresesi, Silivri\u2019deki t\u00fcm caddeleri afi\u015fleriyle donatt\u0131. Devletin t\u00fcm kurumlar\u0131n\u0131n haberdar oldu\u011fu medresenin kapat\u0131lmas\u0131 i\u00e7in hukuki s\u00fcre\u00e7 ba\u015flat\u0131lmamas\u0131 dikkat \u00e7ekti. Buna kar\u015f\u0131l\u0131k Silivri M\u00fcft\u00fcl\u00fc\u011f\u00fc\u2019nden muhabirlerimize bilgi veren bir yetkili, \u201cOras\u0131 iyi bir yer, zarars\u0131z, korkulacak bir \u015fey yok anaokulu e\u011fitiminin ayn\u0131s\u0131 veriliyor. \u00c7ocuklar dini e\u011fitim al\u0131yor. \u00c7evremizde \u00e7ocuklar\u0131n\u0131 g\u00f6nderen arkada\u015flar\u0131m\u0131z var. \u00d6zel bir kurs oldu\u011fu i\u00e7in m\u00fcft\u00fcl\u00fckle alakas\u0131 yoktur\u201d dedi.<\/p>\n<p style=\"text-align: justify;\">Silivri \u0130l\u00e7e Milli E\u011fitim M\u00fcd\u00fcrl\u00fc\u011f\u00fc\u2019ndeki yetkili ise \u201cFurkan E\u011fitim ve K\u00fclt\u00fcr Derne\u011fi ad\u0131 alt\u0131nda herhangi bir ba\u015fvuruda bulunulmam\u0131\u015f ve kursun herhangi bir kayd\u0131 mevcut de\u011fil\u201d a\u00e7\u0131klamas\u0131nda bulundu.<\/p>\n<p style=\"text-align: justify;\"><strong>\u2018\u0130SMA\u0130LA\u011eA CEMAAT\u0130NE MENSUBUZ\u2019\u00a0<\/strong><\/p>\n<p style=\"text-align: justify;\">Furkan E\u011fitim ve K\u00fclt\u00fcr Derne\u011fi\u2019ne ili\u015fkin yapt\u0131\u011f\u0131m\u0131z ara\u015ft\u0131rmada Furkan Dergisi ve Furkan Vakf\u0131 ad\u0131 alt\u0131nda farkl\u0131 gruplar\u0131n da oldu\u011fu ortaya \u00e7\u0131kt\u0131. Bu gruplar\u0131n ter\u00f6r \u00f6rg\u00fct\u00fc \u0130BDA-C\u2019ye yak\u0131n oldu\u011fu \u00f6\u011frenildi. Medrese hocalar\u0131ndan Havva Aksu muhabirimize \u201c\u0130smaila\u011fa cemaatine mensubuz, Mahmut Efendinin \u00f6\u011frencileriyiz ve \u00f6\u011fretilerini aktarmak i\u00e7in u\u011fra\u015f veriyoruz\u201d dedi.<\/p>\n<p style=\"text-align: justify;\">Silivri\u2019de t\u00fcm devlet yetkililerinin bildi\u011fi yasad\u0131\u015f\u0131 medresenin kapat\u0131l\u0131p kapat\u0131lmayaca\u011f\u0131 ise merak konusu.<\/p>\n<p style=\"text-align: justify;\"><strong>MEDRESELER 1925\u2019TE KAPATILDI!\u00a0<\/strong><\/p>\n<p style=\"text-align: justify;\">3 Mart 1924\u2019te Tevhid-i Tedrisat Kanunu \u00e7\u0131kart\u0131ld\u0131\u011f\u0131nda, \u015eeriye ve Evkaf Vek\u00e2leti veya vak\u0131flar taraf\u0131ndan idare edilen medrese ve mektepler ve bunlara tahsis edilen \u00f6denekler Milli E\u011fitim Bakanl\u0131\u011f\u0131\u2019na devredildi. Bu devrim yasas\u0131 \u00e7\u0131kt\u0131ktan sonra Milli E\u011fitim Bakanl\u0131\u011f\u0131\u2019na ait yeni okullarla ayn\u0131 amac\u0131 payla\u015fmas\u0131 imk\u00e2ns\u0131z olan medreselerin tamam\u0131 1925 y\u0131l\u0131nda kapat\u0131ld\u0131.<\/p>\n<p style=\"text-align: justify;\"><a href=\"http:\/\/www.yurtgazetesi.com.tr\/yasam\/silivride-ibda-c-yuvasi-h17422.html\" target=\"_blank\">Kaynak :\u00a0SEMRA TATLIPINAR \/ SAM\u0130 MENTE\u015e &#8211; Yurt Gazetesi<\/a><\/p>\n","protected":false},"excerpt":{"rendered":"<p style=\"text-align: justify;\">\n<p style=\"text-align: justify;\">\u0130stanbul Silivri\u2019deki bir haber kayna\u011f\u0131m\u0131z 15 A\u011fustos\u2019ta haber merkezimize Furkan E\u011fitim ve K\u00fclt\u00fcr Derne\u011fi\u2019nin \u201cS\u0131byan Medreseleri\u201d ilan\u0131n\u0131 g\u00f6nderdi. Bunun \u00fczerine bahsi ge\u00e7en kurumu ara\u015ft\u0131rmaya ba\u015flad\u0131k. \u0130lan \u00fczerinde, k\u0131z irtibat numaras\u0131n\u0131 arayarak bilgi ald\u0131k. Daha sonra medreseyi yerinde g\u00f6rmeye karar verdik. Bir sonraki g\u00fcn, gerekli haz\u0131rl\u0131klar\u0131 tamamlad\u0131ktan sonra Silivri\u2019ye do\u011fru yola <\/p>\n","protected":false},"author":1,"featured_media":0,"comment_status":"open","ping_status":"open","sticky":false,"template":"","format":"standard","meta":{"footnotes":""},"categories":[105],"tags":[],"class_list":["post-54055","post","type-post","status-publish","format-standard","hentry","category-gundem","odd"],"_links":{"self":[{"href":"http:\/\/www.korhanyilmaz.com\/index.php?rest_route=\/wp\/v2\/posts\/54055","targetHints":{"allow":["GET"]}}],"collection":[{"href":"http:\/\/www.korhanyilmaz.com\/index.php?rest_route=\/wp\/v2\/posts"}],"about":[{"href":"http:\/\/www.korhanyilmaz.com\/index.php?rest_route=\/wp\/v2\/types\/post"}],"author":[{"embeddable":true,"href":"http:\/\/www.korhanyilmaz.com\/index.php?rest_route=\/wp\/v2\/users\/1"}],"replies":[{"embeddable":true,"href":"http:\/\/www.korhanyilmaz.com\/index.php?rest_route=%2Fwp%2Fv2%2Fcomments&post=54055"}],"version-history":[{"count":0,"href":"http:\/\/www.korhanyilmaz.com\/index.php?rest_route=\/wp\/v2\/posts\/54055\/revisions"}],"wp:attachment":[{"href":"http:\/\/www.korhanyilmaz.com\/index.php?rest_route=%2Fwp%2Fv2%2Fmedia&parent=54055"}],"wp:term":[{"taxonomy":"category","embeddable":true,"href":"http:\/\/www.korhanyilmaz.com\/index.php?rest_route=%2Fwp%2Fv2%2Fcategories&post=54055"},{"taxonomy":"post_tag","embeddable":true,"href":"http:\/\/www.korhanyilmaz.com\/index.php?rest_route=%2Fwp%2Fv2%2Ftags&post=54055"}],"curies":[{"name":"wp","href":"https:\/\/api.w.org\/{rel}","templated":true}]}}