{"id":54043,"date":"2012-08-18T21:48:29","date_gmt":"2012-08-18T18:48:29","guid":{"rendered":"http:\/\/www.korhanyilmaz.com\/?p=54043"},"modified":"2012-08-19T23:57:05","modified_gmt":"2012-08-19T20:57:05","slug":"dev-ataturk-heykeli-ve-bayrak-elektriksiz-birakildi","status":"publish","type":"post","link":"http:\/\/www.korhanyilmaz.com\/?p=54043","title":{"rendered":"Dev Atat\u00fcrk heykeli ve bayrak elektriksiz b\u0131rak\u0131ld\u0131!"},"content":{"rendered":"<p style=\"text-align: center;\"><a href=\"http:\/\/www.korhanyilmaz.com\/wp-content\/uploads\/2012\/08\/H317.jpg\"  class=\"lightview\"><img loading=\"lazy\" decoding=\"async\" class=\"aligncenter  wp-image-54044\" src=\"http:\/\/www.korhanyilmaz.com\/wp-content\/uploads\/2012\/08\/H317.jpg\" alt=\"\" width=\"403\" height=\"215\" \/><\/a><\/p>\n<p style=\"text-align: justify;\">Artvin\u2019de 19 May\u0131s\u2019ta a\u00e7\u0131l\u0131\u015f\u0131 yap\u0131lan, T\u00fcrkiye\u2019nin en b\u00fcy\u00fck Atat\u00fcrk heykeli elektrik verilememesi nedeniyle \u0131\u015f\u0131kland\u0131r\u0131lam\u0131yor. Ayn\u0131 alanda bulunan dev direkteki y\u0131rt\u0131k dev T\u00fcrk bayra\u011f\u0131 da elektriksizlik nedeniyle de\u011fi\u015ftirilemiyor. Atat\u00fcrk An\u0131t\u0131\u2019na ve bulundu\u011fu b\u00f6lgeye 4.5 milyon lira harcama yapan S\u0131tk\u0131 Kahvecio\u011flu Vakf\u0131 Ba\u015fkan\u0131 S\u0131tk\u0131 Kahvecio\u011flu arazinin in\u015faat halindeyken her t\u00fcrl\u00fc ayd\u0131nlat\u0131lmas\u0131n\u0131n yap\u0131ld\u0131\u011f\u0131n\u0131 ancak a\u00e7\u0131l\u0131\u015f\u0131ndan birka\u00e7 g\u00fcn sonra b\u00f6lgeye verilen elektri\u011fin kesildi\u011fini belirtti.<!--more--><\/p>\n<p style=\"text-align: justify;\">Ayd\u0131nl\u0131k\u2019a bilgi veren Kahvecio\u011flu, \u201cNe olduysa in\u015faat bittikten sonra oldu. Elektrik verilmemeye ba\u015fland\u0131. Dev T\u00fcrk bayra\u011f\u0131m\u0131z r\u00fczgardan dolay\u0131 y\u0131rt\u0131l\u0131yor ve elektrik olmamas\u0131ndan dolay\u0131 de\u011fi\u015ftirilemiyor. Heykel de karanl\u0131kta kal\u0131yor. Yetkililer bu duruma bir \u00e7\u00f6z\u00fcm bulmal\u0131. Atat\u00fcrk\u2019e bu kadar kast\u0131n\u0131z var, ama ben Atam\u0131n emanetlerini kimseye teslim etmem\u201d diye konu\u015ftu.<\/p>\n<p style=\"text-align: justify;\">Konuyla ilgili a\u00e7\u0131klama yapan CHP Artvin \u0130l Gen\u00e7lik Kollar\u0131 Ba\u015fkan\u0131 Mehmet \u00c7etin Can ise \u201cE\u011fer Atatepe 30 A\u011fustos 2012 g\u00fcn\u00fcne kadar s\u00fcrekli olarak ayd\u0131nlat\u0131lmas\u0131 sa\u011flanmazsa t\u00fcm Artvin halk\u0131yla birlikte heykeli me\u015falelerle ayd\u0131nlataca\u011f\u0131z\u201d ifadesini kulland\u0131.<\/p>\n<p style=\"text-align: justify;\"><a href=\"http:\/\/www.aydinlikgazete.com\/toplum\/14534-dev-ataturk-heykeli-ve-bayrak-elektriksiz-birakildi.html\" target=\"_blank\">Kaynak : Ayd\u0131nl\u0131k Gazetesi<\/a><\/p>\n","protected":false},"excerpt":{"rendered":"<p style=\"text-align: center;\">\n<p style=\"text-align: justify;\">Artvin\u2019de 19 May\u0131s\u2019ta a\u00e7\u0131l\u0131\u015f\u0131 yap\u0131lan, T\u00fcrkiye\u2019nin en b\u00fcy\u00fck Atat\u00fcrk heykeli elektrik verilememesi nedeniyle \u0131\u015f\u0131kland\u0131r\u0131lam\u0131yor. Ayn\u0131 alanda bulunan dev direkteki y\u0131rt\u0131k dev T\u00fcrk bayra\u011f\u0131 da elektriksizlik nedeniyle de\u011fi\u015ftirilemiyor. Atat\u00fcrk An\u0131t\u0131\u2019na ve bulundu\u011fu b\u00f6lgeye 4.5 milyon lira harcama yapan S\u0131tk\u0131 Kahvecio\u011flu Vakf\u0131 Ba\u015fkan\u0131 S\u0131tk\u0131 Kahvecio\u011flu arazinin in\u015faat halindeyken her t\u00fcrl\u00fc ayd\u0131nlat\u0131lmas\u0131n\u0131n yap\u0131ld\u0131\u011f\u0131n\u0131 <\/p>\n","protected":false},"author":1,"featured_media":0,"comment_status":"open","ping_status":"open","sticky":false,"template":"","format":"standard","meta":{"footnotes":""},"categories":[105],"tags":[151,1133,1134,1135],"class_list":["post-54043","post","type-post","status-publish","format-standard","hentry","category-gundem","tag-artvin","tag-kahvecioglu-vakfi","tag-sitki-kahvecioglu","tag-turkiyenin-en-buyuk-ataturk-heykeli","odd"],"_links":{"self":[{"href":"http:\/\/www.korhanyilmaz.com\/index.php?rest_route=\/wp\/v2\/posts\/54043","targetHints":{"allow":["GET"]}}],"collection":[{"href":"http:\/\/www.korhanyilmaz.com\/index.php?rest_route=\/wp\/v2\/posts"}],"about":[{"href":"http:\/\/www.korhanyilmaz.com\/index.php?rest_route=\/wp\/v2\/types\/post"}],"author":[{"embeddable":true,"href":"http:\/\/www.korhanyilmaz.com\/index.php?rest_route=\/wp\/v2\/users\/1"}],"replies":[{"embeddable":true,"href":"http:\/\/www.korhanyilmaz.com\/index.php?rest_route=%2Fwp%2Fv2%2Fcomments&post=54043"}],"version-history":[{"count":0,"href":"http:\/\/www.korhanyilmaz.com\/index.php?rest_route=\/wp\/v2\/posts\/54043\/revisions"}],"wp:attachment":[{"href":"http:\/\/www.korhanyilmaz.com\/index.php?rest_route=%2Fwp%2Fv2%2Fmedia&parent=54043"}],"wp:term":[{"taxonomy":"category","embeddable":true,"href":"http:\/\/www.korhanyilmaz.com\/index.php?rest_route=%2Fwp%2Fv2%2Fcategories&post=54043"},{"taxonomy":"post_tag","embeddable":true,"href":"http:\/\/www.korhanyilmaz.com\/index.php?rest_route=%2Fwp%2Fv2%2Ftags&post=54043"}],"curies":[{"name":"wp","href":"https:\/\/api.w.org\/{rel}","templated":true}]}}