{"id":54037,"date":"2012-08-19T12:20:33","date_gmt":"2012-08-19T09:20:33","guid":{"rendered":"http:\/\/www.korhanyilmaz.com\/?p=54037"},"modified":"2012-08-19T20:57:05","modified_gmt":"2012-08-19T17:57:05","slug":"kilicdaroglundan-basbakana-yanit-2","status":"publish","type":"post","link":"http:\/\/www.korhanyilmaz.com\/?p=54037","title":{"rendered":"K\u0131l\u0131\u00e7daro\u011flu&#8217;ndan Ba\u015fbakan&#8217;a yan\u0131t"},"content":{"rendered":"<p style=\"text-align: center;\"><a href=\"http:\/\/www.korhanyilmaz.com\/wp-content\/uploads\/2012\/08\/H316.jpg\"  class=\"lightview\"><img loading=\"lazy\" decoding=\"async\" class=\"aligncenter  wp-image-54038\" src=\"http:\/\/www.korhanyilmaz.com\/wp-content\/uploads\/2012\/08\/H316.jpg\" alt=\"\" width=\"420\" height=\"210\" \/><\/a><\/p>\n<p style=\"text-align: justify;\">CHP Genel Ba\u015fkan\u0131 Kemal K\u0131l\u0131\u00e7daro\u011flu, BDP&#8217;li vekillerin, \u015eemdinli\u2019de PKK\u2019l\u0131 militanlar taraf\u0131ndan yolunun kesilmesini, \u201cDevlet neredeydi acaba? Say\u0131n Ba\u015fbakan bunu kendisine soruyor mu? Devlet neredeydi, h\u00fck\u00fcmet neredeydi?&#8221; diyerek ele\u015ftirdi. \u201cT\u00fcrkiye&#8217;de olduysa bunun sorumlusu ne zamandan beri CHP? CHP iktidarda m\u0131?\u201d diye sordu.<\/p>\n<p style=\"text-align: justify;\">\u0130STANBUL- CHP Genel Ba\u015fkan\u0131 Kemal K\u0131l\u0131\u00e7daro\u011flu, BDP&#8217;li milletvekillerinin, \u015eemdinli-Derecik b\u00f6lgesinde PKK\u2019l\u0131lar taraf\u0131ndan yolunun kesilmesi ile ilgili, &#8221;Oslo&#8217;da m\u0131, Suriye&#8217;de mi, Amerika&#8217;da m\u0131, Avustralya&#8217;da m\u0131 oldu? Hay\u0131r, T\u00fcrkiye&#8217;de oldu. Orada medya, PKK&#8217;l\u0131lar, BDP&#8217;liler, gazeteciler, halk, halk\u0131n bir b\u00f6l\u00fcm\u00fc vard\u0131. Devlet neredeydi acaba? Say\u0131n Ba\u015fbakan bunu kendisine soruyor mu? Devlet neredeydi, h\u00fck\u00fcmet neredeydi?&#8221; dedi.\u00a0<!--more--><\/p>\n<p style=\"text-align: justify;\">K\u0131l\u0131\u00e7daro\u011flu, Sultangazi&#8217;de d\u00fczenlenen bayramla\u015fma t\u00f6reni s\u0131ras\u0131nda bas\u0131n mensuplar\u0131n\u0131n sorular\u0131n\u0131 yan\u0131tlad\u0131.<\/p>\n<p style=\"text-align: justify;\"><strong>KA\u00c7IRILAN M\u0130LLETVEK\u0130L\u0130, SU\u00c7LANAN TARAF\u00a0<\/strong><\/p>\n<p style=\"text-align: justify;\">K\u0131l\u0131\u00e7daro\u011flu, vekiller ile ilgili sorulan soru \u00fczerine, ka\u00e7\u0131r\u0131lan milletvekili H\u00fcseyin Ayg\u00fcn\u2019\u00fcn CHP&#8217;li olmas\u0131na ra\u011fmen, su\u00e7lanan taraf\u0131n CHP oldu\u011funu s\u00f6yledi. K\u0131l\u0131\u00e7daro\u011flu, &#8221;Bunun ak\u0131lla mant\u0131kla ba\u011fda\u015f\u0131r bir y\u00f6n\u00fc var m\u0131? Hay\u0131r&#8221; dedi.<\/p>\n<p style=\"text-align: justify;\"><strong>\u2018S\u0130Z HANG\u0130 \u00dcLKEN\u0130N BA\u015eBAKANISINIZ\u2019<\/strong><\/p>\n<p style=\"text-align: justify;\">K\u0131l\u0131\u00e7daro\u011flu, &#8221;BDP&#8217;li milletvekilleri ile PKK&#8217;n\u0131n bulu\u015fmas\u0131, Oslo&#8217;da m\u0131, Suriye&#8217;de mi, Amerika&#8217;da m\u0131, Avustralya&#8217;da m\u0131 oldu? Hay\u0131r, T\u00fcrkiye&#8217;de oldu. Orada medya, PKK&#8217;l\u0131lar, BDP&#8217;liler, gazeteciler, halk, halk\u0131n bir b\u00f6l\u00fcm\u00fc vard\u0131. Devlet neredeydi acaba? Say\u0131n Ba\u015fbakan bunu kendisine soruyor mu? Devlet neredeydi, h\u00fck\u00fcmet neredeydi? \u00d6nce sorulmas\u0131 gereken soru \u015fu, say\u0131n Ba\u015fbakan siz hangi \u00fclkenin ba\u015fbakan\u0131s\u0131n\u0131z? Bu \u00fclkede ter\u00f6r \u00f6rg\u00fct\u00fc mensuplar\u0131yla onlara \u015fu veya bu \u015fekilde destek veren bir grup bir araya geliyor kucakla\u015f\u0131yorlar, Habur g\u00f6r\u00fcnt\u00fcleri \u00e7\u0131k\u0131yor ortaya. Su\u00e7lu CHP&#8230;Bu kadar k\u0131s\u0131r, bu kadar s\u0131\u011f d\u00fc\u015f\u00fcnen bir y\u00f6netim anlay\u0131\u015f\u0131, siyasal anlay\u0131\u015f olabilir mi? Say\u0131n Ba\u015fbakan soruyorum, siz hangi \u00fclkenin ba\u015fbakan\u0131s\u0131n\u0131z? Bu g\u00f6r\u00fcnt\u00fcler ba\u015fka bir \u00fclkede mi, T\u00fcrkiye&#8217;de mi oldu? T\u00fcrkiye&#8217;de olduysa bunun sorumlusu ne zamandan beri CHP? CHP iktidarda m\u0131?\u201d diye sordu.<\/p>\n<p style=\"text-align: justify;\"><strong>\u015eEH\u0130TLERE \u2018KELLE\u2019 D\u0130YEN BA\u015eBAKANDI<\/strong><\/p>\n<p style=\"text-align: justify;\">CHP lideri, Ba\u015fbakan\u2019\u0131n \u015fehitlerden \u201ckelle\u201d diye bahsetti\u011fini de hat\u0131rlatt\u0131: \u201cSay\u0131n ba\u015fbakana \u015funu da hat\u0131rlatmak isterim, \u015fehide kelle diyen kimdi? CHP&#8217;liler mi? \u015eehide kelle diyen bu ba\u015fbakan de\u011fil miydi? Ayr\u0131ca \u015funu da s\u00f6ylemek istiyorum, &#8216;Birka\u00e7 Mehmet \u00f6ld\u00fc diye meclisi mi toplayaca\u011f\u0131z?&#8217; diyen kimdi? AKP&#8217;nin s\u0131radan bir milletvekili mi, AKP&#8217;nin s\u00f6zc\u00fcs\u00fc ve y\u00f6netiminde g\u00f6rev alan biri mi? Biz hi\u00e7bir zaman \u015fehitlerimize kelle demedik. &#8216;Onlar bizim onurumuzdur&#8217; dedik. Ba\u015f\u0131m\u0131z\u0131n \u00fczerinde ta\u015f\u0131d\u0131k. Biz hi\u00e7bir zaman &#8216;Birka\u00e7 Mehmet \u00f6ld\u00fc diye parlamento toplan\u0131r m\u0131?&#8217; demedik. Parlamentoyu adam gibi toplad\u0131k. Ka\u00e7an kimdi? AKP ve say\u0131n Ba\u015fbakan. Su\u00e7lanan kim CHP. Milletimin vicdan\u0131na havale ediyorum.&#8221;<\/p>\n<p style=\"text-align: justify;\"><a href=\"http:\/\/www.yurtgazetesi.com.tr\/politika\/kilicdaroglundan-basbakana-yanit-h17418.html\" target=\"_blank\">Kaynak : Yurt Gazetesi\u00a0<\/a><\/p>\n","protected":false},"excerpt":{"rendered":"<p style=\"text-align: center;\">\n<p style=\"text-align: justify;\">CHP Genel Ba\u015fkan\u0131 Kemal K\u0131l\u0131\u00e7daro\u011flu, BDP&#8217;li vekillerin, \u015eemdinli\u2019de PKK\u2019l\u0131 militanlar taraf\u0131ndan yolunun kesilmesini, \u201cDevlet neredeydi acaba? Say\u0131n Ba\u015fbakan bunu kendisine soruyor mu? Devlet neredeydi, h\u00fck\u00fcmet neredeydi?&#8221; diyerek ele\u015ftirdi. \u201cT\u00fcrkiye&#8217;de olduysa bunun sorumlusu ne zamandan beri CHP? CHP iktidarda m\u0131?\u201d diye sordu.<\/p>\n<p style=\"text-align: justify;\">\u0130STANBUL- CHP Genel Ba\u015fkan\u0131 Kemal K\u0131l\u0131\u00e7daro\u011flu, BDP&#8217;li <\/p>\n","protected":false},"author":1,"featured_media":0,"comment_status":"open","ping_status":"open","sticky":false,"template":"","format":"standard","meta":{"footnotes":""},"categories":[105],"tags":[],"class_list":["post-54037","post","type-post","status-publish","format-standard","hentry","category-gundem","odd"],"_links":{"self":[{"href":"http:\/\/www.korhanyilmaz.com\/index.php?rest_route=\/wp\/v2\/posts\/54037","targetHints":{"allow":["GET"]}}],"collection":[{"href":"http:\/\/www.korhanyilmaz.com\/index.php?rest_route=\/wp\/v2\/posts"}],"about":[{"href":"http:\/\/www.korhanyilmaz.com\/index.php?rest_route=\/wp\/v2\/types\/post"}],"author":[{"embeddable":true,"href":"http:\/\/www.korhanyilmaz.com\/index.php?rest_route=\/wp\/v2\/users\/1"}],"replies":[{"embeddable":true,"href":"http:\/\/www.korhanyilmaz.com\/index.php?rest_route=%2Fwp%2Fv2%2Fcomments&post=54037"}],"version-history":[{"count":0,"href":"http:\/\/www.korhanyilmaz.com\/index.php?rest_route=\/wp\/v2\/posts\/54037\/revisions"}],"wp:attachment":[{"href":"http:\/\/www.korhanyilmaz.com\/index.php?rest_route=%2Fwp%2Fv2%2Fmedia&parent=54037"}],"wp:term":[{"taxonomy":"category","embeddable":true,"href":"http:\/\/www.korhanyilmaz.com\/index.php?rest_route=%2Fwp%2Fv2%2Fcategories&post=54037"},{"taxonomy":"post_tag","embeddable":true,"href":"http:\/\/www.korhanyilmaz.com\/index.php?rest_route=%2Fwp%2Fv2%2Ftags&post=54037"}],"curies":[{"name":"wp","href":"https:\/\/api.w.org\/{rel}","templated":true}]}}