{"id":54033,"date":"2012-08-19T11:02:23","date_gmt":"2012-08-19T08:02:23","guid":{"rendered":"http:\/\/www.korhanyilmaz.com\/?p=54033"},"modified":"2012-08-19T20:46:04","modified_gmt":"2012-08-19T17:46:04","slug":"ataturk-malatyali-yegenleri-de-yasiyor-iddiasi","status":"publish","type":"post","link":"http:\/\/www.korhanyilmaz.com\/?p=54033","title":{"rendered":"&#8216;Atat\u00fcrk Malatyal\u0131, ye\u011fenleri de ya\u015f\u0131yor&#8217; iddias\u0131"},"content":{"rendered":"<p style=\"text-align: center;\"><a href=\"http:\/\/www.korhanyilmaz.com\/wp-content\/uploads\/2012\/08\/H315.jpg\"  class=\"lightview\"><img loading=\"lazy\" decoding=\"async\" class=\"aligncenter  wp-image-54034\" src=\"http:\/\/www.korhanyilmaz.com\/wp-content\/uploads\/2012\/08\/H315.jpg\" alt=\"\" width=\"420\" height=\"210\" \/><\/a><\/p>\n<p style=\"text-align: justify;\">&#8216;Atat\u00fcrk Malatyal\u0131, ye\u011fenleri de ya\u015f\u0131yor&#8217; iddias\u0131 Fatih Bayhan\u2019\u0131n \u201cMustafa\u2019dan Kemal\u2019e, Atat\u00fcrk \u2019\u00fcn B\u00fcy\u00fck S\u0131rr\u0131\u201d adl\u0131 kitapta yer al\u0131yor. Radikal\u2019den \u00d6mer \u015eahin, Bayhan ile kitap \u00fczerine g\u00f6r\u00fc\u015fm\u00fc\u015f. Tart\u0131\u015fma yaratacak yaz\u0131y\u0131 oldu\u011fu gibi yay\u0131nl\u0131yoruz.<\/p>\n<p style=\"text-align: justify;\">Atat\u00fcrk&#8217;\u00fcn hayat\u0131 bize ezberletilenden \u00e7ok farkl\u0131 olabilir mi? Malatya&#8217;daki bir tapu davas\u0131ndan \u00e7\u0131kan belgeler bu soruyu g\u00fcndeme getirdi.\u00a0<!--more--><\/p>\n<p style=\"text-align: justify;\">Mustafa Kemal Atat\u00fcrk \u2019\u00fcn hayat\u0131n\u0131 ezbere biliriz. Anaokulundaki \u00e7ocu\u011fa sorsan\u0131z, \u201c1881 y\u0131l\u0131nda Selanik\u2019te do\u011fdu, annesi Z\u00fcbeyde Han\u0131m, babas\u0131 Ali R\u0131za Bey\u201d diye saymaya ba\u015flar. Bu bizim resmi ezberimizdir. Aksi de \u015fu ana kadar ispat edilemedi. Bunca y\u0131l sonra birileri \u00e7\u0131kar da, \u201c Atat\u00fcrk hakk\u0131nda b\u00fct\u00fcn bildiklerinizi unutun\u201d derse, ne yapars\u0131n\u0131z? Kimse inanmaz de\u011fil mi? Ya da \u015fa\u015f\u0131r\u0131rs\u0131n\u0131z. Peki, Atat\u00fcrk ger\u00e7ekten farkl\u0131 bir hayat \u00f6yk\u00fcs\u00fcne sahipse? Memleketi, hatta annesi ve babas\u0131 bile farkl\u0131 biriyse? Bu ger\u00e7ekleri bildi\u011fi halde \u2018devletin bekas\u0131\u2019 ad\u0131na bizzat kendisi g\u00f6z yumduysa?<\/p>\n<p style=\"text-align: justify;\"><strong>Atat\u00fcrk \u2019\u00fcn b\u00fcy\u00fck s\u0131rr\u0131\u00a0<\/strong><\/p>\n<p style=\"text-align: justify;\">Bu g\u00fcnlerde hummal\u0131 bir kitap \u00e7al\u0131\u015fmas\u0131 var. Kitab\u0131n ad\u0131,\u201dMustafa\u2019dan Kemal\u2019e, Atat\u00fcrk \u2019\u00fcn B\u00fcy\u00fck S\u0131rr\u0131\u201d. Yazar\u0131 gen\u00e7 bir isim. Fatih Bayhan. Y\u0131llard\u0131r bu i\u015fle u\u011fra\u015f\u0131yor; belge, bilgi topluyor. U\u011fra\u015f\u0131 alan\u0131 \u2018kozmik\u2019 olunca isminin yaz\u0131lmas\u0131n\u0131 istemiyor. \u00c7al\u0131\u015fmalar\u0131n\u0131 gizlilik \u00fczerine y\u00fcr\u00fct\u00fcyor. Atat\u00fcrk \u2019\u00fcn gizli kalm\u0131\u015f hayat \u00f6yk\u00fcs\u00fcn\u00fc kaleme al\u0131yor. Ama ne \u00f6yk\u00fc? Hollywood senaristleri duysa filme \u00e7eker. O derece ilgin\u00e7 ve \u015fa\u015f\u0131rt\u0131c\u0131. Masas\u0131n\u0131n \u00fczerini dolduran belgeler bize bamba\u015fka bir Atat\u00fcrk anlat\u0131yor. Ezberi bozdu\u011fu gibi hayretler i\u00e7inde b\u0131rak\u0131yor. E\u011fer, bu kitapta yer alacak belgeler do\u011fru ise en ba\u015fta b\u00fct\u00fcn ders kitaplar\u0131 de\u011fi\u015fir. Atat\u00fcrk \u2019\u00fcn hayat\u0131 yeniden yaz\u0131l\u0131r.<\/p>\n<p style=\"text-align: justify;\">O yazarla bulu\u015ftum. Bana inanmakta g\u00fc\u00e7l\u00fck \u00e7ekti\u011fim \u015feyler anlatt\u0131, kimi Osmanl\u0131ca belgeler g\u00f6sterdi. Elinde tapu, n\u00fcfus kay\u0131tlar\u0131, mahkeme tutanaklar\u0131 ve ses kay\u0131tlar\u0131 oldu\u011funu s\u00f6yledi. Ve anlatmaya ba\u015flad\u0131: \u201dMustafa Kemal, Malatya Ak\u00e7ada\u011f\u2019da do\u011fdu. Ailesi \u00c7ak\u0131ro\u011fullar\u0131 diye biliniyor. Babas\u0131 Mamo lakapl\u0131 Mehmet Re\u015fat Bey. T\u00fcrkmen k\u00f6kenli, Te\u015fkilat-\u0131 Mahsusa \u00fcyesi. Annesi Ay\u015fe Han\u0131m. Ak\u00e7ada\u011f\u2019da \u00e7iftlikleri var. Halas\u0131 Z\u00fcbeyde Han\u0131m, \u00e7eteler taraf\u0131ndan ka\u00e7\u0131r\u0131l\u0131p, bir s\u00fcre al\u0131konuyor. Aile, laf-s\u00f6z olmas\u0131n diye O\u2019nu \u00e7iftliklerinde \u00e7al\u0131\u015fan Ali R\u0131za Efendi ile evlendirip, Selanik\u2019e g\u00f6nderiyor. Atat\u00fcrk 5 ya\u015f\u0131ndayken babas\u0131, \u00e7eteler taraf\u0131ndan \u015fehit ediliyor. Ay\u015fe Han\u0131m, o\u011flunu al\u0131p Selanik\u2019e gidiyor.O da vefat edince Ali R\u0131za Bey ve Z\u00fcbeyde Han\u0131m, k\u00fc\u00e7\u00fck Mustafa\u2019y\u0131 n\u00fcfusuna ge\u00e7iriyor.\u201d Hepsi bu kadar de\u011fil. Devam\u0131 da var. \u201c Atat\u00fcrk , 1931 y\u0131l\u0131nda Malatya \u2019ya gidince aileyi belediye hoparl\u00f6r\u00fcnden anons ettirmi\u015f. Daha sonra da maa\u015f ba\u011flatm\u0131\u015f. Atat\u00fcrk \u2019\u00fcn abisi \u00d6mer de cephede \u015fehit olunca maa\u015f \u00e7ocuklar\u0131na ge\u00e7mi\u015f. Halen de \u00f6denmeye devam ediyormu\u015f\u2026\u201d<\/p>\n<p style=\"text-align: justify;\">Anlat\u0131lanlara inanas\u0131m gelmedi. Ne de olsa ilk kez duydu\u011fumuz \u015feylerdi bunlar. \u201cNiye \u015fimdi?\u201d diye sordum. Madem b\u00f6yle bir durum var, bunca y\u0131ld\u0131r neden kimse konu\u015fmad\u0131? Atat\u00fcrk , bile bile niye sustu? Ya Ak\u00e7ada\u011f\u2019daki yak\u0131nlar\u0131? Atat\u00fcrk , bir ulusun simgesi. B\u00f6yle bir ismin hayat\u0131 y\u00fcz y\u0131ld\u0131r yanl\u0131\u015f biliniyor olabilir mi? Dedim ya her soruya bir cevab\u0131 mutlaka var. Anlatt\u0131\u011f\u0131na g\u00f6re, devletin derinlikleri ve Atat\u00fcrk \u2019\u00fcn yak\u0131n \u00e7evresi durumdan haberdarm\u0131\u015f. Cumhuriyetin, devletin \u201cbekas\u0131\u201d ad\u0131na adeta \u201comerta kural\u0131\u201d i\u015flemi\u015f. Bilenler susmu\u015f. Ebediyete kadar saklanmak istenen bu \u201cs\u0131r\u201d 1993 y\u0131l\u0131ndaki bir tapu davas\u0131yla if\u015fa olmu\u015f. \u00c7ak\u0131ro\u011flu ailesi kadastro sorunu ya\u015fay\u0131nca konu mahkemelik olmu\u015f. Tapu, n\u00fcfus kay\u0131tlar\u0131, banka hesaplar\u0131 derken olay dallan\u0131p-budaklanm\u0131\u015f.<\/p>\n<p style=\"text-align: justify;\">Ortaya Atat\u00fcrk ba\u011flant\u0131s\u0131 \u00e7\u0131km\u0131\u015f. Tabii, bunu duyan Ankara derhal devreye girmi\u015f. Bir rivayete g\u00f6re, d\u00f6nemin Genelkurmay Ba\u015fkan\u0131 merhum Necip Torumtay apar-topar Malatya \u2019ya gidiyor. Belgeler toplan\u0131p, Ankara \u2019n\u0131n kozmik odalar\u0131na getiriliyor.Bu arada dosya kapat\u0131l\u0131yor;dava d\u00fc\u015f\u00fcyor. O mahkemenin tutanaklar\u0131 ve tan\u0131klar\u0131n ses kay\u0131tlar\u0131n\u0131n elinde oldu\u011funu s\u00f6yledi yazar. \u0130\u015fte b\u00f6yle. \u0130nan\u0131lmas\u0131 zor \u015feyler bunlar. Bize anlat\u0131lanlar \u201ckurgu\u201d ise, bu belgeler ne? Okuduklar\u0131n\u0131z, duydu\u011fum ve g\u00f6rd\u00fcklerimden ibaret. Buradan yarg\u0131ya varamay\u0131z. Kitap, yak\u0131nda raflardaki yerini alacak. Bakal\u0131m, tarih\u00e7iler ne diyecek? Genelkurmay kay\u0131tlar\u0131,belgeler ne s\u00f6yleyecek? Ak\u00e7ada\u011f\u2019daki \u201cakraba\u201dlar ne anlatacak? Merakla bekleyece\u011fiz\u2026<\/p>\n<p style=\"text-align: justify;\"><a href=\"http:\/\/www.yurtgazetesi.com.tr\/gundem\/ataturk-malatyali-yegenleri-de-yasiyor-iddiasi-h17415.html\" target=\"_blank\">Kaynak : Yurt Gazetesi<\/a><\/p>\n","protected":false},"excerpt":{"rendered":"<p style=\"text-align: center;\">\n<p style=\"text-align: justify;\">&#8216;Atat\u00fcrk Malatyal\u0131, ye\u011fenleri de ya\u015f\u0131yor&#8217; iddias\u0131 Fatih Bayhan\u2019\u0131n \u201cMustafa\u2019dan Kemal\u2019e, Atat\u00fcrk \u2019\u00fcn B\u00fcy\u00fck S\u0131rr\u0131\u201d adl\u0131 kitapta yer al\u0131yor. Radikal\u2019den \u00d6mer \u015eahin, Bayhan ile kitap \u00fczerine g\u00f6r\u00fc\u015fm\u00fc\u015f. Tart\u0131\u015fma yaratacak yaz\u0131y\u0131 oldu\u011fu gibi yay\u0131nl\u0131yoruz.<\/p>\n<p style=\"text-align: justify;\">Atat\u00fcrk&#8217;\u00fcn hayat\u0131 bize ezberletilenden \u00e7ok farkl\u0131 olabilir mi? Malatya&#8217;daki bir tapu davas\u0131ndan \u00e7\u0131kan belgeler bu soruyu <\/p>\n","protected":false},"author":1,"featured_media":0,"comment_status":"open","ping_status":"open","sticky":false,"template":"","format":"standard","meta":{"footnotes":""},"categories":[105],"tags":[],"class_list":["post-54033","post","type-post","status-publish","format-standard","hentry","category-gundem","odd"],"_links":{"self":[{"href":"http:\/\/www.korhanyilmaz.com\/index.php?rest_route=\/wp\/v2\/posts\/54033","targetHints":{"allow":["GET"]}}],"collection":[{"href":"http:\/\/www.korhanyilmaz.com\/index.php?rest_route=\/wp\/v2\/posts"}],"about":[{"href":"http:\/\/www.korhanyilmaz.com\/index.php?rest_route=\/wp\/v2\/types\/post"}],"author":[{"embeddable":true,"href":"http:\/\/www.korhanyilmaz.com\/index.php?rest_route=\/wp\/v2\/users\/1"}],"replies":[{"embeddable":true,"href":"http:\/\/www.korhanyilmaz.com\/index.php?rest_route=%2Fwp%2Fv2%2Fcomments&post=54033"}],"version-history":[{"count":0,"href":"http:\/\/www.korhanyilmaz.com\/index.php?rest_route=\/wp\/v2\/posts\/54033\/revisions"}],"wp:attachment":[{"href":"http:\/\/www.korhanyilmaz.com\/index.php?rest_route=%2Fwp%2Fv2%2Fmedia&parent=54033"}],"wp:term":[{"taxonomy":"category","embeddable":true,"href":"http:\/\/www.korhanyilmaz.com\/index.php?rest_route=%2Fwp%2Fv2%2Fcategories&post=54033"},{"taxonomy":"post_tag","embeddable":true,"href":"http:\/\/www.korhanyilmaz.com\/index.php?rest_route=%2Fwp%2Fv2%2Ftags&post=54033"}],"curies":[{"name":"wp","href":"https:\/\/api.w.org\/{rel}","templated":true}]}}