{"id":54029,"date":"2012-08-19T17:14:47","date_gmt":"2012-08-19T14:14:47","guid":{"rendered":"http:\/\/www.korhanyilmaz.com\/?p=54029"},"modified":"2012-08-19T20:41:28","modified_gmt":"2012-08-19T17:41:28","slug":"haluk-koc-erdogana-cevap-verdi","status":"publish","type":"post","link":"http:\/\/www.korhanyilmaz.com\/?p=54029","title":{"rendered":"Haluk Ko\u00e7 Erdo\u011fan\u2019a cevap verdi"},"content":{"rendered":"<p style=\"text-align: center;\"><a href=\"http:\/\/www.korhanyilmaz.com\/wp-content\/uploads\/2012\/08\/H314.jpg\"  class=\"lightview\"><img loading=\"lazy\" decoding=\"async\" class=\"aligncenter  wp-image-54030\" src=\"http:\/\/www.korhanyilmaz.com\/wp-content\/uploads\/2012\/08\/H314.jpg\" alt=\"\" width=\"413\" height=\"207\" \/><\/a><\/p>\n<p style=\"text-align: justify;\">CHP Genel Ba\u015fkan Yard\u0131mc\u0131s\u0131 ve Parti S\u00f6zc\u00fcs\u00fc Haluk Ko\u00e7, &#8220;BDP ile CHP ayn\u0131d\u0131r&#8221; diyen Ba\u015fbakan Recep Tayyip Erdo\u011fan&#8217;\u0131 ele\u015ftirerek, &#8220;Habur&#8217;un planlay\u0131c\u0131s\u0131, Oslo&#8217;nun mimar\u0131 ve tezgahtar\u0131 bizzat kendisidir. Habur olaylar\u0131 s\u0131ras\u0131nda &#8216;G\u00fczel \u015feyler oluyor, ne g\u00fczel kucakla\u015f\u0131yoruz i\u015fte&#8217; diyen yine kendisi ve AKP yetkilileridir&#8221; dedi.<\/p>\n<p style=\"text-align: justify;\">ANKARA- Bu sabah \u0130stanbul&#8217;da bayram namaz\u0131 \u00e7\u0131k\u0131\u015f\u0131nda gazetecilerin sorular\u0131n\u0131 yan\u0131tlayan Ba\u015fbakan Recep Tayyip Erdo\u011fan, CHP&#8217;yi ele\u015ftirirken, &#8220;Ter\u00f6r \u00f6rg\u00fct\u00fc taraf\u0131ndan ka\u00e7\u0131r\u0131ld\u0131\u011f\u0131 s\u00f6ylenen milletvekili arkada\u015f\u0131m\u0131z &#8216;Ter\u00f6ristler ka\u00e7\u0131rm\u0131\u015ft\u0131r&#8217; diyememi\u015ftir. &#8216;Arkada\u015flar, \u00e7ocuklar&#8217; ifadelerini kullanm\u0131\u015flard\u0131r. Bunlar\u0131n \u00fczerinde millet\u00e7e d\u00fc\u015f\u00fcnmemiz gerekiyor. Biz bo\u015funa &#8216;BDP ile CHP ayn\u0131d\u0131r&#8217; demiyoruz. Bunlar ayn\u0131d\u0131r&#8221; ifadelerini kullanm\u0131\u015ft\u0131.<!--more--><\/p>\n<p style=\"text-align: justify;\">Erdo\u011fan&#8217;\u0131n bu a\u00e7\u0131klamalar\u0131na yan\u0131t veren CHP&#8217;li Ko\u00e7, \u015funlar\u0131 s\u00f6yledi:<\/p>\n<p style=\"text-align: justify;\">&#8220;&#8216;Yavuz h\u0131rs\u0131z ev sahibini bast\u0131r\u0131r&#8217; s\u00f6z\u00fc, Ba\u015fbakan&#8217;\u0131n t\u00fcm acizli\u011fini ve basiretsizli\u011fini ortaya koymaktad\u0131r. 2002&#8217;den beri ter\u00f6rle m\u00fccadele edece\u011fim diyerek, gizli kapakl\u0131 s\u00fcre\u00e7lerin i\u00e7ine \u00f6nce AKP&#8217;yi sonra da devleti sokan kendisidir. Habur&#8217;un planlay\u0131c\u0131s\u0131 Oslo&#8217;nun mimar\u0131 ve tezgahtar\u0131 bizzat kendisidir. Habur olaylar\u0131 s\u0131ras\u0131nda &#8216;G\u00fczel \u015feyler oluyor, ne g\u00fczel kucakla\u015f\u0131yoruz i\u015fte&#8217;, diyen yine kendisi ve AKP yetkilileridir. Ba\u015fbakan o g\u00fcnlerde sanki d\u00fcn ya\u015fananlar\u0131 g\u00f6r\u00fcp tarif etmi\u015f.&#8221;<\/p>\n<p style=\"text-align: justify;\"><strong>&#8220;PKK&#8217;NIN G\u0130ZL\u0130 KOAL\u0130SYON ORTA\u011eI AKP&#8217;D\u0130R&#8221;\u00a0<\/strong><\/p>\n<p style=\"text-align: justify;\">Ter\u00f6r\u00fcn ve PKKn\u0131n cesaretlendirilmesinde, s\u0131rt\u0131n\u0131n s\u0131vazlanmas\u0131nda ve bug\u00fcn ya\u015fananlarda temel sorumlunun Ba\u015fbakan Erdo\u011fan oldu\u011funu savunan Ko\u00e7, CHP&#8217;nin Ba\u015fbakan&#8217;\u0131 ad\u0131m ad\u0131m izledi\u011fini ifade etti. Ko\u00e7, &#8220;CHP Ba\u015fbakan&#8217;\u0131 millet ad\u0131na da izlemeye devam edecektir. Ter\u00f6rle pazarl\u0131k yaparak ak\u0131l hocalar\u0131n\u0131n tarifi ile bu m\u00fccadelede \u00fclkemizin her yerini eylem alan\u0131 haline getirmelerinin, siyasi sorumlulu\u011fu kendisindedir. \u00d6zet olarak PKK&#8217;n\u0131n gizli koalisyon orta\u011f\u0131, uygulad\u0131\u011f\u0131 politikalarla AKP ve Recep Tayyip Erdo\u011fan&#8217;d\u0131r. Bu ger\u00e7ekleri \u00e7arp\u0131tarak sorumluluklar\u0131ndan ka\u00e7mas\u0131 m\u00fcmk\u00fcn de\u011fildir&#8221; diye konu\u015ftu.<\/p>\n<p style=\"text-align: justify;\"><a href=\"http:\/\/www.yurtgazetesi.com.tr\/politika\/haluk-koc-erdogana-cevap-verdi-h17434.html\" target=\"_blank\">Kaynak : Yurt Gazetesi<\/a><\/p>\n","protected":false},"excerpt":{"rendered":"<p style=\"text-align: center;\">\n<p style=\"text-align: justify;\">CHP Genel Ba\u015fkan Yard\u0131mc\u0131s\u0131 ve Parti S\u00f6zc\u00fcs\u00fc Haluk Ko\u00e7, &#8220;BDP ile CHP ayn\u0131d\u0131r&#8221; diyen Ba\u015fbakan Recep Tayyip Erdo\u011fan&#8217;\u0131 ele\u015ftirerek, &#8220;Habur&#8217;un planlay\u0131c\u0131s\u0131, Oslo&#8217;nun mimar\u0131 ve tezgahtar\u0131 bizzat kendisidir. Habur olaylar\u0131 s\u0131ras\u0131nda &#8216;G\u00fczel \u015feyler oluyor, ne g\u00fczel kucakla\u015f\u0131yoruz i\u015fte&#8217; diyen yine kendisi ve AKP yetkilileridir&#8221; dedi.<\/p>\n<p style=\"text-align: justify;\">ANKARA- Bu sabah \u0130stanbul&#8217;da <\/p>\n","protected":false},"author":1,"featured_media":0,"comment_status":"open","ping_status":"open","sticky":false,"template":"","format":"standard","meta":{"footnotes":""},"categories":[105],"tags":[],"class_list":["post-54029","post","type-post","status-publish","format-standard","hentry","category-gundem","odd"],"_links":{"self":[{"href":"http:\/\/www.korhanyilmaz.com\/index.php?rest_route=\/wp\/v2\/posts\/54029","targetHints":{"allow":["GET"]}}],"collection":[{"href":"http:\/\/www.korhanyilmaz.com\/index.php?rest_route=\/wp\/v2\/posts"}],"about":[{"href":"http:\/\/www.korhanyilmaz.com\/index.php?rest_route=\/wp\/v2\/types\/post"}],"author":[{"embeddable":true,"href":"http:\/\/www.korhanyilmaz.com\/index.php?rest_route=\/wp\/v2\/users\/1"}],"replies":[{"embeddable":true,"href":"http:\/\/www.korhanyilmaz.com\/index.php?rest_route=%2Fwp%2Fv2%2Fcomments&post=54029"}],"version-history":[{"count":0,"href":"http:\/\/www.korhanyilmaz.com\/index.php?rest_route=\/wp\/v2\/posts\/54029\/revisions"}],"wp:attachment":[{"href":"http:\/\/www.korhanyilmaz.com\/index.php?rest_route=%2Fwp%2Fv2%2Fmedia&parent=54029"}],"wp:term":[{"taxonomy":"category","embeddable":true,"href":"http:\/\/www.korhanyilmaz.com\/index.php?rest_route=%2Fwp%2Fv2%2Fcategories&post=54029"},{"taxonomy":"post_tag","embeddable":true,"href":"http:\/\/www.korhanyilmaz.com\/index.php?rest_route=%2Fwp%2Fv2%2Ftags&post=54029"}],"curies":[{"name":"wp","href":"https:\/\/api.w.org\/{rel}","templated":true}]}}