{"id":54020,"date":"2012-08-19T09:35:54","date_gmt":"2012-08-19T06:35:54","guid":{"rendered":"http:\/\/www.korhanyilmaz.com\/?p=54020"},"modified":"2012-08-19T16:25:35","modified_gmt":"2012-08-19T13:25:35","slug":"erdogan-bu-ne-muhabbet","status":"publish","type":"post","link":"http:\/\/www.korhanyilmaz.com\/?p=54020","title":{"rendered":"Erdo\u011fan: Bu ne muhabbet"},"content":{"rendered":"<p style=\"text-align: center;\"><a href=\"http:\/\/www.korhanyilmaz.com\/wp-content\/uploads\/2012\/08\/H312.jpg\"  class=\"lightview\"><img loading=\"lazy\" decoding=\"async\" class=\"aligncenter  wp-image-54021\" src=\"http:\/\/www.korhanyilmaz.com\/wp-content\/uploads\/2012\/08\/H312.jpg\" alt=\"\" width=\"415\" height=\"236\" \/><\/a><\/p>\n<p style=\"text-align: justify;\">Bayram namaz\u0131 sonras\u0131nda konu\u015fan Ba\u015fbakan Erdo\u011fan, BDP\u2019lilerin PKK\u2019l\u0131larla bulu\u015fmas\u0131n\u0131 \u201coynanan senaryonun farkl\u0131 bir versiyonu\u201d olarak niteleyerek, \u201cKarde\u015fler olarak birbirlerine sar\u0131l\u0131yorlar. Bu ne muhabbet\u201d dedi.<\/p>\n<p style=\"text-align: justify;\">\u0130STANBUL &#8211; Ba\u015fbakan Recep Tayyip Erdo\u011fan, bayram namaz\u0131n\u0131 k\u0131ld\u0131\u011f\u0131 S\u00fcleymaniye Camisi&#8217;nden \u00e7\u0131k\u0131\u015f\u0131nda gazetecilerin g\u00fcndeme ili\u015fkin sorular\u0131n\u0131 yan\u0131tlad\u0131.<\/p>\n<p style=\"text-align: justify;\">Vatanda\u015flar\u0131n Ramazan Bayram\u0131&#8217;n\u0131 tebrik eden Erdo\u011fan, bayramlar\u0131n mutlulu\u011fun, birlikteli\u011fin, beraberli\u011fin, dayan\u0131\u015fman\u0131n, payla\u015fman\u0131n zirvede olmas\u0131 gereken g\u00fcnler oldu\u011funu ifade etti.\u00a0<!--more--><\/p>\n<p style=\"text-align: justify;\">Erdo\u011fan, s\u00f6zlerini \u015f\u00f6yle s\u00fcrd\u00fcrd\u00fc:<\/p>\n<p style=\"text-align: justify;\">&#8221;Hele hele Ramazan Bayram\u0131&#8217;n\u0131n bir asli ad\u0131yla F\u0131t\u0131r Bayram\u0131 oldu\u011funu d\u00fc\u015f\u00fcnd\u00fc\u011f\u00fcm\u00fcz zaman, b\u00fct\u00fcn imkan\u0131 olanlar\u0131n imkan\u0131 olmayanlar\u0131 aray\u0131p, buldu\u011fu bir bayram. Onun i\u00e7in de iftarlar\u0131m\u0131z bir ba\u015fka zengin olmu\u015ftur bu bayramda. Ramazan ay\u0131 boyunca, sahurlar\u0131m\u0131z ayn\u0131 \u015fekilde ve geceleri sahur vaktine kadar \u015fehirlerimizin bir\u00e7ok yerinde bu g\u00fczellikleri halk\u0131m\u0131zla birlikte payla\u015ft\u0131k, birlikte ya\u015fad\u0131k. \u015eimdi de bug\u00fcn bayram\u0131n birinci g\u00fcn\u00fcnde bunu kutluyoruz.<\/p>\n<p style=\"text-align: justify;\">B\u00fct\u00fcn bunlar\u0131 ya\u015farken, \u00fclkemizin i\u00e7inde ter\u00f6re ne yaz\u0131k ki kurban verdi\u011fimiz \u015fehitlerimiz var. T\u00fcm \u015fehitlerimiz bu g\u00fczel \u00fclkemizin adeta temel ta\u015flar\u0131d\u0131r, k\u00f6\u015fe ta\u015flar\u0131d\u0131r. Ailelerine ba\u015fsa\u011fl\u0131\u011f\u0131 dilerken, milletimizin ba\u015f\u0131 sa\u011folsun diyorum. Ter\u00f6rle ilgili bu m\u00fccadelede de m\u00fccadelemizin sonuna kadar y\u0131lmadan, usanmadan devam edece\u011fini de s\u00f6ylemek isterim.&#8221;<\/p>\n<p style=\"text-align: justify;\">T\u00fcrk milletinin, bu hassasiyeti tarih boyunca sadece kendi s\u0131n\u0131rlar\u0131 i\u00e7inde de\u011fil t\u00fcm d\u00fcnyada g\u00f6sterdi\u011fini bildiren Erdo\u011fan, \u015funlar\u0131 kaydetti:<\/p>\n<p style=\"text-align: justify;\">&#8221;Osmanl\u0131 tarihine bakt\u0131\u011f\u0131n\u0131z zaman da \u00e7ok a\u00e7\u0131k, g\u00fczel \u00f6rneklerini g\u00f6rmemiz m\u00fcmk\u00fcnd\u00fcr. \u015eu anda Arakan&#8217;daki M\u00fcsl\u00fcmanlar adeta T\u00fcrkler&#8217;in, T\u00fcrkiye&#8217;nin uzanacak elini bekliyor. Ayn\u0131 \u015fekilde Suriye&#8217;de demokrasi, varl\u0131k m\u00fccadelesini bekleyen karde\u015flerimiz bu deste\u011fi bekliyorlar. Nitekim son bir ka\u00e7 g\u00fcn i\u00e7inde, g\u0131da yard\u0131mlar\u0131 noktas\u0131nda ad\u0131mlar\u0131m\u0131z\u0131 atm\u0131\u015f bulunuyoruz. Bunu da yine ayn\u0131 \u015fekilde s\u00fcrd\u00fcrece\u011fiz. S\u0131\u011f\u0131nmac\u0131 karde\u015flerimizin say\u0131s\u0131 70 bine do\u011fru ula\u015f\u0131yor. Bu konuda kamplar\u0131m\u0131z\u0131 yayg\u0131nla\u015ft\u0131r\u0131yoruz, geni\u015fletiyoruz. Onlara da gerekli deste\u011fi vermekte kararl\u0131y\u0131z.<\/p>\n<p style=\"text-align: justify;\"><strong>\u2018K\u0130MSE SA\u011eA SOLA \u00c7EKMES\u0130N\u2019<\/strong><\/p>\n<p style=\"text-align: justify;\">Baz\u0131 \u00e7evreler, farkl\u0131 yakla\u015f\u0131mlar sergilese de biz Suriye&#8217;de bu varl\u0131k m\u00fccadelesini veren, zalim bir rejime kar\u015f\u0131 bu demokrasiyi elde etme, kendi iradesini ortaya koyma m\u00fccadelesini veren halk\u0131n yan\u0131nday\u0131z. Kimse bunu sa\u011fa, sola \u00e7ekme yoluna gitmesin. Biz bu m\u00fccadelede de elimizden geleni kendi \u00f6l\u00e7\u00fclerimiz i\u00e7erisinde vermeye gayret edece\u011fiz. Temennim odur ki bu bayram, bu konularda haklar\u0131n elde edilmesi noktas\u0131nda bir milat olur.&#8221;<\/p>\n<p style=\"text-align: justify;\"><strong>\u2018BU NE MUHABBET\u2019<\/strong><\/p>\n<p style=\"text-align: justify;\">Bir gazetecinin, BDP&#8217;li milletvekillerinin, \u015eemdinli-Derecik b\u00f6lgesinde silahl\u0131 ter\u00f6ristlerle bulu\u015fmas\u0131n\u0131 nas\u0131l de\u011ferlendirdi\u011fini sormas\u0131<\/p>\n<p style=\"text-align: justify;\">&#8221;\u015eunu \u00e7ok a\u00e7\u0131k ve net s\u00f6ylemek zorunday\u0131m; asl\u0131nda bunu yaz\u0131l\u0131 ve g\u00f6rsel medyan\u0131n \u00e7ok daha farkl\u0131 bir \u015fekilde de i\u015flemesi laz\u0131m. O da \u015fu; T\u00fcrkiye&#8217;de oynanan senaryonun bu farkl\u0131 bir versiyonu ve parlamentoda yapt\u0131\u011f\u0131m bir\u00e7ok konu\u015fmada, parlamentodaki uzant\u0131s\u0131 olan BDP&#8217;ye; bat\u0131, b\u00f6l\u00fcc\u00fc ter\u00f6r \u00f6rg\u00fct\u00fcn\u00fc ilan ediyor, &#8216;bu bir ter\u00f6r \u00f6rg\u00fct\u00fcd\u00fcr&#8217; diyor. Siz ni\u00e7in bunu s\u00f6yleyemiyorsunuz, bunu a\u00e7\u0131klay\u0131n dedi\u011fimizde, bug\u00fcne kadar BDP bu b\u00f6l\u00fcc\u00fc ter\u00f6r \u00f6rg\u00fct\u00fcn\u00fc, hi\u00e7bir zaman &#8216;bu bir ter\u00f6r \u00f6rg\u00fct\u00fcd\u00fcr&#8217; diye ilan edememi\u015ftir. Niye? \u00c7\u00fcnk\u00fc onlar\u0131n parlamentoya girme veya varl\u0131k sebebi b\u00f6l\u00fcc\u00fc ter\u00f6r \u00f6rg\u00fct\u00fcne ba\u011fl\u0131d\u0131r. B\u00f6l\u00fcc\u00fc ter\u00f6r \u00f6rg\u00fct\u00fcn\u00fcn olu\u015fturdu\u011fu o korku toplumu i\u00e7erisinden bunlar parlamentoya gelmektedirler. E\u011fer G\u00fcneydo\u011fu&#8217;da benim K\u00fcrt karde\u015fim, bu korkunun ve tehdidin alt\u0131nda olmam\u0131\u015f olsa, o zaman zaten bunlar \u015fu anda ald\u0131klar\u0131 oylar\u0131n kahir ekseriyetini alamayacaklard\u0131r. Ama i\u015fte g\u00f6rd\u00fc\u011f\u00fcn\u00fcz gibi milletvekilleri karde\u015fler olarak birbirlerine sar\u0131labiliyorlar. \u00d6yle diyorlar ve b\u00fct\u00fcn bunlar\u0131n hepsi kay\u0131tlarda var. Medya zaten bunlar\u0131n tespitini de yapm\u0131\u015f vaziyette. Bize d\u00fc\u015fen nedir? &#8216;Bu ne muhabbet&#8217; demektir. Muhabbetleri bu kadar ileri derecededir. Bundan \u00f6ncede buna benzer senaryolar zaten yine oynanm\u0131\u015ft\u0131r.&#8221;<\/p>\n<p style=\"text-align: justify;\"><strong>\u2018TER\u00d6R\u0130STLER KA\u00c7IRDI\u2019 D\u0130YEMED\u0130<\/strong><\/p>\n<p style=\"text-align: justify;\">Ter\u00f6r \u00f6rg\u00fct\u00fc PKK mensuplar\u0131nca ka\u00e7\u0131r\u0131ld\u0131\u011f\u0131 s\u00f6ylenen CHP Tunceli Milletvekili H\u00fcseyin Ayg\u00fcn&#8217;\u00fcn de &#8221;Ter\u00f6ristler ka\u00e7\u0131rd\u0131&#8221; diyemedi\u011fini belirten Erdo\u011fan, s\u00f6zlerini \u015f\u00f6yle s\u00fcrd\u00fcrd\u00fc:<\/p>\n<p style=\"text-align: justify;\">&#8221;(Arkada\u015flar, \u00e7ocuklar&#8230;) Bu ifadeyi kullanm\u0131\u015ft\u0131r. Bunlar tabii ortaya bir\u015fey koyuyor. Ortada nas\u0131l bir senaryo var? Ne oynan\u0131yor, ne yap\u0131lmak isteniyor? Bunlar \u00fczerinde millet\u00e7e d\u00fc\u015f\u00fcnmemiz laz\u0131m. Kim kime dosttur, bunu ortaya koymak laz\u0131m. Biz bo\u015funa CHP ile BDP ayn\u0131d\u0131r demiyoruz. Bunlar ayn\u0131d\u0131r. Birisi di\u011ferinin farkl\u0131 versiyonudur. Olay bu kadar basittir.&#8221;<\/p>\n<p style=\"text-align: justify;\"><strong>\u015eAH\u0130N\u2019E YAPILAN SALDIRI<\/strong><\/p>\n<p style=\"text-align: justify;\">Ramazan Bayram\u0131&#8217;n\u0131 g\u00fcvenlik g\u00fc\u00e7leriyle ge\u00e7irmek \u00fczere Hakkari&#8217;de bulunan \u0130\u00e7i\u015fleri Bakan\u0131 \u0130dris Naim \u015eahin&#8217;e esnaf ziyareti s\u0131ras\u0131nda yap\u0131lan ta\u015fl\u0131 sald\u0131r\u0131ya ili\u015fkin Erdo\u011fan, olay\u0131n tam teferruat\u0131n\u0131n kendisine gelmedi\u011fini belirtti.<\/p>\n<p style=\"text-align: justify;\">Ba\u015fbakan Erdo\u011fan, &#8221;Herhalde ciddi bir \u015fey olsa gelirdi. Ama d\u00fcn \u015e\u0131rnak&#8217;ta bizim il ba\u015fkan yard\u0131mc\u0131m\u0131z, ayn\u0131 zamanda \u015e\u0131rnak milletvekilimizin karde\u015fi \u00f6ld\u00fcr\u00fclm\u00fc\u015ft\u00fcr. Onun \u00fczerinde de \u015fu anda Valilik, emniyet b\u00fct\u00fcn imkanlar\u0131yla ara\u015ft\u0131rmas\u0131n\u0131 yap\u0131yor. Nedir, ne de\u011fildir? Onu da meydana \u00e7\u0131karmaya \u00e7al\u0131\u015f\u0131yoruz&#8221; dedi.<\/p>\n<p style=\"text-align: justify;\"><strong>\u2018KIDEM TAZM\u0130NATI KONUSU KA\u015eINIYOR\u2019<\/strong><\/p>\n<p style=\"text-align: justify;\">Ba\u015fbakan Erdo\u011fan, K\u0131dem Tazminat\u0131 Fonu ile ilgili bir soru \u00fczerine, &#8221;K\u0131dem tazminat\u0131 konusunda bizim verilmi\u015f herhangi bir karar\u0131m\u0131z yoktur. Bunu defaatle asl\u0131nda a\u00e7\u0131klad\u0131m ama buna ra\u011fmen, devaml\u0131 ka\u015f\u0131n\u0131yor. Ben her zaman \u015funu s\u00f6yledim, K\u0131dem tazminat\u0131 konusunda i\u015f\u00e7i sendikalar\u0131 ile i\u015fveren sendikalar\u0131 anla\u015f\u0131rlarsa, o zaman biz gerekli ad\u0131m\u0131 atar\u0131z. Ama onlar anla\u015famad\u0131\u011f\u0131 s\u00fcrece biz bu olay\u0131n i\u00e7erisinde, bu program\u0131n i\u00e7erisinde yer almay\u0131z&#8221; diye konu\u015ftu.<\/p>\n<p style=\"text-align: justify;\"><strong>\u2018B\u0130RKA\u00c7 G\u00dcN D\u0130NLENEL\u0130M\u2019<\/strong><\/p>\n<p style=\"text-align: justify;\">Ramazan Bayram\u0131&#8217;nda ne yapaca\u011f\u0131 ve tatil plan\u0131n\u0131n olup olmad\u0131\u011f\u0131 sorulan Ba\u015fbakan Erdo\u011fan, &#8221;\u0130stanbul&#8217;day\u0131m i\u015fte g\u00f6r\u00fcyorsunuz. \u015eu anda buras\u0131 \u0130stanbul. Tatil plan\u0131m olur, bir ka\u00e7 g\u00fcn de dinlenelim&#8221; dedi.<\/p>\n<p style=\"text-align: justify;\">Ba\u015fbakan Erdo\u011fan ile birlikte G\u00fcmr\u00fck ve Ticaret Bakan\u0131 Hayati Yaz\u0131c\u0131 ile AK Parti \u0130stanbul \u0130l Ba\u015fkan\u0131 Aziz Babu\u015fcu da bayram namaz\u0131n\u0131 S\u00fcleymaniye Camisi&#8217;nde k\u0131ld\u0131.<\/p>\n<p style=\"text-align: justify;\"><a href=\"http:\/\/www.ntvmsnbc.com\/id\/25375460\" target=\"_blank\">Kaynak : NTVMSNBC<\/a><\/p>\n","protected":false},"excerpt":{"rendered":"<p style=\"text-align: center;\">\n<p style=\"text-align: justify;\">Bayram namaz\u0131 sonras\u0131nda konu\u015fan Ba\u015fbakan Erdo\u011fan, BDP\u2019lilerin PKK\u2019l\u0131larla bulu\u015fmas\u0131n\u0131 \u201coynanan senaryonun farkl\u0131 bir versiyonu\u201d olarak niteleyerek, \u201cKarde\u015fler olarak birbirlerine sar\u0131l\u0131yorlar. Bu ne muhabbet\u201d dedi.<\/p>\n<p style=\"text-align: justify;\">\u0130STANBUL &#8211; Ba\u015fbakan Recep Tayyip Erdo\u011fan, bayram namaz\u0131n\u0131 k\u0131ld\u0131\u011f\u0131 S\u00fcleymaniye Camisi&#8217;nden \u00e7\u0131k\u0131\u015f\u0131nda gazetecilerin g\u00fcndeme ili\u015fkin sorular\u0131n\u0131 yan\u0131tlad\u0131.<\/p>\n<p style=\"text-align: justify;\">Vatanda\u015flar\u0131n Ramazan Bayram\u0131&#8217;n\u0131 tebrik eden <\/p>\n","protected":false},"author":1,"featured_media":0,"comment_status":"open","ping_status":"open","sticky":false,"template":"","format":"standard","meta":{"footnotes":""},"categories":[105],"tags":[],"class_list":["post-54020","post","type-post","status-publish","format-standard","hentry","category-gundem","odd"],"_links":{"self":[{"href":"http:\/\/www.korhanyilmaz.com\/index.php?rest_route=\/wp\/v2\/posts\/54020","targetHints":{"allow":["GET"]}}],"collection":[{"href":"http:\/\/www.korhanyilmaz.com\/index.php?rest_route=\/wp\/v2\/posts"}],"about":[{"href":"http:\/\/www.korhanyilmaz.com\/index.php?rest_route=\/wp\/v2\/types\/post"}],"author":[{"embeddable":true,"href":"http:\/\/www.korhanyilmaz.com\/index.php?rest_route=\/wp\/v2\/users\/1"}],"replies":[{"embeddable":true,"href":"http:\/\/www.korhanyilmaz.com\/index.php?rest_route=%2Fwp%2Fv2%2Fcomments&post=54020"}],"version-history":[{"count":0,"href":"http:\/\/www.korhanyilmaz.com\/index.php?rest_route=\/wp\/v2\/posts\/54020\/revisions"}],"wp:attachment":[{"href":"http:\/\/www.korhanyilmaz.com\/index.php?rest_route=%2Fwp%2Fv2%2Fmedia&parent=54020"}],"wp:term":[{"taxonomy":"category","embeddable":true,"href":"http:\/\/www.korhanyilmaz.com\/index.php?rest_route=%2Fwp%2Fv2%2Fcategories&post=54020"},{"taxonomy":"post_tag","embeddable":true,"href":"http:\/\/www.korhanyilmaz.com\/index.php?rest_route=%2Fwp%2Fv2%2Ftags&post=54020"}],"curies":[{"name":"wp","href":"https:\/\/api.w.org\/{rel}","templated":true}]}}