{"id":54016,"date":"2012-08-19T13:34:18","date_gmt":"2012-08-19T10:34:18","guid":{"rendered":"http:\/\/www.korhanyilmaz.com\/?p=54016"},"modified":"2012-08-19T16:20:42","modified_gmt":"2012-08-19T13:20:42","slug":"megerse-piknik-yapmaya-gitmis","status":"publish","type":"post","link":"http:\/\/www.korhanyilmaz.com\/?p=54016","title":{"rendered":"&#8216;Me\u011ferse piknik yapmaya gitmi\u015f&#8217;"},"content":{"rendered":"<p style=\"text-align: justify;\"><a href=\"http:\/\/www.korhanyilmaz.com\/wp-content\/uploads\/2012\/08\/H311.jpg\"  class=\"lightview\"><img loading=\"lazy\" decoding=\"async\" class=\"aligncenter size-full wp-image-54017\" title=\"\" src=\"http:\/\/www.korhanyilmaz.com\/wp-content\/uploads\/2012\/08\/H311.jpg\" alt=\"\" width=\"375\" height=\"216\" \/><\/a><\/p>\n<p style=\"text-align: justify;\">AB Bakan\u0131 Ba\u011f\u0131\u015f, BDP\u2019lilerin PKK\u2019l\u0131larla bulu\u015fmas\u0131 ve Ayg\u00fcn&#8217;\u00fcn ka\u00e7\u0131r\u0131lmas\u0131yla ilgili, &#8221;Da\u011fdaki b\u00fcy\u00fcklerinin ellerini \u00f6pmeye \u00e7al\u0131\u015ft\u0131klar\u0131n\u0131 g\u00f6rd\u00fck. Onlardan bir hafta evvel de ba\u015fka bir arkada\u015flar\u0131 gitti, korktuk ama me\u011ferse piknik yapmaya gitmi\u015f&#8221; diye konu\u015ftu.<\/p>\n<p style=\"text-align: justify;\">\u0130STANBUL &#8211; Beykoz AK Parti \u0130l\u00e7e Ba\u015fkanl\u0131\u011f\u0131&#8217;nda bayram dolay\u0131s\u0131yla partililerle bir araya gelen Avrupa Birli\u011fi (AB) Bakan\u0131 ve Ba\u015fm\u00fczakereci Egemen Ba\u011f\u0131\u015f, birlik ve beraberli\u011fi g\u00fc\u00e7lendirmek i\u00e7in daha da \u00e7ok \u00e7al\u0131\u015facaklar\u0131n\u0131 s\u00f6yledi.\u00a0<!--more--><\/p>\n<p style=\"text-align: justify;\">Bu durumdan rahats\u0131zl\u0131k duyanlar oldu\u011funu kaydeden Ba\u011f\u0131\u015f, bu kesimlerin \u00fclkenin huzurunu ka\u00e7\u0131rmay\u0131, karde\u015fi karde\u015fe d\u00fc\u015f\u00fcrmeyi istediklerini ifade etti.<\/p>\n<p style=\"text-align: justify;\">\u00dclkenin i\u00e7ine fitne sokmak isteyen \u00e7evrelere bayram ettirmeyeceklerini bildiren Ba\u011f\u0131\u015f, \u00fclkede karde\u015fin karde\u015fin kan\u0131na g\u00f6z dikmesi i\u00e7in u\u011fra\u015fanlar\u0131 ba\u015far\u0131s\u0131zl\u0131\u011fa u\u011fratacaklar\u0131n\u0131 kaydetti.<\/p>\n<p style=\"text-align: justify;\">Bakan Ba\u011f\u0131\u015f, \u015f\u00f6yle devam etti:<\/p>\n<p style=\"text-align: justify;\">&#8221;Bak\u0131n bayramda k\u00fc\u00e7\u00fckler b\u00fcy\u00fcklerin ziyaretine gider ellerini \u00f6perler. \u0130\u015fte g\u00f6rd\u00fck mecliste bu milletin imkanlar\u0131yla milletvekili s\u0131fat\u0131 ta\u015f\u0131yanlar\u0131n asl\u0131nda ter\u00f6r \u00f6rg\u00fct\u00fcn\u00fcn vekili olduklar\u0131n\u0131 ortaya koyarcas\u0131na gidip da\u011fdaki b\u00fcy\u00fcklerinin ellerini \u00f6pmeye \u00e7al\u0131\u015ft\u0131klar\u0131na hep beraber \u015fahitlik ettik. Onlardan bir hafta evvel de ba\u015fka bir arkada\u015flar\u0131 gitti, hepimizi endi\u015felendirdi. Korktuk ama me\u011ferse piknik yapmaya gitmi\u015f. Allah muhabbetlerini art\u0131rs\u0131n. Bu ne i\u00e7 i\u00e7eliktir. Biz ba\u015f\u0131ndan beri s\u00f6yl\u00fcyoruz. Bunlar ruh \u00fc\u00e7\u00fcz\u00fcd\u00fcr diye. Ger\u00e7ekten i\u00e7 i\u00e7e ge\u00e7mi\u015f durumdalar. Ama bu millet in\u015fallah buna tepkisini \u00e7ok net bir \u015fekilde verecektir&#8221;<\/p>\n<p style=\"text-align: justify;\">Bu \u00fclkede birlik ve beraberlikten, karde\u015f\u00e7e ya\u015famaktan, herkesin demokratik ve bireysel haklar\u0131n\u0131 ya\u015famas\u0131ndan yana olduklar\u0131n\u0131 vurgulayan Ba\u011f\u0131\u015f, konu\u015fmas\u0131n\u0131 \u015f\u00f6yle s\u00fcrd\u00fcrd\u00fc:<\/p>\n<p style=\"text-align: justify;\">&#8221;Bak\u0131n AK Parti iktidar\u0131nda bu \u00fclkede ilk defa devletin televizyonunda Arap\u00e7a, K\u00fcrt\u00e7e yay\u0131nlar ba\u015flad\u0131. Mahkumlar ilk defa kendilerini ziyaret eden anneleriyle ana dillerinde konu\u015fmaya ba\u015flad\u0131. Ancak Allah&#8217;\u0131n ne kadar b\u00fcy\u00fck oldu\u011funu, \u015fu son ka\u00e7\u0131r\u0131ld\u0131\u011f\u0131 iddia edilen, pikni\u011fe gitti\u011fini kendisi itiraf eden CHP milletvekilinin ya\u015fad\u0131klar\u0131n\u0131 da g\u00f6r\u00fcyoruz. Kendisiyle ter\u00f6ristler kar\u015f\u0131la\u015ft\u0131\u011f\u0131 zaman, hainlerle Zazaca konu\u015fmaya \u00e7al\u0131\u015f\u0131yor. Onlar kendisine diyorlar ki biz bilmeyiz Zazaca, K\u00fcrt\u00e7e, bizimle T\u00fcrk\u00e7e konu\u015f. Hani siz K\u00fcrtler&#8217;in k\u00fclt\u00fcrel haklar\u0131n\u0131, dillerini \u00f6nemsiyordunuz. Kendilerinin K\u00fcrt\u00e7e bilmedi\u011fi bir ortam\u0131 ya\u015f\u0131yoruz. Bunlar\u0131n hepsi T\u00fcrkiye \u00fczerinde oynanmaya \u00e7al\u0131\u015f\u0131lan oyunlard\u0131r. Bu oyunlar\u0131n\u0131 in\u015fallah hep beraber el ele vererek bozaca\u011f\u0131z.&#8221;<\/p>\n<p style=\"text-align: justify;\"><a href=\"http:\/\/www.ntvmsnbc.com\/id\/25375510\" target=\"_blank\">Kaynak : NTVMSNBC<\/a><\/p>\n","protected":false},"excerpt":{"rendered":"<p style=\"text-align: justify;\">\n<p style=\"text-align: justify;\">AB Bakan\u0131 Ba\u011f\u0131\u015f, BDP\u2019lilerin PKK\u2019l\u0131larla bulu\u015fmas\u0131 ve Ayg\u00fcn&#8217;\u00fcn ka\u00e7\u0131r\u0131lmas\u0131yla ilgili, &#8221;Da\u011fdaki b\u00fcy\u00fcklerinin ellerini \u00f6pmeye \u00e7al\u0131\u015ft\u0131klar\u0131n\u0131 g\u00f6rd\u00fck. Onlardan bir hafta evvel de ba\u015fka bir arkada\u015flar\u0131 gitti, korktuk ama me\u011ferse piknik yapmaya gitmi\u015f&#8221; diye konu\u015ftu.<\/p>\n<p style=\"text-align: justify;\">\u0130STANBUL &#8211; Beykoz AK Parti \u0130l\u00e7e Ba\u015fkanl\u0131\u011f\u0131&#8217;nda bayram dolay\u0131s\u0131yla partililerle bir araya gelen Avrupa Birli\u011fi <\/p>\n","protected":false},"author":1,"featured_media":0,"comment_status":"open","ping_status":"open","sticky":false,"template":"","format":"standard","meta":{"footnotes":""},"categories":[105],"tags":[],"class_list":["post-54016","post","type-post","status-publish","format-standard","hentry","category-gundem","odd"],"_links":{"self":[{"href":"http:\/\/www.korhanyilmaz.com\/index.php?rest_route=\/wp\/v2\/posts\/54016","targetHints":{"allow":["GET"]}}],"collection":[{"href":"http:\/\/www.korhanyilmaz.com\/index.php?rest_route=\/wp\/v2\/posts"}],"about":[{"href":"http:\/\/www.korhanyilmaz.com\/index.php?rest_route=\/wp\/v2\/types\/post"}],"author":[{"embeddable":true,"href":"http:\/\/www.korhanyilmaz.com\/index.php?rest_route=\/wp\/v2\/users\/1"}],"replies":[{"embeddable":true,"href":"http:\/\/www.korhanyilmaz.com\/index.php?rest_route=%2Fwp%2Fv2%2Fcomments&post=54016"}],"version-history":[{"count":0,"href":"http:\/\/www.korhanyilmaz.com\/index.php?rest_route=\/wp\/v2\/posts\/54016\/revisions"}],"wp:attachment":[{"href":"http:\/\/www.korhanyilmaz.com\/index.php?rest_route=%2Fwp%2Fv2%2Fmedia&parent=54016"}],"wp:term":[{"taxonomy":"category","embeddable":true,"href":"http:\/\/www.korhanyilmaz.com\/index.php?rest_route=%2Fwp%2Fv2%2Fcategories&post=54016"},{"taxonomy":"post_tag","embeddable":true,"href":"http:\/\/www.korhanyilmaz.com\/index.php?rest_route=%2Fwp%2Fv2%2Ftags&post=54016"}],"curies":[{"name":"wp","href":"https:\/\/api.w.org\/{rel}","templated":true}]}}