{"id":54012,"date":"2012-08-19T10:29:02","date_gmt":"2012-08-19T07:29:02","guid":{"rendered":"http:\/\/www.korhanyilmaz.com\/?p=54012"},"modified":"2012-08-19T16:16:27","modified_gmt":"2012-08-19T13:16:27","slug":"samastin-akrabasi-bayrami-kana-buladi","status":"publish","type":"post","link":"http:\/\/www.korhanyilmaz.com\/?p=54012","title":{"rendered":"Samast&#8217;\u0131n akrabas\u0131 bayram\u0131 kana bulad\u0131"},"content":{"rendered":"<p style=\"text-align: justify;\"><a href=\"http:\/\/www.korhanyilmaz.com\/wp-content\/uploads\/2012\/08\/H310.jpg\"  class=\"lightview\"><img loading=\"lazy\" decoding=\"async\" class=\"aligncenter size-full wp-image-54013\" title=\"\" src=\"http:\/\/www.korhanyilmaz.com\/wp-content\/uploads\/2012\/08\/H310.jpg\" alt=\"\" width=\"401\" height=\"231\" \/><\/a><\/p>\n<p style=\"text-align: justify;\">Tekirda\u011f&#8217;da yak\u0131nlar\u0131yla bayramla\u015fan bir ki\u015fi, &#8220;bayram co\u015fkusu&#8221;na kap\u0131l\u0131p otomobilden rastgele etrafa ate\u015f a\u00e7an bir ki\u015finin kurban\u0131 oldu. Ate\u015f eden ki\u015fi Hrant Dink&#8217;in katili Og\u00fcn Samast&#8217;\u0131n akrabas\u0131 \u00e7\u0131kt\u0131.<\/p>\n<p style=\"text-align: justify;\">TEK\u0130RDA\u011e &#8211; 32 ya\u015f\u0131ndaki Murat Serdar Karadeniz Mahallesi\u2019ndeki camide bayram namaz\u0131n\u0131 k\u0131ld\u0131ktan sonra yak\u0131nlar\u0131yla bayramla\u015fmaya ba\u015flad\u0131.<\/p>\n<p style=\"text-align: justify;\">Bu s\u0131rada, otomobiliyle seyir halindeyken havaya rastgele ate\u015f eden Turan Samast&#8217;\u0131n (41) silah\u0131ndan \u00e7\u0131kan kur\u015funlar, Serdar&#8217;\u0131n ba\u015f\u0131na isabet etti.<\/p>\n<p style=\"text-align: justify;\">Serdar, olay yerinde ya\u015fam\u0131n\u0131 kaybetti. Serdar&#8217;\u0131n cesedi Tekirda\u011f Devlet Hastanesi Morgu&#8217;na kald\u0131r\u0131ld\u0131.<!--more--><\/p>\n<p style=\"text-align: justify;\">TEK\u0130RDA\u011e &#8211; 32 ya\u015f\u0131ndaki Murat Serdar Karadeniz Mahallesi\u2019ndeki camide bayram namaz\u0131n\u0131 k\u0131ld\u0131ktan sonra yak\u0131nlar\u0131yla bayramla\u015fmaya ba\u015flad\u0131.<\/p>\n<p style=\"text-align: justify;\">Bu s\u0131rada, otomobiliyle seyir halindeyken havaya rastgele ate\u015f eden Turan Samast&#8217;\u0131n (41) silah\u0131ndan \u00e7\u0131kan kur\u015funlar, Serdar&#8217;\u0131n ba\u015f\u0131na isabet etti.<\/p>\n<p style=\"text-align: justify;\">Serdar, olay yerinde ya\u015fam\u0131n\u0131 kaybetti. Serdar&#8217;\u0131n cesedi Tekirda\u011f Devlet Hastanesi Morgu&#8217;na kald\u0131r\u0131ld\u0131.<\/p>\n<p style=\"text-align: justify;\"><a href=\"http:\/\/www.ntvmsnbc.com\/id\/25375463\/\" target=\"_blank\">Kaynak : NTVMSNBC<\/a><\/p>\n","protected":false},"excerpt":{"rendered":"<p style=\"text-align: justify;\">\n<p style=\"text-align: justify;\">Tekirda\u011f&#8217;da yak\u0131nlar\u0131yla bayramla\u015fan bir ki\u015fi, &#8220;bayram co\u015fkusu&#8221;na kap\u0131l\u0131p otomobilden rastgele etrafa ate\u015f a\u00e7an bir ki\u015finin kurban\u0131 oldu. Ate\u015f eden ki\u015fi Hrant Dink&#8217;in katili Og\u00fcn Samast&#8217;\u0131n akrabas\u0131 \u00e7\u0131kt\u0131.<\/p>\n<p style=\"text-align: justify;\">TEK\u0130RDA\u011e &#8211; 32 ya\u015f\u0131ndaki Murat Serdar Karadeniz Mahallesi\u2019ndeki camide bayram namaz\u0131n\u0131 k\u0131ld\u0131ktan sonra yak\u0131nlar\u0131yla bayramla\u015fmaya ba\u015flad\u0131.<\/p>\n<p style=\"text-align: justify;\">Bu s\u0131rada, otomobiliyle <\/p>\n","protected":false},"author":1,"featured_media":0,"comment_status":"open","ping_status":"open","sticky":false,"template":"","format":"standard","meta":{"footnotes":""},"categories":[105],"tags":[],"class_list":["post-54012","post","type-post","status-publish","format-standard","hentry","category-gundem","odd"],"_links":{"self":[{"href":"http:\/\/www.korhanyilmaz.com\/index.php?rest_route=\/wp\/v2\/posts\/54012","targetHints":{"allow":["GET"]}}],"collection":[{"href":"http:\/\/www.korhanyilmaz.com\/index.php?rest_route=\/wp\/v2\/posts"}],"about":[{"href":"http:\/\/www.korhanyilmaz.com\/index.php?rest_route=\/wp\/v2\/types\/post"}],"author":[{"embeddable":true,"href":"http:\/\/www.korhanyilmaz.com\/index.php?rest_route=\/wp\/v2\/users\/1"}],"replies":[{"embeddable":true,"href":"http:\/\/www.korhanyilmaz.com\/index.php?rest_route=%2Fwp%2Fv2%2Fcomments&post=54012"}],"version-history":[{"count":0,"href":"http:\/\/www.korhanyilmaz.com\/index.php?rest_route=\/wp\/v2\/posts\/54012\/revisions"}],"wp:attachment":[{"href":"http:\/\/www.korhanyilmaz.com\/index.php?rest_route=%2Fwp%2Fv2%2Fmedia&parent=54012"}],"wp:term":[{"taxonomy":"category","embeddable":true,"href":"http:\/\/www.korhanyilmaz.com\/index.php?rest_route=%2Fwp%2Fv2%2Fcategories&post=54012"},{"taxonomy":"post_tag","embeddable":true,"href":"http:\/\/www.korhanyilmaz.com\/index.php?rest_route=%2Fwp%2Fv2%2Ftags&post=54012"}],"curies":[{"name":"wp","href":"https:\/\/api.w.org\/{rel}","templated":true}]}}