{"id":54008,"date":"2012-08-19T14:08:29","date_gmt":"2012-08-19T11:08:29","guid":{"rendered":"http:\/\/www.korhanyilmaz.com\/?p=54008"},"modified":"2012-08-19T16:11:40","modified_gmt":"2012-08-19T13:11:40","slug":"bdpli-kurt-bakanin-yaptigi-salaklik-ornegi","status":"publish","type":"post","link":"http:\/\/www.korhanyilmaz.com\/?p=54008","title":{"rendered":"BDP\u2019li Kurt: Bakan\u2019\u0131n yapt\u0131\u011f\u0131 salakl\u0131k \u00f6rne\u011fi"},"content":{"rendered":"<p style=\"text-align: center;\"><a href=\"http:\/\/www.korhanyilmaz.com\/wp-content\/uploads\/2012\/08\/H309.jpg\"  class=\"lightview\"><img loading=\"lazy\" decoding=\"async\" class=\"aligncenter  wp-image-54009\" src=\"http:\/\/www.korhanyilmaz.com\/wp-content\/uploads\/2012\/08\/H309.jpg\" alt=\"\" width=\"404\" height=\"227\" \/><\/a><\/p>\n<p style=\"text-align: justify;\">BDP Milletvekili Adil Kurt, Hakkari\u2019de ta\u015fl\u0131 sald\u0131r\u0131ya u\u011frayan \u0130\u00e7i\u015fleri Bakan\u0131 \u0130dris Naim \u015eahin&#8217;i sert s\u00f6zlerle ele\u015ftirdi. \u015eahin\u2019i provokasyon yapmakla su\u00e7layan Kurt, \u201cYapt\u0131\u011f\u0131 salakl\u0131k \u00f6rne\u011fi, salakla\u011f\u0131n da \u00f6tesinde\u201d dedi.<\/p>\n<p style=\"text-align: justify;\">HAKKAR\u0130 &#8211; BDP Hakkari Milletvekili Adil Kurt, \u0130\u00e7i\u015fleri Bakan\u0131 \u0130dris Naim \u015eahin&#8217;e y\u00f6nelik sald\u0131r\u0131 ve sonras\u0131nda \u00e7\u0131kan olaylar\u0131 de\u011ferlendirdi.<\/p>\n<p style=\"text-align: justify;\">\u0130dris Naim \u015eahin&#8217;i ele\u015ftiren Kurt, &#8220;Bakan, bayram kutlamaya de\u011fil, bayram\u0131n\u0131 provoke etmeye geldi. Bu halka, halk\u0131n de\u011ferlerine, se\u00e7ilmi\u015flerine k\u00fcf\u00fcr eden bir bakan hangi akla hizmetle bayram al\u0131\u015fveri\u015fi yap\u0131ld\u0131\u011f\u0131 s\u0131rada halk\u0131n aras\u0131na giriyor?&#8221; dedi.\u00a0<!--more--><\/p>\n<p style=\"text-align: justify;\">Konu\u015fmas\u0131nda \u0130\u00e7i\u015fleri Bakan\u0131\u2019na hakaret i\u00e7eren s\u00f6zler sarfeden \u015eahin, \u015f\u00f6yle konu\u015ftu:<\/p>\n<p style=\"text-align: justify;\">\u201cHalk\u0131n bayram\u0131n\u0131 zehir etmi\u015ftir. Bu bir salakl\u0131k \u00f6rne\u011fidir. \u0130dris Naim \u015eahin daha \u00f6nce de Hakkari&#8217;ye geldi. Bu halk\u0131n kendisine tepkili olaca\u011f\u0131n\u0131 bilemeyecek kadar salaksa kendisine s\u00f6yleyebilece\u011fimiz ba\u015fka hi\u00e7bir \u015fey yoktur. Ama bu salakl\u0131\u011f\u0131n da \u00f6tesinde bir \u015feydir.\u201d<\/p>\n<p style=\"text-align: justify;\">Kurt, &#8220;Bakan \u015eahin e\u011fer Hakkari halk\u0131n\u0131 o kadar sevseydi, halk\u0131n se\u00e7ti\u011fi milletvekillerinin de burada oldu\u011funu biliyordu. Bizi de iftara davet etseydi, gidip onu kar\u015f\u0131lar ve el ele halk\u0131n aras\u0131nda gezip sorunlar\u0131 dinlerdik. Ancak halk\u0131 ziyaret etmek i\u00e7in de\u011fil, olaylar\u0131n \u00e7\u0131kmas\u0131 i\u00e7in geldi. Olaca\u011f\u0131 da buydu&#8221; dedi.<\/p>\n<p style=\"text-align: justify;\"><a href=\"http:\/\/www.ntvmsnbc.com\/id\/25375518\" target=\"_blank\">Kaynak : NTVMSNBC<\/a><\/p>\n","protected":false},"excerpt":{"rendered":"<p style=\"text-align: center;\">\n<p style=\"text-align: justify;\">BDP Milletvekili Adil Kurt, Hakkari\u2019de ta\u015fl\u0131 sald\u0131r\u0131ya u\u011frayan \u0130\u00e7i\u015fleri Bakan\u0131 \u0130dris Naim \u015eahin&#8217;i sert s\u00f6zlerle ele\u015ftirdi. \u015eahin\u2019i provokasyon yapmakla su\u00e7layan Kurt, \u201cYapt\u0131\u011f\u0131 salakl\u0131k \u00f6rne\u011fi, salakla\u011f\u0131n da \u00f6tesinde\u201d dedi.<\/p>\n<p style=\"text-align: justify;\">HAKKAR\u0130 &#8211; BDP Hakkari Milletvekili Adil Kurt, \u0130\u00e7i\u015fleri Bakan\u0131 \u0130dris Naim \u015eahin&#8217;e y\u00f6nelik sald\u0131r\u0131 ve sonras\u0131nda \u00e7\u0131kan olaylar\u0131 de\u011ferlendirdi.<\/p>\n<p  \n\n","protected":false},"author":1,"featured_media":0,"comment_status":"open","ping_status":"open","sticky":false,"template":"","format":"standard","meta":{"footnotes":""},"categories":[105],"tags":[],"class_list":["post-54008","post","type-post","status-publish","format-standard","hentry","category-gundem","odd"],"_links":{"self":[{"href":"http:\/\/www.korhanyilmaz.com\/index.php?rest_route=\/wp\/v2\/posts\/54008","targetHints":{"allow":["GET"]}}],"collection":[{"href":"http:\/\/www.korhanyilmaz.com\/index.php?rest_route=\/wp\/v2\/posts"}],"about":[{"href":"http:\/\/www.korhanyilmaz.com\/index.php?rest_route=\/wp\/v2\/types\/post"}],"author":[{"embeddable":true,"href":"http:\/\/www.korhanyilmaz.com\/index.php?rest_route=\/wp\/v2\/users\/1"}],"replies":[{"embeddable":true,"href":"http:\/\/www.korhanyilmaz.com\/index.php?rest_route=%2Fwp%2Fv2%2Fcomments&post=54008"}],"version-history":[{"count":0,"href":"http:\/\/www.korhanyilmaz.com\/index.php?rest_route=\/wp\/v2\/posts\/54008\/revisions"}],"wp:attachment":[{"href":"http:\/\/www.korhanyilmaz.com\/index.php?rest_route=%2Fwp%2Fv2%2Fmedia&parent=54008"}],"wp:term":[{"taxonomy":"category","embeddable":true,"href":"http:\/\/www.korhanyilmaz.com\/index.php?rest_route=%2Fwp%2Fv2%2Fcategories&post=54008"},{"taxonomy":"post_tag","embeddable":true,"href":"http:\/\/www.korhanyilmaz.com\/index.php?rest_route=%2Fwp%2Fv2%2Ftags&post=54008"}],"curies":[{"name":"wp","href":"https:\/\/api.w.org\/{rel}","templated":true}]}}