{"id":5400,"date":"2009-03-14T13:15:27","date_gmt":"2009-03-14T11:15:27","guid":{"rendered":"http:\/\/www.korhanyilmaz.com\/?p=5400"},"modified":"2009-03-14T13:15:27","modified_gmt":"2009-03-14T11:15:27","slug":"kredi-kartinin-magduru-olmaz","status":"publish","type":"post","link":"http:\/\/www.korhanyilmaz.com\/?p=5400","title":{"rendered":"&#039;Kredi kart\u0131n\u0131n ma\u011fduru olmaz&#039;"},"content":{"rendered":"<p style=\"text-align: center;\"><a href=\"http:\/\/www.korhanyilmaz.com\/wp-content\/uploads\/2009\/03\/140320091557432267788_3.jpg\"  class=\"lightview\"><img loading=\"lazy\" decoding=\"async\" class=\"aligncenter size-full wp-image-5401\" title=\"'Kredi kart\u0131n\u0131n ma\u011fduru olmaz' \" src=\"http:\/\/www.korhanyilmaz.com\/wp-content\/uploads\/2009\/03\/140320091557432267788_3.jpg\" alt=\"'Kredi kart\u0131n\u0131n ma\u011fduru olmaz' \" width=\"300\" height=\"94\" \/><\/a><a class=\"lightview\" title=\"Krize kar\u015f\u0131 tedbirler noktas\u0131nda aktif bir tutum izlediklerini savunan Erdo\u011fan, krizin sinyallerini al\u0131r almaz gerekli tedbirleri ald\u0131klar\u0131n\u0131 s\u00f6yledi.::  :: width: 500, height: 395\" rel=\"iframe\" href=\"http:\/\/www.korhanyilmaz.com\/swf\/flvplayer.swf?file=http:\/\/video.gazetevatan.com\/video\/file\/140320091457213752867.flv\"><img loading=\"lazy\" decoding=\"async\" class=\"aligncenter\" title=\"Habere \u0130li\u015fkin Videoyu \u0130zlemek \u0130\u00e7in T\u0131klay\u0131n..\" src=\"wp-data\/images\/video_izle_tikla.png\" alt=\"\" width=\"30\" height=\"30\" \/ class=\"lightview\"><\/a><\/p>\n<p style=\"text-align: justify;\">Ba\u015fbakan Erdo\u011fan Vilayet Meydan\u0131&#8217;ndaki toplu a\u00e7\u0131l\u0131\u015f t\u00f6reninin ard\u0131ndan Anemon Otel&#8217;de d\u00fczenlenen Eski\u015fehir Giri\u015fimci Sanayiciler ve \u0130\u015fadamlar\u0131 Derne\u011fi (EGS\u0130AD) taraf\u0131ndan d\u00fczenlenen &#8216;Beyaz Alt\u0131n T\u00fcrkiye Giri\u015fimcilik \u00d6d\u00fclleri&#8217; t\u00f6renine kat\u0131ld\u0131.<\/p>\n<p style=\"text-align: justify;\">Ula\u015ft\u0131rma Bakan\u0131 Binali Y\u0131ld\u0131r\u0131m ile \u00e7ok say\u0131da ki\u015finin kat\u0131ld\u0131\u011f\u0131 ve Galatasaray&#8217;\u0131n eski futbolcusu Hakan \u015e\u00fck\u00fcr&#8217;\u00fcn de \u00f6d\u00fcl ald\u0131\u011f\u0131 t\u00f6rende konu\u015fan Ba\u015fbakan Recep Tayyip Erdo\u011fan, T\u00fcrkiye&#8217;de yanl\u0131\u015f ve yap\u0131c\u0131 olmayan bir muhalif tavr\u0131n\u0131n oldu\u011funu s\u00f6yledi. Erdo\u011fan \u015f\u00f6yle devam etti:<!--more--><\/p>\n<p style=\"text-align: justify;\">&#8220;\u00d6ncelikle \u015funu samimiyetimle ifade etmek istiyorum, bug\u00fcn T\u00fcrkiye&#8217;de yanl\u0131\u015f ve yap\u0131c\u0131 olmayan bir muhalif tavr\u0131 var. Bu \u00fclkede felaket tellall\u0131\u011f\u0131 yapman\u0131n \u00fclke ekonomisine faydas\u0131 olmaz. Kritik anda bile benim giri\u015fimcim, &#8216;Ben ne yapabilirim? Ben nas\u0131l ayakta tutunabilirim?&#8217; derken bunu sormuyor, &#8216;Beni birisi nas\u0131l ayakta tutar, nereden nas\u0131l bir \u015feyi alabilirim, bu krizden bir f\u0131rsat yarat\u0131p neyi nas\u0131l g\u00f6t\u00fcr\u00fcr\u00fcm&#8217; diyorlar. Kusura bakmay\u0131n ben o al\u0131\u015ft\u0131\u011f\u0131n\u0131z ba\u015fbakanlardan de\u011filim. \u00c7\u00fcnk\u00fc bu \u00fclkede t\u00fcy\u00fc bitmemi\u015f yetimin hakk\u0131 var.&#8221;<\/p>\n<p style=\"text-align: justify;\"><strong>\u00b4500 M\u0130LYAR DOLARLIK BOR\u00c7 YOK&#8217;<\/strong><\/p>\n<p style=\"text-align: justify;\">Ge\u00e7mi\u015f h\u00fck\u00fcmetlerin bor\u00e7lar\u0131n\u0131 kendilerinin \u00f6dedi\u011fini ifade eden Ba\u015fbakan Erdo\u011fan, &#8220;Onlar bor\u00e7land\u0131, biz \u00f6dedik. 500 milyar dolara ula\u015ft\u0131 bor\u00e7 diyor, yok b\u00f6yle bir bor\u00e7 yok. Hesap ortada. Bor\u00e7 faizleri y\u00fczde 63&#8217;t\u00fc \u015fu anda y\u00fczde 13-14&#8217;lere indirdik. Merkez Bankas\u0131&#8217;n\u0131n a\u00e7\u0131klad\u0131\u011f\u0131 faiz 11.5&#8217;a d\u00fc\u015fm\u00fc\u015f. G\u00f6nl\u00fcmden ge\u00e7en faiz enflasyonda oldu\u011fu gibi tek haneye d\u00fc\u015f\u00fcrmek. Bunu da ba\u015faraca\u011f\u0131z. Avrupa&#8217;da d\u00fc\u015fm\u00fc\u015fse, bizde niye d\u00fc\u015fmesin. Benim felsefem bu. Literat\u00fcrde bu yok&#8217; diyorlar ben yeni literat\u00fcr \u00e7\u0131kar\u0131yorum. Ya\u015farak, damdan d\u00fc\u015ferek geliyorum. Maliyeti d\u00fc\u015f\u00fcreceksek kredi faizlerini d\u00fc\u015f\u00fcrmemiz gerekir&#8221; dedi.<\/p>\n<p style=\"text-align: justify;\"><strong>&#8216;KRED\u0130 KARTI MA\u011eDURU OLMAZ&#8217;<\/strong><\/p>\n<p style=\"text-align: justify;\">Ba\u015fbakan Recep Tayyip Erdo\u011fan, baz\u0131 ki\u015filerin &#8216;Kredi kart\u0131 ma\u011fduru&#8217; ifadesi kulland\u0131\u011f\u0131n\u0131 belirterek, kredi kart\u0131n\u0131n ma\u011fdurunun olamayaca\u011f\u0131n\u0131 s\u00f6yledi. Erdo\u011fan \u015funlar\u0131 kaydetti:<\/p>\n<p style=\"text-align: justify;\">&#8220;Kredi kart\u0131 ma\u011fdurlar\u0131 ifadesi kullan\u0131l\u0131yor, kusura bakmas\u0131nlar kredi kart\u0131n\u0131n ma\u011fduru olmaz. Kredi kart\u0131 nedeniyle bor\u00e7lananlara ayr\u0131 yere koyuyorum ve d\u00fcr\u00fcst bakm\u0131yorum. Fazlas\u0131n\u0131 kullanma hakk\u0131n yok, fazlas\u0131n\u0131 kullan\u0131rsan bedelini de \u00f6demelisin. \u015eimdi diyorlar \u00fczerine \u00e7izgi \u00e7ekin, affedin. Ma\u011fdur olmayanlar\u0131n hakk\u0131 ne olacak. Biz burada arac\u0131y\u0131z, biz emanet\u00e7iyiz. Siz bize bir emanet verdiniz, biz bu emaneti adil bir \u015fekilde kullanmak durumunday\u0131z.&#8221;<\/p>\n<p style=\"text-align: justify;\">Enflasyonu y\u00fczde 30&#8217;larda ald\u0131klar\u0131n\u0131 anlatan Erdo\u011fan, &#8220;Biz enflasyonu y\u00fczde 7&#8217;lere indirdik. Gecelik faizlerin y\u00fczde 7 bin 500&#8217;lere \u00e7\u0131kt\u0131\u011f\u0131 g\u00fcnleri hat\u0131rlay\u0131n. 16 banka fona devredildi. Kim \u00f6dedi millet, bu d\u00f6nemde fona devredilen banka var m\u0131? Bakkal d\u00fckkan\u0131 gibi banka kurduklar\u0131 i\u00e7in bunlar oldu, biz buna m\u00fcsaade etmeyiz. Ekonominin standard\u0131n\u0131 hem y\u00fckseltece\u011fiz hem koruyaca\u011f\u0131z&#8221; dedi.<\/p>\n<p style=\"text-align: justify;\"><strong>&#8216;KR\u0130Z TE\u011eET GE\u00c7ECEK&#8217;<\/strong><\/p>\n<p style=\"text-align: justify;\">Ba\u015fbakan Erdo\u011fan televizyon ekranlar\u0131nda, gazete sayfalar\u0131nda, k\u00fcresel krizi istismar etmeye d\u00f6n\u00fck yakla\u015f\u0131mlar\u0131n devam etti\u011fini \u00f6ne s\u00fcrd\u00fc. 2008 Ocak ay\u0131na g\u00f6re T\u00fcrkiye&#8217;de sanayi \u00fcretiminde d\u00fc\u015f\u00fc\u015f\u00fcn oldu\u011funu kaydeden Erdo\u011fan \u015f\u00f6yle konu\u015ftu:<\/p>\n<p style=\"text-align: justify;\">&#8220;2008 Ocak ay\u0131na g\u00f6re sanayi \u00fcretiminde y\u00fczde 21 oran\u0131nda azalma oldu. Bu azalmay\u0131 T\u00fcrkiye&#8217;ye \u00f6zg\u00fc bir durummu\u015f gibi g\u00f6steremeye \u00e7al\u0131\u015f\u0131yorlar. Macaristan, Kore, \u0130spanya, Japonya&#8217;da d\u00fc\u015f\u00fc\u015f oldu. Ayn\u0131 \u015fekilde ihracata bak\u0131yorsunuz y\u00fczde bizde y\u00fczde 26 oran\u0131nda azalma var. Rusya&#8217;da y\u00fczde 50, \u015eili&#8217;de y\u00fczde 41, d\u00fcnyan\u0131n en geli\u015fmi\u015f \u00fclkelerinden Japonya&#8217;da y\u00fczde 46 d\u00fc\u015f\u00fc\u015f var. K\u00fcresel kriz bizim kriz de\u011fil. Bu &#8216;te\u011fet ge\u00e7ecek&#8217; dedi\u011fimde dalga ve g\u0131rg\u0131r ge\u00e7ildi. B\u0131rak\u0131n ge\u00e7sinler. Bu kriz, evet te\u011fet ge\u00e7ecek, T\u00fcrkiye bu krizi en az zararla atlatacak. Krizde &#8216;bire 5 katlad\u0131m&#8217; diyen giri\u015fimciler de var. Zaman gelir karla zarar ortakt\u0131r. Stoklar\u0131n\u0131 buna g\u00f6re yapacaks\u0131n. B\u00f6yle bir d\u00f6nemi dayan\u0131\u015fma i\u00e7erisinde a\u015faca\u011f\u0131z. Ama felaket tellall\u0131\u011f\u0131na \u00e7evirirseniz s\u0131k\u0131nt\u0131lar\u0131n \u00f6n\u00fcne ge\u00e7ilmez. Bu psikolojik bask\u0131ya kimsenin vesile olmamas\u0131 gerekir. Devlet olarak elimizden gelen deste\u011fi g\u00f6sterece\u011fiz.&#8221;<\/p>\n<p style=\"text-align: justify;\"><strong>&#8216;MERKEZ BANKASI&#8217;NIN KARARLARINI \u00d6NEMSEMEL\u0130LER&#8217;<\/strong><\/p>\n<p style=\"text-align: justify;\">Kamu bankalar\u0131n\u0131n d\u0131\u015f\u0131ndaki bankalar\u0131n da Merkez Bankas\u0131&#8217;n\u0131n ald\u0131\u011f\u0131 karar\u0131 \u00f6nemsemeleri gerekti\u011fini ifade eden Recep Tayyip Erdo\u011fan, &#8220;Merkez Bankas\u0131&#8217;n\u0131n ald\u0131\u011f\u0131 karar bir sinyaldir buna g\u00f6re ad\u0131m atmasalar kusura bakmas\u0131nlar kar\u015f\u0131lar\u0131nda bizi bulacaklard\u0131r. Merkez Bankas\u0131&#8217;n\u0131n kararlar\u0131na uymak zoruna de\u011filiz diyebilirler ama normale d\u00f6nd\u00fc\u011f\u00fcnde kap\u0131s\u0131n\u0131 \u00e7alaca\u011f\u0131n kredi verece\u011fin insanlar\u0131n bu insanlar oldu\u011funu unutmamal\u0131lar. Kamu bankas\u0131 piyasay\u0131 balense etmenin sorumlulu\u011fu i\u00e7erisindedirler&#8221; diye konu\u015ftu.<\/p>\n<p style=\"text-align: justify;\">Krize kar\u015f\u0131 tedbirler noktas\u0131nda aktif bir tutum izlediklerini savunan Erdo\u011fan, krizin sinyallerini al\u0131r almaz gerekli tedbirleri ald\u0131klar\u0131n\u0131 s\u00f6yledi. Erdo\u011fan, &#8220;\u015eu anda bu s\u00fcreci ayn\u0131 \u015fekilde devam ettiriyoruz. 30&#8217;dan fazla tedbir ald\u0131k, tedbir alm\u0131yorlar diyorlar. O tedbirlerin yans\u0131mas\u0131 sana \u015f\u00f6yle olmu\u015f ba\u015fkas\u0131na farkl\u0131 olmu\u015ftur. Bug\u00fcn 4&#8217;nc\u00fc paketi de Eski\u015fehir&#8217;de a\u00e7\u0131klad\u0131k. Bu tedbirlerle T\u00fcrkiye&#8217;yi krize kar\u015f\u0131 daha dayanakl\u0131 hale getirece\u011fiz&#8221; dedi.<\/p>\n<p style=\"text-align: justify;\"><strong>&#8216;IMF \u0130LE YAPILAN G\u00d6R\u00dc\u015eMELER&#8217;<\/strong><\/p>\n<p style=\"text-align: justify;\">Ba\u015fbakan recep Tayyip Erdo\u011fan IMF&#8217;den yeni bir teklif paketi geldi\u011fini s\u00f6yleyerek kendileri i\u00e7in kriz kar\u015f\u0131s\u0131nda sa\u011flam durman\u0131n daha \u00f6nemli oldu\u011funu kaydetti. Erdo\u011fan konu\u015fmas\u0131n\u0131 \u015f\u00f6yle tamamlad\u0131:<\/p>\n<p style=\"text-align: justify;\">&#8220;Ne olursa olsun, IMF ile masada kar\u015f\u0131l\u0131kl\u0131 \u00e7\u0131kar\u0131 g\u00f6r\u00fcr\u00fcz. Biz IMF&#8217;nin 50 y\u0131ll\u0131k orta\u011f\u0131y\u0131z. Bug\u00fcne kadar 18 anla\u015fma yap\u0131ld\u0131. Bu anla\u015fmalardan sadece biri bizim d\u00f6nemizde ger\u00e7ekle\u015fti. Sanki IMF bizimle do\u011fdu gibi bir izlenim yaratmaya \u00e7al\u0131\u015f\u0131yorlar. Bir y\u0131ld\u0131r IMF ile imza atm\u0131yoruz. \u00c7\u00fcnk\u00fc getirdikleri tekliflerde \u00fclkemizin menfaatleri g\u00f6z ard\u0131 ediliyor. Ekonomik olmayan dayatmalarla gelirlerse bunu kabul etmeyiz. Teklif \u00fclkemizin ekonomik ko\u015fullar\u0131na uygun olmal\u0131d\u0131r. Farkl\u0131 \u00fclkelerde baz\u0131 \u015feyleri yapabilirler, Gelir \u0130daresi&#8217;ni \u00f6zelle\u015ftirin derse, biz bunu kabul etmeyiz, baz\u0131 kanunlar\u0131 geri almay\u0131z. Mali milat, nerden buldun gibi konularda ba\u015fka uygulamalara ge\u00e7in derlerse ama kusura bakmay\u0131n biz bunlar\u0131 uyguluyoruz. Belediyeler yeni kanuna g\u00f6re b\u00fct\u00e7eden pay\u0131n\u0131 al\u0131yor, bunu kald\u0131ramay\u0131z. Vergiden pay\u0131n\u0131 alamazsa belediyeler \u00e7\u00f6ker. B\u00fct\u00fcn bunlar\u0131 IMF ile g\u00f6r\u00fc\u015f\u00fcyoruz. Anla\u015fma noktas\u0131na varabilirsek anla\u015faca\u011f\u0131z. Aksi, T\u00fcrkiye&#8217;de k\u0131yametin kopmas\u0131 de\u011fildir. Biz yere sa\u011flam bas\u0131yoruz. Y\u00fcrekli giri\u015fimcilerimiz oldu\u011fu s\u00fcrece de evelallah biz yolumuza devam edece\u011fiz. Bu gemide hep beraber gidiyoruz, batarsa hep beraber batar\u0131z, ama biz bu gemiyi bat\u0131rmayaca\u011f\u0131z.&#8221;<\/p>\n<p style=\"text-align: justify;\">Ba\u015fbakan Recep Tayyip Erdo\u011fan, EGS\u0130AD&#8217;daki t\u00f6renin ard\u0131ndan Eski\u015fehir&#8217;den ayr\u0131larak u\u00e7akla \u0130stanbul&#8217;a hareket etti.<\/p>\n<p style=\"text-align: justify;\"><span style=\"color: #888888;\">Kaynak : Vatan Gazetesi<\/span><\/p>\n","protected":false},"excerpt":{"rendered":"<p style=\"text-align: center;\">\n<p style=\"text-align: justify;\">Ba\u015fbakan Erdo\u011fan Vilayet Meydan\u0131&#8217;ndaki toplu a\u00e7\u0131l\u0131\u015f t\u00f6reninin ard\u0131ndan Anemon Otel&#8217;de d\u00fczenlenen Eski\u015fehir Giri\u015fimci Sanayiciler ve \u0130\u015fadamlar\u0131 Derne\u011fi (EGS\u0130AD) taraf\u0131ndan d\u00fczenlenen &#8216;Beyaz Alt\u0131n T\u00fcrkiye Giri\u015fimcilik \u00d6d\u00fclleri&#8217; t\u00f6renine kat\u0131ld\u0131.<\/p>\n<p style=\"text-align: justify;\">Ula\u015ft\u0131rma Bakan\u0131 Binali Y\u0131ld\u0131r\u0131m ile \u00e7ok say\u0131da ki\u015finin kat\u0131ld\u0131\u011f\u0131 ve Galatasaray&#8217;\u0131n eski futbolcusu Hakan \u015e\u00fck\u00fcr&#8217;\u00fcn de \u00f6d\u00fcl ald\u0131\u011f\u0131 t\u00f6rende konu\u015fan Ba\u015fbakan <\/p>\n","protected":false},"author":1,"featured_media":0,"comment_status":"open","ping_status":"closed","sticky":false,"template":"","format":"standard","meta":{"footnotes":""},"categories":[105],"tags":[],"class_list":["post-5400","post","type-post","status-publish","format-standard","hentry","category-gundem","odd"],"_links":{"self":[{"href":"http:\/\/www.korhanyilmaz.com\/index.php?rest_route=\/wp\/v2\/posts\/5400","targetHints":{"allow":["GET"]}}],"collection":[{"href":"http:\/\/www.korhanyilmaz.com\/index.php?rest_route=\/wp\/v2\/posts"}],"about":[{"href":"http:\/\/www.korhanyilmaz.com\/index.php?rest_route=\/wp\/v2\/types\/post"}],"author":[{"embeddable":true,"href":"http:\/\/www.korhanyilmaz.com\/index.php?rest_route=\/wp\/v2\/users\/1"}],"replies":[{"embeddable":true,"href":"http:\/\/www.korhanyilmaz.com\/index.php?rest_route=%2Fwp%2Fv2%2Fcomments&post=5400"}],"version-history":[{"count":0,"href":"http:\/\/www.korhanyilmaz.com\/index.php?rest_route=\/wp\/v2\/posts\/5400\/revisions"}],"wp:attachment":[{"href":"http:\/\/www.korhanyilmaz.com\/index.php?rest_route=%2Fwp%2Fv2%2Fmedia&parent=5400"}],"wp:term":[{"taxonomy":"category","embeddable":true,"href":"http:\/\/www.korhanyilmaz.com\/index.php?rest_route=%2Fwp%2Fv2%2Fcategories&post=5400"},{"taxonomy":"post_tag","embeddable":true,"href":"http:\/\/www.korhanyilmaz.com\/index.php?rest_route=%2Fwp%2Fv2%2Ftags&post=5400"}],"curies":[{"name":"wp","href":"https:\/\/api.w.org\/{rel}","templated":true}]}}