{"id":53994,"date":"2012-08-19T09:28:44","date_gmt":"2012-08-19T06:28:44","guid":{"rendered":"http:\/\/www.korhanyilmaz.com\/?p=53994"},"modified":"2012-08-19T11:34:39","modified_gmt":"2012-08-19T08:34:39","slug":"bakan-sahine-tasli-saldiri","status":"publish","type":"post","link":"http:\/\/www.korhanyilmaz.com\/?p=53994","title":{"rendered":"Bakan \u015eahin&#8217;e ta\u015fl\u0131 sald\u0131r\u0131"},"content":{"rendered":"<p style=\"text-align: center;\"><a href=\"http:\/\/www.korhanyilmaz.com\/wp-content\/uploads\/2012\/08\/H304.jpg\"  class=\"lightview\"><img loading=\"lazy\" decoding=\"async\" class=\"aligncenter  wp-image-53995\" src=\"http:\/\/www.korhanyilmaz.com\/wp-content\/uploads\/2012\/08\/H304.jpg\" alt=\"\" width=\"420\" height=\"210\" \/><\/a><\/p>\n<p style=\"text-align: justify;\">Gezi ve incelemelerde bulunmak \u00fczere Hakkari&#8217;de bulunan \u0130\u00e7i\u015fleri Bakan\u0131 \u0130dris Naim \u015eahin iftar sonras\u0131 Cumhuriyet Caddesi \u00fczerinde esnafla sohbet ederek vatanda\u015flarla birlikte kahvede \u00e7ay i\u00e7mek isterken, ta\u015fl\u0131 sald\u0131r\u0131 ile kar\u015f\u0131la\u015ft\u0131. \u015eahin uzun s\u00fcre yuhaland\u0131.<\/p>\n<p style=\"text-align: justify;\">HAKKAR\u0130- Van&#8217;dan karayolu ile Hakkari&#8217;ye giden \u0130\u00e7i\u015fleri Bakan\u0131 \u0130dris Naim \u015eahin, Hakkari kent merkezine 7 kilometre uzakl\u0131kta bulunan ve 5 g\u00fcn \u00f6nce PKK&#8217;l\u0131lar\u0131n taciz ate\u015fine u\u011frayan Depin polis Kontrol noktas\u0131nda geni\u015f g\u00fcvenlik \u00f6nlemleri alt\u0131nda kar\u015f\u0131land\u0131. Bakan \u015eahin&#8217;in geli\u015fi \u00f6ncesi Polis kontrol noktas\u0131ndan S\u00fcmb\u00fcl Da\u011f\u0131&#8217;na do\u011fru yap\u0131lan ve e\u011fitim ama\u00e7l\u0131 oldu\u011fu belirtilen silah at\u0131\u015flar\u0131 da dikkat \u00e7ekti.\u00a0<!--more--><\/p>\n<p style=\"text-align: justify;\">Van&#8217;dan geni\u015f g\u00fcvenlik \u00f6nlemleri alt\u0131nda ve z\u0131rhl\u0131 ara\u00e7lar\u0131n eskortlo\u011funda 200 kilometrelik yolda Hakkari&#8217;ye giden Bakan \u015eahin&#8217;in konvoyuna helikopterler de havadan e\u015flik etti. Beraberindeki \u0130\u00e7i\u015fleri Bakanl\u0131\u011f\u0131 M\u00fcste\u015far\u0131 Seyfullah Hac\u0131m\u00fcft\u00fco\u011flu, Jandarma Harekat Daire Ba\u015fkan\u0131 T\u00fcmgeneral Mehmet \u00c7\u00f6pten, Jandarma \u0130stibarat Daire Ba\u015fkan\u0131 Kurmay Albay \u015eevket Tekin, Ter\u00f6rle M\u00fccadele Daire Ba\u015fkan\u0131 Cihangir \u00c7elik ve \u00d6zel Herekat Daire Ba\u015fkan\u0131 Cemil Tombul ile Hakkari&#8217;ye gelen Bakan \u015eahin, Depin kontrol noktas\u0131nda Hakkari Valisi Orhan Alimo\u011flu, y\u00fcksekova 3&#8217;nc\u00fc Taktik T\u00fcmen Komutan\u0131 T\u00fcmgeneral \u0130smail Metin Temel, Hakkari Da\u011f ve Komando Tugay Komutan\u0131 Tu\u011fgeneral Muzaffer S\u00f6nmez, kurum amirleri taraf\u0131ndan kar\u015f\u0131land\u0131. Daha sonra z\u0131rhl\u0131 ara\u00e7lar\u0131n eskortlu\u011funda Hakkari \u015fehir merkezine ge\u00e7en Bakan \u015eahin, kald\u0131\u011f\u0131 Sibal otelle ge\u00e7erken, ayn\u0131 caddede kalan esnaflar\u0131 da ziyaret edip sohbet etti. Altay Caddesindeki esnaflarla sohbet eden Bakan \u015eahin, ard\u0131ndan da iftar yeme\u011fine kat\u0131ld\u0131.<\/p>\n<p style=\"text-align: justify;\"><strong>CADDE SAVA\u015e ALANINA D\u00d6ND\u00dc\u00a0<\/strong><\/p>\n<p style=\"text-align: justify;\">Gezi ve incelemelerde bulunmak \u00fczere Hakkari&#8217;de bulunan \u0130\u00e7i\u015fleri Bakan\u0131 \u0130dris Naim \u015eahin iftar sonras\u0131 Cumhuriyet Caddesi \u00fczerinde esnafla sohbet ederek vatanda\u015flarla birlikte kahvede \u00e7ay i\u00e7ti. Bu s\u0131rada bir grup g\u00f6sterici Bakan \u015eahin&#8217;i yuhlay\u0131p, ta\u015f att\u0131. Bakan \u015eahin, korumalar taraf\u0131ndan tedbir ama\u00e7l\u0131 bir kafeye g\u00f6t\u00fcr\u00fcld\u00fc. G\u00f6sterici grubun ta\u015fl\u0131 sald\u0131r\u0131s\u0131 \u00fczerine polis, olaylara m\u00fcdahale etti. Sava\u015f alan\u0131na d\u00f6nen caddede g\u00fcvenlik g\u00f6revlileri, g\u00f6stericileri da\u011f\u0131tmak i\u00e7in biber gaz\u0131 ve tazyikli su kullan\u0131p havaya ate\u015f a\u00e7t\u0131.<\/p>\n<p style=\"text-align: justify;\">\u0130\u00e7i\u015fleri Bakan\u0131 \u015eahin, olaylar\u0131n ard\u0131ndan tedbir ama\u00e7l\u0131 g\u00f6t\u00fcr\u00fcld\u00fc\u011f\u00fc kafede yakla\u015f\u0131k 15 dakika kald\u0131ktan sonra korumalar\u0131 taraf\u0131ndan Hakkari Valili\u011fine g\u00f6t\u00fcr\u00fcld\u00fc. Ya\u015fanan arbede s\u0131ras\u0131nda baz\u0131 polis ile g\u00f6stericiler yaraland\u0131.<\/p>\n<p style=\"text-align: justify;\">Bakan \u015eahin&#8217;in bayram namaz\u0131n\u0131 Valilik Kona\u011f\u0131na yak\u0131n bir camide k\u0131ld\u0131\u011f\u0131 \u00f6\u011frenildi.<\/p>\n<p style=\"text-align: justify;\">Olaylar\u0131n yat\u0131\u015fmas\u0131n\u0131n ard\u0131ndan BDP Hakkari Milletvekili Adil Kurt Cumhuriyet Caddesi&#8217;ne gelerek a\u00e7\u0131klamalarda bulundu.<\/p>\n<p style=\"text-align: justify;\"><a href=\"http:\/\/www.yurtgazetesi.com.tr\/politika\/bakan-sahine-tasli-saldiri-h17407.html\" target=\"_blank\">Kaynak : Yurt Gazetesi<\/a><\/p>\n","protected":false},"excerpt":{"rendered":"<p style=\"text-align: center;\">\n<p style=\"text-align: justify;\">Gezi ve incelemelerde bulunmak \u00fczere Hakkari&#8217;de bulunan \u0130\u00e7i\u015fleri Bakan\u0131 \u0130dris Naim \u015eahin iftar sonras\u0131 Cumhuriyet Caddesi \u00fczerinde esnafla sohbet ederek vatanda\u015flarla birlikte kahvede \u00e7ay i\u00e7mek isterken, ta\u015fl\u0131 sald\u0131r\u0131 ile kar\u015f\u0131la\u015ft\u0131. \u015eahin uzun s\u00fcre yuhaland\u0131.<\/p>\n<p style=\"text-align: justify;\">HAKKAR\u0130- Van&#8217;dan karayolu ile Hakkari&#8217;ye giden \u0130\u00e7i\u015fleri Bakan\u0131 \u0130dris Naim \u015eahin, Hakkari kent merkezine <\/p>\n","protected":false},"author":1,"featured_media":0,"comment_status":"open","ping_status":"open","sticky":false,"template":"","format":"standard","meta":{"footnotes":""},"categories":[105],"tags":[],"class_list":["post-53994","post","type-post","status-publish","format-standard","hentry","category-gundem","odd"],"_links":{"self":[{"href":"http:\/\/www.korhanyilmaz.com\/index.php?rest_route=\/wp\/v2\/posts\/53994","targetHints":{"allow":["GET"]}}],"collection":[{"href":"http:\/\/www.korhanyilmaz.com\/index.php?rest_route=\/wp\/v2\/posts"}],"about":[{"href":"http:\/\/www.korhanyilmaz.com\/index.php?rest_route=\/wp\/v2\/types\/post"}],"author":[{"embeddable":true,"href":"http:\/\/www.korhanyilmaz.com\/index.php?rest_route=\/wp\/v2\/users\/1"}],"replies":[{"embeddable":true,"href":"http:\/\/www.korhanyilmaz.com\/index.php?rest_route=%2Fwp%2Fv2%2Fcomments&post=53994"}],"version-history":[{"count":0,"href":"http:\/\/www.korhanyilmaz.com\/index.php?rest_route=\/wp\/v2\/posts\/53994\/revisions"}],"wp:attachment":[{"href":"http:\/\/www.korhanyilmaz.com\/index.php?rest_route=%2Fwp%2Fv2%2Fmedia&parent=53994"}],"wp:term":[{"taxonomy":"category","embeddable":true,"href":"http:\/\/www.korhanyilmaz.com\/index.php?rest_route=%2Fwp%2Fv2%2Fcategories&post=53994"},{"taxonomy":"post_tag","embeddable":true,"href":"http:\/\/www.korhanyilmaz.com\/index.php?rest_route=%2Fwp%2Fv2%2Ftags&post=53994"}],"curies":[{"name":"wp","href":"https:\/\/api.w.org\/{rel}","templated":true}]}}