{"id":5396,"date":"2009-03-14T15:52:49","date_gmt":"2009-03-14T13:52:49","guid":{"rendered":"http:\/\/www.korhanyilmaz.com\/?p=5396"},"modified":"2009-03-14T15:52:49","modified_gmt":"2009-03-14T13:52:49","slug":"hic-anlayisin-yok-mu","status":"publish","type":"post","link":"http:\/\/www.korhanyilmaz.com\/?p=5396","title":{"rendered":"&#039;Hi\u00e7 anlay\u0131\u015f\u0131n yok mu?&#039;"},"content":{"rendered":"<p style=\"text-align: center;\"><img loading=\"lazy\" decoding=\"async\" class=\"aligncenter size-full wp-image-5397\" title=\"'Hi\u00e7 anlay\u0131\u015f\u0131n yok mu?' \" src=\"http:\/\/www.korhanyilmaz.com\/wp-content\/uploads\/2009\/03\/140320091732047348983.jpg\" alt=\"'Hi\u00e7 anlay\u0131\u015f\u0131n yok mu?' \" width=\"376\" height=\"240\" \/><\/p>\n<p style=\"text-align: justify;\"><strong>Baykal, Erdo\u011fan&#8217;\u0131n &#8216;kredi kart\u0131 ma\u011fduru olmaz, kart borcu olanlara d\u00fcr\u00fcst g\u00f6z\u00fcyle bakmam&#8217; s\u00f6z\u00fcn\u00fc ele\u015ftirdi<\/strong><\/p>\n<p style=\"text-align: justify;\">CHP Genel Ba\u015fkan\u0131 Deniz Baykal bug\u00fcn Mardin&#8217;den Ba\u015fbakan Recep Tayyip Erdo\u011fan&#8217;\u0131n kredi kart\u0131 borcu olanlara d\u00fcr\u00fcst g\u00f6z\u00fcyle bakmam s\u00f6z\u00fcn\u00fc ele\u015ftirdi, &#8220;Senin hi\u00e7 anlay\u0131\u015f\u0131n yok mu?&#8221; diye sordu.<br \/>\nBaykal, partisince Mardin&#8217;de d\u00fczenlenen mitingde yapt\u0131\u011f\u0131 konu\u015fmada ekonomide gelinen son durumu de\u011ferlendirdi.\n<\/p>\n<p style=\"text-align: justify;\">Baykal, tar\u0131msal sulama yapmak i\u00e7in kuyulardan su \u00e7eken 3 bin Mardinli \u00e7ift\u00e7iye 500 trilyon elektrik borcu yaz\u0131ld\u0131\u011f\u0131n\u0131, Mardinli \u00e7ift\u00e7inin \u0130stanbul&#8217;dakif abrikat\u00f6rden daha fazla elektrik bedeli \u00f6dedi\u011fini s\u00f6yledi. <!--more--><\/p>\n<p style=\"text-align: justify;\">Baykal, &#8220;Bu h\u00fck\u00fcmet, Cumhuriyet tarihinin en \u00e7ok para kullanan h\u00fck\u00fcmetidir. En\u00e7ok kaynak kullanan h\u00fck\u00fcmettir. Hi\u00e7bir h\u00fck\u00fcmete bu kadar para nasip olmam\u0131\u015ft\u0131r. Bunlar T\u00fcrkiye&#8217;yi 220 milyar dolar bor\u00e7la ald\u0131lar. 7 y\u0131lda tek ba\u015flar\u0131na 280 milyar dolar ek bor\u00e7 yapt\u0131lar. \u00dcstelik devletin, Cumhuriyetin bug\u00fcne kadar yapt\u0131\u011f\u0131 tesisleri satt\u0131lar ve milyarlarca dolar da ondan para kazand\u0131lar. Ge\u00e7mi\u015fe hakaret, k\u00fcf\u00fcr ettiler ama onlar\u0131n eserleriyle g\u00fcnlerini g\u00fcn ettiler. Peki bu kadar parayla ne yapt\u0131lar?&#8221; diye sordu.<\/p>\n<p style=\"text-align: justify;\">CHP lideri, &#8220;GAP bitti mi, bitmedi. Bunlar geni\u015f, b\u00fcy\u00fck para kulland\u0131lar. Ama o paray\u0131 milletin refah\u0131n\u0131 art\u0131racak, gen\u00e7ler i\u015fverecek, b\u00f6lgeyi kalk\u0131nd\u0131racak istikamette ciddi harcamalara d\u00f6n\u00fc\u015ft\u00fcremediler. Har vurup harman savurdular, g\u00f6steri\u015f harcamalar\u0131 yapt\u0131lar. Harcad\u0131larharcad\u0131lar, T\u00fcrkiye&#8217;yi borca bat\u0131rd\u0131lar. Fabrikalar\u0131n kapamas\u0131na neden oldular. \u00c7ift\u00e7iden KDV al\u0131yorlar, p\u0131rlantadan KDV alm\u0131yorlar. Yani ne hesap, ne Ali Cengiz oyunlar\u0131 bunlar. \u0130thalat\u0131 patlatt\u0131lar, T\u00fcrkiye&#8217;deki fabrikalar yava\u015fyava\u015f kapanmaya ba\u015flad\u0131&#8221; dedi.<\/p>\n<p style=\"text-align: justify;\">Baykal, bug\u00fcn sanayide her 10 tezgahtan 4&#8217;\u00fcn\u00fcn kapand\u0131\u011f\u0131n\u0131, 2008 y\u0131l\u0131kas\u0131m ay\u0131 itibariyle i\u015fsiz say\u0131s\u0131n\u0131n 1 milyon artt\u0131\u011f\u0131n\u0131 belirterek, &#8220;bug\u00fcn 2008 kas\u0131m\u0131nda 2002 kas\u0131m\u0131na g\u00f6re 1 milyon daha fazla i\u015fsiz var. Aral\u0131k, Ocak,\u015eubattaki i\u015fsiz say\u0131lar\u0131 buna dahil de\u011fil&#8221; dedi.<\/p>\n<p style=\"text-align: justify;\"><strong>&#8220;De\u011fi\u015fim ka\u00e7\u0131n\u0131lmaz hale geldi&#8221;<\/strong><\/p>\n<p style=\"text-align: justify;\">\u00c7al\u0131\u015fanlar\u0131n, kazand\u0131klar\u0131n\u0131n yar\u0131s\u0131 kadar vergi ve stopaj \u00f6dediklerini, 2009 ocak ay\u0131nda 138 bin ki\u015finin bor\u00e7 \u00f6deyemez hale geldi\u011fini dile getiren Baykal, T\u00fcrkiye&#8217;nin yeni bir anlay\u0131\u015fa ihtiyac\u0131 oldu\u011funu belirtti.<\/p>\n<p style=\"text-align: justify;\">Baykal, &#8220;Bu b\u00f6yle gitmez, b\u00f6yle gitmemeli, art\u0131k bir de\u011fi\u015fim ka\u00e7\u0131n\u0131lmaz hale geldi. Ekonominin, i\u015fsizli\u011fin, \u00e7ift\u00e7inin, esnaf\u0131n hali ortada. Bunca s\u0131k\u0131nt\u0131 var,bunca s\u0131k\u0131nt\u0131l\u0131 olan \u00fclkede bir de ne var? Yolsuzluk var, yolsuzluk. T\u00fcrkiye&#8217;deki yolsuzluklar\u0131n fark\u0131nda m\u0131s\u0131n\u0131z?. Deniz Fenerini biliyor musunuz?. Eskiden ferdi yolsuzluklar yap\u0131l\u0131yordu, \u015fimdi te\u015fkilatl\u0131, dernekle\u015fmi\u015f, \u015firketle\u015fmi\u015f, mevzuatla kanunla yap\u0131lan yolsuzluk, iktidar himayesinde yap\u0131lan yolsuzluk var. Adam Almanya&#8217;da dernek kurmu\u015f. Ramazan m\u00fcbarek ayda cami cami dola\u015fm\u0131\u015f,a\u011fz\u0131ndan bal ak\u0131yor, din ve imandan ba\u015fka bir \u015fey konu\u015fmuyor. \u0130nsanlar da Allah&#8217;\u0131n emri, dinin icab\u0131 yard\u0131m\u0131n\u0131 bunlara teslim etmi\u015f. Paray\u0131 din, iman diye Allah, Peygamber, Kur&#8217;an diye diye toplam\u0131\u015flar. Olur mu b\u00f6yle \u015fey. O parayla T\u00fcrkiye&#8217;de \u015firket kurmu\u015flar, para kazanmaya ba\u015flam\u0131\u015flar. H\u0131rs\u0131zl\u0131\u011f\u0131n bile ahlak\u0131 var. \u00c7ek elini, dinin, kitab\u0131n peygamberin \u00fczerinden&#8221; dedi.<\/p>\n<p style=\"text-align: justify;\"><strong>&#8216;\u00c7ek elini dinin \u00fczerinden&#8217;<\/strong><\/p>\n<p style=\"text-align: justify;\">Deniz Feneri&#8217;nin ne oldu\u011funu biliyor musunuz? \u015eimdi te\u015fkilatl\u0131 yolsuzluk, iktidar himayesinde yap\u0131lan yolsuzluk var. Eskiden devlet hesab\u0131n\u0131 sorard\u0131. \u015eimdi yolsuzluk yapanlar devlete bula\u015fm\u0131\u015f. H\u0131rs\u0131zl\u0131\u011f\u0131n bir ahlak\u0131 var. \u00c7ek elini dinin \u00fczerinden, peygamberin \u00fczerinden. Bunlar dini iman\u0131 kitab\u0131 Kuran\u0131 da aldatmaya \u00e7al\u0131\u015f\u0131yorlar.<\/p>\n<p style=\"text-align: justify;\">Ba\u015fbakan \u015fahsen bana sald\u0131rmaya ba\u015flad\u0131. Yatarken ve kalkt\u0131\u011f\u0131nda akl\u0131nda Deniz Baykal var. Bana k\u0131z\u0131p hareket etmeye \u00e7al\u0131\u015f\u0131yor. Beceremiyor. Y\u00fcz\u00fcne g\u00f6z\u00fcne bula\u015ft\u0131r\u0131yor. \u0130\u015fi horoz d\u00f6v\u00fc\u015f\u00fcne \u00e7ekmeye \u00e7al\u0131\u015f\u0131yor. Horoz d\u00f6v\u00fc\u015f\u00fcyle benim i\u015fim yok. O horoz d\u00f6v\u00fc\u015f\u00fc senin i\u015fin. Diyor ki meydana gel meydana. \u0130\u015fte geldim. Bak buraya Mardin&#8217;e elimi kolumu sallayarak, anam\u0131n babam\u0131n evine gelir gibi geldim. Halk\u0131n paras\u0131yla yolsuzluk yapmad\u0131m.<\/p>\n<p style=\"text-align: justify;\">T\u00fcrkiye&#8217;de bir uyan\u0131\u015f, bir hareketlenme ba\u015fland\u0131. Din iman diye diye can\u0131m\u0131za okudular. \u015eimdi bunu \u00f6nlemek i\u00e7in yol ar\u0131yorlar. Devletin valisi bilsin buras\u0131 hukuk devletidir. Herkes akl\u0131n\u0131 ba\u015f\u0131na als\u0131n. Kimse arkamda AKP var, arkamda Erdo\u011fan var diye g\u00fcvenmesin. AKP ile gelen bir bir APS ile gider. Bunlar gidici, Abbas yolcudur yolcu. Dikkatli olun siz ne olur bu Nevruzda kimsenin burnu kanamas\u0131n. CHP iktidar\u0131nda nevruz devlet ile millet ile el ele \u015f\u00f6len i\u00e7erisinde kutlanacakt\u0131r.<\/p>\n<p style=\"text-align: justify;\"><strong>K\u00dcRT\u00c7E &#8216;HO\u015e GELD\u0130N&#8217;<\/strong><\/p>\n<p style=\"text-align: justify;\">Mardin miting alan\u0131nda kurulan \u0131\u015f\u0131kl\u0131 panoda K\u00fcrt\u00e7e, &#8216;Ba\u015fkan Deniz Baykal Mardin \u015fehrimize ho\u015fgeldin&#8217; yaz\u0131s\u0131 ge\u00e7ti. Baykal, Elbistan&#8217;a da il s\u00f6z\u00fc verdi.<\/p>\n<p style=\"text-align: justify;\"><span style=\"color: #888888;\">Kaynak : Vatan Gazetesi<\/span><\/p>\n","protected":false},"excerpt":{"rendered":"<p style=\"text-align: center;\">\n<p style=\"text-align: justify;\">Baykal, Erdo\u011fan&#8217;\u0131n &#8216;kredi kart\u0131 ma\u011fduru olmaz, kart borcu olanlara d\u00fcr\u00fcst g\u00f6z\u00fcyle bakmam&#8217; s\u00f6z\u00fcn\u00fc ele\u015ftirdi<\/p>\n<p style=\"text-align: justify;\">CHP Genel Ba\u015fkan\u0131 Deniz Baykal bug\u00fcn Mardin&#8217;den Ba\u015fbakan Recep Tayyip Erdo\u011fan&#8217;\u0131n kredi kart\u0131 borcu olanlara d\u00fcr\u00fcst g\u00f6z\u00fcyle bakmam s\u00f6z\u00fcn\u00fc ele\u015ftirdi, &#8220;Senin hi\u00e7 anlay\u0131\u015f\u0131n yok mu?&#8221; diye sordu. Baykal, partisince Mardin&#8217;de d\u00fczenlenen mitingde yapt\u0131\u011f\u0131 konu\u015fmada <\/p>\n","protected":false},"author":1,"featured_media":0,"comment_status":"open","ping_status":"closed","sticky":false,"template":"","format":"standard","meta":{"footnotes":""},"categories":[105],"tags":[],"class_list":["post-5396","post","type-post","status-publish","format-standard","hentry","category-gundem","odd"],"_links":{"self":[{"href":"http:\/\/www.korhanyilmaz.com\/index.php?rest_route=\/wp\/v2\/posts\/5396","targetHints":{"allow":["GET"]}}],"collection":[{"href":"http:\/\/www.korhanyilmaz.com\/index.php?rest_route=\/wp\/v2\/posts"}],"about":[{"href":"http:\/\/www.korhanyilmaz.com\/index.php?rest_route=\/wp\/v2\/types\/post"}],"author":[{"embeddable":true,"href":"http:\/\/www.korhanyilmaz.com\/index.php?rest_route=\/wp\/v2\/users\/1"}],"replies":[{"embeddable":true,"href":"http:\/\/www.korhanyilmaz.com\/index.php?rest_route=%2Fwp%2Fv2%2Fcomments&post=5396"}],"version-history":[{"count":0,"href":"http:\/\/www.korhanyilmaz.com\/index.php?rest_route=\/wp\/v2\/posts\/5396\/revisions"}],"wp:attachment":[{"href":"http:\/\/www.korhanyilmaz.com\/index.php?rest_route=%2Fwp%2Fv2%2Fmedia&parent=5396"}],"wp:term":[{"taxonomy":"category","embeddable":true,"href":"http:\/\/www.korhanyilmaz.com\/index.php?rest_route=%2Fwp%2Fv2%2Fcategories&post=5396"},{"taxonomy":"post_tag","embeddable":true,"href":"http:\/\/www.korhanyilmaz.com\/index.php?rest_route=%2Fwp%2Fv2%2Ftags&post=5396"}],"curies":[{"name":"wp","href":"https:\/\/api.w.org\/{rel}","templated":true}]}}