{"id":53938,"date":"2012-08-14T08:26:07","date_gmt":"2012-08-14T05:26:07","guid":{"rendered":"http:\/\/www.korhanyilmaz.com\/?p=53938"},"modified":"2012-08-15T10:58:50","modified_gmt":"2012-08-15T07:58:50","slug":"disislerinde-isyan","status":"publish","type":"post","link":"http:\/\/www.korhanyilmaz.com\/?p=53938","title":{"rendered":"D\u0131\u015fi\u015fleri\u2019nde isyan"},"content":{"rendered":"<p style=\"text-align: justify;\"><a href=\"http:\/\/www.korhanyilmaz.com\/wp-content\/uploads\/2012\/08\/H291.jpg\"  class=\"lightview\"><img loading=\"lazy\" decoding=\"async\" class=\"aligncenter size-full wp-image-53939\" title=\"\" src=\"http:\/\/www.korhanyilmaz.com\/wp-content\/uploads\/2012\/08\/H291.jpg\" alt=\"\" width=\"356\" height=\"200\" \/><\/a><\/p>\n<p style=\"text-align: justify;\">G\u00f6revdeki ve emekli b\u00fcy\u00fckel\u00e7iler Ayd\u0131nl\u0131k\u2019a mektup yollad\u0131.<\/p>\n<p style=\"text-align: justify;\"><strong>\u2018M\u00fcste\u015far vatana ihanetten yarg\u0131lan\u0131r\u2019\u00a0<\/strong><\/p>\n<p style=\"text-align: justify;\">B\u00fcy\u00fckel\u00e7iler g\u00f6nderdikleri mektupta, AKP\u2019nin d\u0131\u015f politikadaki vahim hatalar\u0131na dikkat \u00e7ekti: Diplomasi bilmeyen D\u0131\u015fi\u015fleri Bakan\u0131 Davuto\u011flu\u2019nun t\u00fcm yanl\u0131\u015flar\u0131ndan M\u00fcste\u015far Sinirlio\u011flu da sorumlu. T\u00fcrkiye\u2019nin toprak kayb\u0131 ve b\u00f6l\u00fcnmesine dair en k\u00fc\u00e7\u00fck ihtimal dahi m\u00fcste\u015far\u0131 vatana ihanetten tarih \u00f6n\u00fcnde yarg\u0131lar.\u00a0<!--more--><\/p>\n<p style=\"text-align: justify;\">D\u0131\u015fi\u015fleri\u2019nden emekli olmu\u015f b\u00fcy\u00fckel\u00e7ilerle, halen g\u00f6revde olan baz\u0131 b\u00fcy\u00fckel\u00e7iler ve ba\u015fkonsoloslar izlenen politikalar\u0131 ele\u015ftirdi. Yap\u0131lan yanl\u0131\u015flardan M\u00fcste\u015far Sinirlio\u011flu\u2019nu da sorumlu tutan diplomatlar, uluslararas\u0131 hukuka uymayan politikalar izlendi\u011fini, Davuto\u011flu\u2019nun da diplomasiyi bilmedi\u011fini ifade etti.<\/p>\n<p style=\"text-align: justify;\">\u201cKimimiz halen g\u00f6revdeyiz, kimimizin de evlat ve yak\u0131nlar\u0131 D\u0131\u015fi\u015fleri\u2019nde diplomat. \u2018Onlara zarar gelmesin\u2019 diye ad\u0131m\u0131z\u0131 yazam\u0131yoruz. Yeni bask\u0131 ve korkutmalar\u0131 g\u00f6ze alamad\u0131k\u201d notu d\u00fc\u015ferek \u201cBir grup muvazzaf ve emekli b\u00fcy\u00fckel\u00e7i ve ba\u015fkonsolos\u201d imzas\u0131yla Ayd\u0131nl\u0131k\u2019a mektup g\u00f6nderen diplomatlar \u015fu noktalara dikkat \u00e7ektiler:<\/p>\n<p style=\"text-align: justify;\"><strong>Erbil Kerk\u00fck ziyareti\u00a0<\/strong><\/p>\n<p style=\"text-align: justify;\">\u201cBir yandan D\u0131\u015fi\u015fleri Bakan\u0131 Ahmet Davuto\u011flu\u2019nun son Erbil ve Kerk\u00fck ziyareti, Irak H\u00fck\u00fcmeti\u2019nin protestosu, Bakan\u0131 tutuklayabilirdik vurgulamalar\u0131, T\u00fcrk H\u00fck\u00fcmeti\u2019ne verdi\u011fi Nota ve di\u011fer yandan y\u0131llardan beri Irak\u2019\u0131n toprak b\u00fct\u00fcnl\u00fc\u011f\u00fcn\u00fc savunan T\u00fcrkiye\u2019nin, bu tutumunu hi\u00e7e sayan ve en az\u0131ndan uluslararas\u0131 hukuka uymayan bu d\u0131\u015f politika eylemi, bu \u00fclkede bir D\u0131\u015fi\u015fleri Bakanl\u0131\u011f\u0131 M\u00fcste\u015far\u0131 yok mu, b\u0131rak\u0131n\u0131z ulusal \u00e7\u0131karlar\u0131m\u0131z\u0131 en az\u0131ndan basit diplomasi kurallar\u0131 konusunda Bakan\u0131 uyarabilecek bir D\u0131\u015fi\u015fleri b\u00fcrokrat\u0131 yok mu? Sorular\u0131n\u0131 ak\u0131llara getirmektedir.\u201d<\/p>\n<p style=\"text-align: justify;\"><a href=\"http:\/\/www.aydinlikgazete.com\/mansetler\/14438-disislerinde-isyan.html\" target=\"_blank\">Kaynak : Ayd\u0131nl\u0131k Gazetesi<\/a><\/p>\n","protected":false},"excerpt":{"rendered":"<p style=\"text-align: justify;\">\n<p style=\"text-align: justify;\">G\u00f6revdeki ve emekli b\u00fcy\u00fckel\u00e7iler Ayd\u0131nl\u0131k\u2019a mektup yollad\u0131.<\/p>\n<p style=\"text-align: justify;\">\u2018M\u00fcste\u015far vatana ihanetten yarg\u0131lan\u0131r\u2019 <\/p>\n<p style=\"text-align: justify;\">B\u00fcy\u00fckel\u00e7iler g\u00f6nderdikleri mektupta, AKP\u2019nin d\u0131\u015f politikadaki vahim hatalar\u0131na dikkat \u00e7ekti: Diplomasi bilmeyen D\u0131\u015fi\u015fleri Bakan\u0131 Davuto\u011flu\u2019nun t\u00fcm yanl\u0131\u015flar\u0131ndan M\u00fcste\u015far Sinirlio\u011flu da sorumlu. T\u00fcrkiye\u2019nin toprak kayb\u0131 ve b\u00f6l\u00fcnmesine dair en k\u00fc\u00e7\u00fck ihtimal dahi m\u00fcste\u015far\u0131 vatana ihanetten <\/p>\n","protected":false},"author":1,"featured_media":0,"comment_status":"open","ping_status":"open","sticky":false,"template":"","format":"standard","meta":{"footnotes":""},"categories":[105],"tags":[],"class_list":["post-53938","post","type-post","status-publish","format-standard","hentry","category-gundem","odd"],"_links":{"self":[{"href":"http:\/\/www.korhanyilmaz.com\/index.php?rest_route=\/wp\/v2\/posts\/53938","targetHints":{"allow":["GET"]}}],"collection":[{"href":"http:\/\/www.korhanyilmaz.com\/index.php?rest_route=\/wp\/v2\/posts"}],"about":[{"href":"http:\/\/www.korhanyilmaz.com\/index.php?rest_route=\/wp\/v2\/types\/post"}],"author":[{"embeddable":true,"href":"http:\/\/www.korhanyilmaz.com\/index.php?rest_route=\/wp\/v2\/users\/1"}],"replies":[{"embeddable":true,"href":"http:\/\/www.korhanyilmaz.com\/index.php?rest_route=%2Fwp%2Fv2%2Fcomments&post=53938"}],"version-history":[{"count":0,"href":"http:\/\/www.korhanyilmaz.com\/index.php?rest_route=\/wp\/v2\/posts\/53938\/revisions"}],"wp:attachment":[{"href":"http:\/\/www.korhanyilmaz.com\/index.php?rest_route=%2Fwp%2Fv2%2Fmedia&parent=53938"}],"wp:term":[{"taxonomy":"category","embeddable":true,"href":"http:\/\/www.korhanyilmaz.com\/index.php?rest_route=%2Fwp%2Fv2%2Fcategories&post=53938"},{"taxonomy":"post_tag","embeddable":true,"href":"http:\/\/www.korhanyilmaz.com\/index.php?rest_route=%2Fwp%2Fv2%2Ftags&post=53938"}],"curies":[{"name":"wp","href":"https:\/\/api.w.org\/{rel}","templated":true}]}}