{"id":53920,"date":"2012-08-14T13:42:54","date_gmt":"2012-08-14T10:42:54","guid":{"rendered":"http:\/\/www.korhanyilmaz.com\/?p=53920"},"modified":"2012-08-14T21:49:11","modified_gmt":"2012-08-14T18:49:11","slug":"kilicdaroglundan-erdogana-ucubelerini-sustur","status":"publish","type":"post","link":"http:\/\/www.korhanyilmaz.com\/?p=53920","title":{"rendered":"K\u0131l\u0131\u00e7daro\u011flu&#8217;ndan Erdo\u011fan&#8217;a: Ucubelerini sustur"},"content":{"rendered":"<p style=\"text-align: center;\"><a href=\"http:\/\/www.korhanyilmaz.com\/wp-content\/uploads\/2012\/08\/H286.jpg\"  class=\"lightview\"><img loading=\"lazy\" decoding=\"async\" class=\"aligncenter  wp-image-53921\" src=\"http:\/\/www.korhanyilmaz.com\/wp-content\/uploads\/2012\/08\/H286.jpg\" alt=\"\" width=\"322\" height=\"241\" \/><\/a><\/p>\n<p style=\"text-align: justify;\">Cumhuriyet Halk Partisi Genel Ba\u015fkan\u0131 Kemal K\u0131l\u0131\u00e7daro\u011flu, partisinin grup toplant\u0131s\u0131nda g\u00fcndeme dair a\u00e7\u0131klamalar yap\u0131yor.K\u0131l\u0131\u00e7daro\u011flu, T\u00fcrkiye&#8217;nin i\u00e7inde bulundu\u011fu durum gere\u011fi Meclis&#8217;in tatil yapmamas\u0131 gerekti\u011fini belirterek h\u00fck\u00fcmete, &#8220;\u0130stanbul h\u00fck\u00fcmeti psikolojisinden kurtulun, en son tatil yapacak yer TBMM&#8217;dir&#8221; dedi.<\/p>\n<p style=\"text-align: justify;\">Ankara- CHP Genel Ba\u015fkan\u0131 Kemal K\u0131l\u0131\u00e7daro\u011flu, partisinin TBMM Grup Toplant\u0131s\u0131&#8217;nda yapt\u0131\u011f\u0131 konu\u015fmada, T\u00fcrkiye&#8217;nin sorunlar\u0131n en yo\u011fun ya\u015fand\u0131\u011f\u0131 bir s\u00fcre\u00e7te TBMM&#8217;de, halk\u0131n iradesinin tecelli etti\u011fi yerde olduklar\u0131n\u0131 s\u00f6yledi.<!--more--><\/p>\n<p style=\"text-align: justify;\">&#8221;Bug\u00fcn tarihi sorumlulu\u011fu yeniden y\u00fcklenmi\u015f vatan\u0131na ve milletine ba\u011fl\u0131 CHP Grubu olarak yeniden bir araya geldik&#8221; ifadesini kullanan K\u0131l\u0131\u00e7daro\u011flu, &#8221;Bug\u00fcn salonunda &#8216;Egemenlik kay\u0131ts\u0131z \u015farts\u0131z milletindir&#8217; diyen bir parlamentoda \u00fclkenin en ac\u0131 sorunlar\u0131n\u0131 dile getirmek i\u00e7in bir araya geldik. &#8216;Ac\u0131 sorunlara \u00e7\u00f6z\u00fcm \u00fcretelim, millet \u00e7\u00f6z\u00fcm bekliyor&#8217; demek i\u00e7in bir araya geldik&#8221; diye konu\u015ftu.<\/p>\n<p style=\"text-align: justify;\"><strong>&#8221;TBMM, \u00e7al\u0131\u015f\u0131lacak yerdir&#8221;\u00a0<\/strong><\/p>\n<p style=\"text-align: justify;\">Partisinin, TBMM&#8217;nin ola\u011fan\u00fcst\u00fc toplanmas\u0131na y\u00f6nelik \u00e7a\u011fr\u0131s\u0131n\u0131 da de\u011ferlendiren K\u0131l\u0131\u00e7daro\u011flu, \u015f\u00f6yle devam etti:<\/p>\n<p style=\"text-align: justify;\">&#8221;S\u0131n\u0131rlar\u0131m\u0131z\u0131 topyekun barut f\u0131\u00e7\u0131s\u0131na d\u00f6n\u00fc\u015ft\u00fcren geli\u015fmeler var. \u0130\u00e7 ve d\u0131\u015f g\u00fcvenlik, ciddi tehditler alt\u0131nda. Sosyal bar\u0131\u015f\u0131 tehdit eden provokasyona a\u00e7\u0131k \u015fu g\u00fcnlerde, en son tatil yapmas\u0131 gereken TBMM&#8217;dir. TBMM, yan gelip yatanlar\u0131n oturdu\u011fu bir yer de\u011fildir, \u00e7al\u0131\u015f\u0131lacak bir yerdir. En son kap\u0131lar\u0131n\u0131 kapatmas\u0131 gereken yer TBMM&#8217;dir. Ola\u011fan\u00fcst\u00fc ko\u015fullar\u0131n ya\u015fand\u0131\u011f\u0131 \u015fu g\u00fcnlerde buray\u0131 kapal\u0131 tutmak halk\u0131n iradesine sayg\u0131s\u0131zl\u0131kt\u0131r. Bu toplant\u0131 \u00e7a\u011fr\u0131s\u0131n\u0131 demokrasisi normal i\u015fleyen bir \u00fclkede iktidar partisi yapar ama biz de iktidar partisi parlamentoya hesap, bilgi vermekten korktu\u011fu i\u00e7in CHP toplant\u0131ya \u00e7a\u011f\u0131rd\u0131.<\/p>\n<p style=\"text-align: justify;\">TBMM toplumsal ortak akl\u0131n da mekan\u0131d\u0131r. Siz bunu reddediyorsan\u0131z, demokrasi a\u00e7\u0131s\u0131ndan s\u0131n\u0131fta kalm\u0131\u015fs\u0131n\u0131z demektir. Onun i\u00e7in parlamentoyu a\u00e7aca\u011f\u0131z. Aksi halde TBMM&#8217;yi by-pass etmi\u015f olursunuz, g\u00f6rmezden gelirsiniz. Bu demokrasiye, milli iradeye ayk\u0131r\u0131d\u0131r, do\u011fru de\u011fildir. TBMM&#8217;de sorunlar\u0131n tart\u0131\u015f\u0131ld\u0131\u011f\u0131 bir mekan olarak hepimizin bulunmas\u0131 ve sorunlara \u00e7\u00f6z\u00fcm \u00fcretmesi gerekir. Milli iradeyi d\u0131\u015flarsan\u0131z toplumsal ortak akl\u0131 da d\u0131\u015flam\u0131\u015f olursunuz. Kendilerini ve \u00fclkeyi batakl\u0131\u011fa s\u00fcr\u00fcklediler. Bu ortamda sesini \u00e7\u0131karmas\u0131 gereken tek yer TBMM&#8217;dir. Bu iktidar\u0131 o batakl\u0131ktan kurtarmas\u0131 gereken tek yer yer TBMM&#8217;dir.&#8221;<\/p>\n<p style=\"text-align: justify;\">H\u00fck\u00fcmete, &#8221;\u0130\u015fgal devletinden talimat alan \u0130stanbul h\u00fck\u00fcmeti psikolojisinden art\u0131k kurtulun, milli irade var burada&#8221; diye seslenen K\u0131l\u0131\u00e7daro\u011flu, &#8221;Gelin Ankara&#8217;ya, TBMM&#8217;ye, korkmay\u0131n. Cesur olun, y\u00fcrekli olun. \u00dclkenin sorunlar\u0131na sahip \u00e7\u0131k\u0131n&#8221; dedi.<\/p>\n<p style=\"text-align: justify;\">TBMM&#8217;yi \u00fclkenin en ac\u0131 sorunlar\u0131na \u00e7\u00f6z\u00fcm \u00fcretmesi i\u00e7in toplant\u0131ya \u00e7a\u011f\u0131rd\u0131klar\u0131n\u0131 belirten K\u0131l\u0131\u00e7daro\u011flu, &#8221;(Bu fuzuli bir i\u015ftir) diye de\u011ferlendirmek, millet iradesine sayg\u0131s\u0131zl\u0131kt\u0131r. Hele hele TBMM&#8217;yi toplamay\u0131 ter\u00f6r \u00f6rg\u00fct\u00fc propagandas\u0131 olarak g\u00f6ren zihniyeti de milletin vicdan\u0131na havale ediyorum&#8221; \u015feklinde konu\u015ftu.<\/p>\n<p style=\"text-align: justify;\"><strong>&#8221;Muhalefete muhalefet&#8230;&#8221;\u00a0<\/strong><\/p>\n<p style=\"text-align: justify;\">T\u00fcrkiye&#8217;de 3 \u00e7e\u015fit parti bulundu\u011funu, birincisinin anamuhalefet partisi, ikincisinin anamuhlefet partisine muhalefet eden iktidar partisi, \u00fc\u00e7\u00fcnc\u00fcs\u00fcn\u00fcn ise anamuhalefet partisine muhalefet eden muhalefet partisi oldu\u011funu ifade eden K\u0131l\u0131\u00e7daro\u011flu, s\u00f6zlerini \u015f\u00f6yle s\u00fcrd\u00fcrd\u00fc:<\/p>\n<p style=\"text-align: justify;\">&#8221;Anamuhalefet partisinin iktidar\u0131, iktidar\u0131n anamuhalefeti ele\u015ftirmesi anla\u015f\u0131l\u0131r bir olayd\u0131r ama sa\u011fl\u0131kl\u0131 \u00e7al\u0131\u015fan bir demokrasilerde muhalefet partilerinin muhalefet partilerini ele\u015ftirmesi sa\u011fl\u0131kl\u0131 de\u011fildir. Samimiyetsiz, tutars\u0131z bir davran\u0131\u015ft\u0131r. \u0130ktidar yana\u015fmal\u0131\u011f\u0131 yap\u0131larak iktidar olunmaz. Bunlar\u0131n iktidar beklentileri yoktur.<\/p>\n<p style=\"text-align: justify;\">Siyasete at\u0131ld\u0131\u011f\u0131m g\u00fcnden beri \u00f6zenle korudu\u011fum bir ilke var. Muhalefete, muhalefet etmek gibi bir kolayc\u0131l\u0131\u011fa asla girmedim. Bizim hedefimiz iktidar partisidir. Muhalefete, muhalefet etmek kolayc\u0131l\u0131kt\u0131r. \u0130ktidar hedefi olmayanlar bunu yapar. Bizim hedefimiz var, biz iktidar olmaya aday\u0131z. \u0130ktidar olmak istiyoruz. Muhalefet partileriyle ilgili olarak konu\u015ftu\u011fum zaman ne kadar \u00f6l\u00e7\u00fcl\u00fc ve ne kadar nazik bir dil kulland\u0131\u011f\u0131m\u0131 herkes kabul eder. B\u00f6yle olmas\u0131 gerekiyor. Benim g\u00f6revim, bu \u00fclkede karde\u015flik ve bar\u0131\u015f iklimini yeniden yaratmakt\u0131r. Hedefimiz budur. Kimseyi g\u00fccendirmek, kimseyi k\u0131rmak gibi bir hedefim yoktur.<\/p>\n<p style=\"text-align: justify;\">Say\u0131n Bah\u00e7eli&#8217;ye k\u00fc\u00e7\u00fck bir sitemimi bildirmek istiyorum. Ter\u00f6rle ilgili \u015fu tespiti yap\u0131yor; &#8216;maalesef T\u00fcrk vatan\u0131 PKK ku\u015fatmas\u0131 alt\u0131na al\u0131nm\u0131\u015f ve soluk alamaz hale getirilmi\u015ftir.&#8217; Bu yorum, bu g\u00f6r\u00fc\u015f son derece tehlikeli, ciddi ve korkutucudur. Madem ki bu kadar ciddi ve tehlikeli ise bunun \u00e7\u00f6z\u00fcm\u00fcn\u00fc, T\u00fcrkiye&#8217;yi bu hale getiren AKP politikalar\u0131na destek vererek mi bulacaks\u0131n\u0131z? Hi\u00e7 kimse unutmas\u0131n, dost da d\u00fc\u015fman da unutmas\u0131n; CHP oldu\u011fu s\u00fcrece T\u00fcrk vatan\u0131 hi\u00e7bir zaman bir ba\u015fka g\u00fcc\u00fcn ku\u015fatmas\u0131 alt\u0131nda olmayacak. Sen korkabilirsin ama bir siyaset\u00e7iye d\u00fc\u015fen g\u00f6rev, halk\u0131 korkutmak, \u00fcrk\u00fctmek de\u011fildir. Halk\u0131n sorular\u0131na \u00e7\u00f6z\u00fcm \u00fcretmek gerekir.&#8221;<\/p>\n<p style=\"text-align: justify;\">K\u0131l\u0131\u00e7daro\u011flu, TBMM d\u0131\u015f\u0131nda hi\u00e7bir g\u00fcc\u00fcn m\u00fcracaat makam\u0131 olarak kabul edilmesini asla benimsemeyeceklerini belirterek, &#8221;Oslo benzeri planlar\u0131n\u0131za asla alet olmayaca\u011f\u0131z. Yabanc\u0131 mahfillerin \u0131s\u0131t\u0131p, T\u00fcrkiye&#8217;nin g\u00fcndemine getirdi\u011fi oyunlara da asla alet olmayaca\u011f\u0131z&#8221; \u015feklinde tepkisini dile getirdi.<\/p>\n<p style=\"text-align: justify;\"><strong>CHP&#8217;li Ayg\u00fcn&#8217;\u00fcn ka\u00e7\u0131r\u0131lmas\u0131\u00a0<\/strong><\/p>\n<p style=\"text-align: justify;\">CHP Tunceli Milletvekili H\u00fcseyin Ayg\u00fcn&#8217;\u00fcn ter\u00f6ristlerce ka\u00e7\u0131r\u0131lmas\u0131na da de\u011finen K\u0131l\u0131\u00e7daro\u011flu, Ayg\u00fcn&#8217;\u00fcn Tunceli&#8217;de halkla ve esnafla g\u00f6r\u00fc\u015ft\u00fc\u011f\u00fcn\u00fc, onlar\u0131n sorunlar\u0131n\u0131 dinledi\u011fini ve partisinin bu sorunlara y\u00f6nelik \u00e7\u00f6z\u00fcmlerini anlatt\u0131\u011f\u0131n\u0131 ifade etti.<\/p>\n<p style=\"text-align: justify;\">&#8221;Ka\u00e7\u0131r\u0131lma eylemini \u015fiddetle k\u0131n\u0131yoruz, asla tasvip etmiyoruz&#8221; diyen K\u0131l\u0131\u00e7daro\u011flu, \u015f\u00f6yle konu\u015ftu:<\/p>\n<p style=\"text-align: justify;\">&#8221;Bu, sadece Say\u0131n Ayg\u00fcn&#8217;e y\u00f6neltilmi\u015f bir sald\u0131r\u0131 de\u011fil CHP&#8217;nin kurumsal kimli\u011fini ve de\u011ferlerine, parlamenter sisteme, TBMM, demokrasi ve insan haklar\u0131na y\u00f6nelik bir sald\u0131r\u0131d\u0131r. Benimsemiyoruz, \u015fiddetle k\u0131n\u0131yoruz.<\/p>\n<p style=\"text-align: justify;\">Say\u0131n Ayg\u00fcn, halk\u0131n oylar\u0131yla se\u00e7ilmi\u015f, halk ad\u0131na g\u00f6rev yap\u0131yordu. Silahs\u0131zd\u0131, korumas\u0131zd\u0131 ve kimse i\u00e7in tehlike olu\u015fturmuyordu. Herkesin ortak bir paydada bulu\u015fup, bu olay\u0131 \u015fiddetle k\u0131namas\u0131 gerekti\u011fini inan\u0131yorduk. Karadeniz&#8217;den, Ege&#8217;den, Do\u011fu Anadolu&#8217;dan, G\u00fcneydo\u011fu Anadolu&#8217;dan, Akdeniz&#8217;den t\u00fcm yurtta\u015flar\u0131n, 7 b\u00f6lgeden, 4 iklimden herkesin \u015fiddetle k\u0131namas\u0131ndan huzurluyum, m\u00fcsterihim.<\/p>\n<p style=\"text-align: justify;\">Hal b\u00f6yleyken milletvekilimizin ka\u00e7\u0131r\u0131l\u0131\u015f\u0131na baz\u0131lar\u0131, &#8216;oh olsun&#8217; diyebiliyor. Bunlara &#8216;ahlak fukaras\u0131&#8217; bile demiyorum, parlamenter bile demiyorum, bunlar insan bile olamazlar. Arkada\u015f\u0131m\u0131z korunmam\u0131\u015ft\u0131r. \u015eimdi diyecekler ki &#8216;bizden koruma istemedi.&#8217; Bu sadece koruma g\u00f6revini yapmayanlar\u0131n s\u0131\u011f\u0131nd\u0131klar\u0131 bir aland\u0131r. Devletin karayolunda sen g\u00fcvenli\u011fi sa\u011flamak zorunda de\u011fil misin? Hani her metrekareden sen sorumluydun? Ak\u0131l alacak i\u015f de\u011fildir. Bu arkada\u015f\u0131m\u0131z, &#8216;devlet var&#8217; g\u00fcvencesiyle oraya gidiyor. Arkada\u015flar\u0131m\u0131z \u015eemdinli&#8217;ye Hakkari&#8217;ye gittiler. Biz koruma istemiyoruz. Gitti\u011fimiz her yer T\u00fcrkiye Cumhuriyeti topraklar\u0131d\u0131r. Devletin oldu\u011fu yerde e\u015fk\u0131ya olmaz. Varsa devlet nerede h\u00fck\u00fcmet nerede? Bu soruyu sorar\u0131z.&#8221;<\/p>\n<p style=\"text-align: justify;\">Ayg\u00fcn&#8217;\u00fcn ter\u00f6ristlerce ka\u00e7\u0131r\u0131lmas\u0131n\u0131n ter\u00f6re bak\u0131\u015f a\u00e7\u0131lar\u0131n\u0131 de\u011fi\u015ftirmeyece\u011fini belirten K\u0131l\u0131\u00e7daro\u011flu, &#8221;En yak\u0131nlar\u0131m\u0131za y\u00f6nelmi\u015f dahi olsa ter\u00f6r\u00fcn d\u00fc\u015f\u00fcnce, zihin d\u00fcnyam\u0131z\u0131, de\u011ferler sistemimizi y\u00f6netmesine belirlemesine asla izin vermeyece\u011fiz. \u0130nad\u0131na demokrasi diyece\u011fiz. Ter\u00f6r\u00fc biz \u00e7\u00f6zeriz. Ter\u00f6r\u00fc ancak ve ancak CHP \u00e7\u00f6zer&#8221; diye konu\u015ftu.<\/p>\n<p style=\"text-align: justify;\"><strong>&#8221;T\u00fcrkiye \u00e7aresiz de\u011fildir&#8221;\u00a0<\/strong><\/p>\n<p style=\"text-align: justify;\">K\u0131l\u0131\u00e7daro\u011flu, partisinin Grup Toplant\u0131s\u0131&#8217;ndaki konu\u015fmas\u0131nda, h\u00fck\u00fcmetin T\u00fcrkiye&#8217;yi s\u0131f\u0131r ter\u00f6r noktas\u0131ndan devral\u0131p, bug\u00fcn ter\u00f6r batakl\u0131\u011f\u0131na soktu\u011funu kaydetti.<\/p>\n<p style=\"text-align: justify;\">Hi\u00e7 kimsenin kendisini \u00e7aresizli\u011fe mahkum hissetmemesi gerekti\u011fini belirten K\u0131l\u0131\u00e7daro\u011flu, &#8221;T\u00fcrkiye \u00e7aresiz de\u011fildir, T\u00fcrkiye aciz de\u011fildir. \u00c7aresi de vard\u0131r, adresi de vard\u0131r, o adres CHP&#8217;dir&#8221; diye konu\u015ftu.<\/p>\n<p style=\"text-align: justify;\"><strong>&#8220;Ucubelerini sustur&#8221;\u00a0<\/strong><\/p>\n<p style=\"text-align: justify;\">Ba\u015fbakan&#8217;a bir \u00e7a\u011fr\u0131s\u0131 oldu\u011funu ifade eden K\u0131l\u0131\u00e7daro\u011flu, &#8221;\u015eehitlerimizi k\u00fc\u00e7\u00fcmseyen, milletvekili arkada\u015f\u0131m\u0131z i\u00e7in &#8216;oh olsun&#8217; diyen ucubelerini susturmas\u0131n\u0131 istiyorum&#8221; dedi.<\/p>\n<p style=\"text-align: justify;\">Sorunlar\u0131n da\u011f gibi y\u0131\u011f\u0131ld\u0131\u011f\u0131n\u0131, i\u00e7 ve d\u0131\u015f g\u00fcvenli\u011fin ciddi tehlike alt\u0131nda oldu\u011funu bildi\u011fini vurgulayan K\u0131l\u0131\u00e7daro\u011flu, sorunlar\u0131n b\u00fcy\u00fckl\u00fc\u011f\u00fcn\u00fcn ise kendisini asla y\u0131ld\u0131rmad\u0131\u011f\u0131n\u0131 s\u00f6yledi.<\/p>\n<p style=\"text-align: justify;\">CHP olarak b\u00fct\u00fcn bu sorunlar\u0131 \u00e7\u00f6zebileceklerini ifade eden K\u0131l\u0131\u00e7daro\u011flu, as\u0131l \u00f6nemli olan\u0131n ise bu noktaya nas\u0131l gelindi\u011finin sorgulanmas\u0131 oldu\u011funu kaydetti.<\/p>\n<p style=\"text-align: justify;\">&#8221;\u00dclkede siyasi bir y\u00f6netim bo\u015flu\u011fu&#8221; oldu\u011funu kaydeden K\u0131l\u0131\u00e7daro\u011flu, \u015f\u00f6yle konu\u015ftu:<\/p>\n<p style=\"text-align: justify;\">&#8221;Bu tespitimi baz\u0131 \u00e7evreler abart\u0131l\u0131 bulabilirler. T\u00fcrkiye&#8217;de son bir y\u0131ld\u0131r ciddi bir y\u00f6netim bo\u015flu\u011fu var. Aksini iddia eden varsa, \u00e7\u0131ks\u0131n s\u00f6ylesin. Biz iddia ediyoruz. \u00dclkemizin i\u00e7ine s\u00fcr\u00fcklendi\u011fi durum ortada. Son bir y\u0131ld\u0131r sa\u011fl\u0131kl\u0131 siyasetten s\u00f6z edemeyiz, \u00e7\u00fcnk\u00fc siyaset \u00fcretilmiyor. \u0130\u015f ba\u015f\u0131nda i\u015f \u00fcretmeyen bir siyasi y\u00f6netim olursa geldi\u011fimiz nokta ortada. \u0130ktidar partisi T\u00fcrkiye&#8217;nin en temel sorunlar\u0131na ne t\u00fcr \u00e7\u00f6z\u00fcmler \u00fcretti, hangi siyaseti belirledi? Sorun kendi kendinize. B\u00fct\u00fcn vatanda\u015flar ellerini vicdanlar\u0131na koyup sorsunlar, AKP ter\u00f6r konusunda hangi \u00e7\u00f6z\u00fcm\u00fc, politikay\u0131 \u00fcretti. Alt alta koyup ben size s\u0131ralayay\u0131m. Ter\u00f6r konusunda AKP&#8217;nin politikas\u0131, &#8216;ben m\u00fccadele edece\u011fim, ABD anl\u0131k istihbarat versin.&#8217; Anl\u0131k istihbarat verdiler, Uludere&#8217;de 34 vatanda\u015f\u0131m\u0131z\u0131 katlettiler. Elin istihbarat\u0131na g\u00fcvenirsen ba\u015f\u0131na bu gelir. &#8216;Barzani b\u00f6lgesindeki PKK&#8217;l\u0131lar\u0131 temizlesin.&#8217; Say\u0131n D\u0131\u015fi\u015fleri Bakan\u0131, gitti oraya, d\u00f6nd\u00fckten sonra Barzani&#8217;nin verdi\u011fi deme\u00e7, &#8216;iki taraf da silahlar\u0131 sustursun&#8217;, &#8216;b\u00f6lge \u00fclkeleri PKK&#8217;ya verdi\u011fi deste\u011fi \u00e7eksin&#8217; &#8216;T\u00fcrkiye&#8217;de muhalefet hi\u00e7 konu\u015fmas\u0131n&#8217;, &#8216;medya olay\u0131 g\u00f6rmesin ve b\u00fcy\u00fctmesin.&#8217; \u015eehitler gelecek, 8&#8217;er 10&#8217;ar gelecek, kimse g\u00f6rmeyecek.&#8221;<\/p>\n<p style=\"text-align: justify;\">Bir gazetecinin Ba\u015fbakan&#8217;a &#8221;Ter\u00f6r \u00f6rg\u00fct\u00fcn\u00fcn G\u00fcneydo\u011fu&#8217;da alt yap\u0131s\u0131 olu\u015ftu, bu deste\u011fi nas\u0131l keseceksiniz say\u0131n Ba\u015fbakan&#8221; diye sordu\u011funu an\u0131msatan K\u0131l\u0131\u00e7daro\u011flu, &#8221;Verdi\u011fi cevap, &#8216;\u015fuanda bizim milletvekillerimiz, kad\u0131n kollar\u0131m\u0131z o b\u00f6lgede 350 bin yard\u0131m kolisi da\u011f\u0131tt\u0131lar.&#8217; Ter\u00f6rle m\u00fccadele konusunda bu kadar s\u0131\u011f d\u00fc\u015f\u00fcnen bir Ba\u015fbakan g\u00f6rd\u00fcn\u00fcz m\u00fc? D\u00fcnyada \u00f6rne\u011fi yoktur&#8221; diye konu\u015ftu.<\/p>\n<p style=\"text-align: justify;\">T\u00fcrkiye&#8217;de bir y\u0131ld\u0131r siyaset bo\u015flu\u011fu oldu\u011funu yineleyen K\u0131l\u0131\u00e7daro\u011flu, \u015f\u00f6yle konu\u015ftu:<\/p>\n<p style=\"text-align: justify;\">&#8221;Kimin neyi, nas\u0131l y\u00f6netti\u011fi belli de\u011fil. E\u011fer siz kendi \u00fclkenizin sorunlar\u0131n\u0131 \u00e7\u00f6zmek i\u00e7in, kendi \u00f6zg\u00fcn \u00e7\u00f6z\u00fcmlerini \u00fcretemezseniz, d\u0131\u015f mahfillerde sizin sorunlar\u0131n\u0131za \u00e7\u00f6z\u00fcm \u00fcretilir, size dayat\u0131l\u0131r, siz \u00e7\u00f6z\u00fcm \u00fcretece\u011fim derken T\u00fcrkiye&#8217;yi batakl\u0131\u011fa s\u00fcr\u00fcklersiniz. Geldi\u011fimiz nokta budur. Siyasetin olmad\u0131\u011f\u0131, \u00e7\u00f6z\u00fcm \u00fcretmedi\u011fi yerde sorunlar b\u00fcy\u00fcr.&#8221;<\/p>\n<p style=\"text-align: justify;\"><strong>&#8221;D\u0131\u015f politikada bl\u00f6f olmaz&#8221;\u00a0<\/strong><\/p>\n<p style=\"text-align: justify;\">CHP Genel Ba\u015fkan\u0131 Kemal K\u0131l\u0131\u00e7daro\u011flu, H\u00fck\u00fcmetin Suriye politikas\u0131n\u0131 ele\u015ftirerek, &#8221;D\u0131\u015f politikada bl\u00f6f olmaz, egemen g\u00fc\u00e7lerin Ortado\u011fu&#8217;daki ta\u015feronlu\u011fu 21. y\u00fczy\u0131l\u0131n T\u00fcrkiye&#8217;sine yak\u0131\u015fmaz, bunu kabul etmiyoruz, o ta\u015feronluk size \u00f6zg\u00fcd\u00fcr&#8221; dedi.<\/p>\n<p style=\"text-align: justify;\">K\u0131l\u0131\u00e7daro\u011flu, partisinin Grup Toplant\u0131s\u0131&#8217;nda Suriye ve g\u00fcndemdeki konulara ili\u015fkin a\u00e7\u0131klamalarda bulundu.<\/p>\n<p style=\"text-align: justify;\">&#8221;Say\u0131n Ba\u015fbakan, sizin Suriye politikan\u0131zdan kim karl\u0131 \u00e7\u0131k\u0131yor, T\u00fcrkiye mi, Suriye mi karl\u0131 \u00e7\u0131k\u0131yor? Bana \u00e7ok a\u00e7\u0131k y\u00fcreklilikle bir cevap ver&#8221; diyen K\u0131l\u0131\u00e7daro\u011flu, &#8221;Senin izledi\u011fin Suriye politikas\u0131 kimin yarar\u0131na, hangi g\u00fc\u00e7lerin yarar\u0131na. Demokrasi kin ve intikam rejimi de\u011fildir. D\u0131\u015f politika kin ve intikamla y\u00fcr\u00fct\u00fclmez&#8221; ifadelerini kulland\u0131.<\/p>\n<p style=\"text-align: justify;\">TBMM&#8217;de Suriye konusunda ortak bir deklarasyon yay\u0131mlanmas\u0131n\u0131 istediklerini ancak iktidar partisinin bunu reddetti\u011fini dile getiren K\u0131l\u0131\u00e7daro\u011flu, &#8221;Neden? Parlamentonun, milletin iradesi yans\u0131mas\u0131n diye&#8230; Peki kimin iradesi yans\u0131yacak, siz benden daha iyi biliyorsunuz&#8221; dedi.<\/p>\n<p style=\"text-align: justify;\">Suriye&#8217;nin par\u00e7alanma noktas\u0131na geldi\u011fini ve ciddi bir tehlike olarak T\u00fcrkiye&#8217;nin kar\u015f\u0131s\u0131nda durdu\u011funu ifade eden K\u0131l\u0131\u00e7daro\u011flu, \u015f\u00f6yle konu\u015ftu:<\/p>\n<p style=\"text-align: justify;\">&#8221;\u0130zlenilen politikan\u0131n sonucu budur. D\u0131\u015f politika \u00fclkelerin \u00e7\u0131karlar\u0131 \u00fczerine in\u015fa edilir. Kendi \u00fclkenizin de\u011filde, ba\u015fka \u00fclkelerin \u00e7\u0131karlar\u0131 \u00fczerine d\u0131\u015f politika in\u015fa ederseniz kaybeden T\u00fcrkiye olur. D\u0131\u015f politikada bl\u00f6f olmaz, egemen g\u00fc\u00e7lerin Ortado\u011fu&#8217;daki ta\u015feronlu\u011fu 21. y\u00fczy\u0131l\u0131n T\u00fcrkiye&#8217;sine yak\u0131\u015fmaz, bunu kabul etmiyoruz, o ta\u015feronluk size \u00f6zg\u00fcd\u00fcr. Suriye demek Libya demek de\u011fildir. Ne yapt\u0131lar, Libya bombaland\u0131, Kaddafi lin\u00e7 edildi. Bizimkiler hemen bir bavul ayarlad\u0131, i\u00e7ine dolarlar\u0131 koydular ko\u015ftular Libya&#8217;ya, &#8216;acaba bize bir \u015fey d\u00fc\u015fer mi?&#8217; diye. A\u015firetler bile bunu yapmaz&#8230;B\u00fct\u00fcn d\u00fcnya size g\u00fcld\u00fc, T\u00fcrkiye alay konusu oldu, a\u011f\u0131r\u0131ma giden bu, koskoca T\u00fcrkiye Cumhuriyeti&#8217;nin AKP&#8217;nin izledi\u011fi politikalarla alay konusu olmas\u0131d\u0131r. E\u011fer d\u00fcnyadaki g\u00fc\u00e7 dengelerini iyi bilmiyorsan\u0131z, kavram\u0131yorsan\u0131z, \u00e7aps\u0131z adamlarla d\u0131\u015f politika y\u00fcr\u00fct\u00fcyorsan\u0131z, sa\u011fl\u0131kl\u0131 bir politika y\u00fcr\u00fctemezsiniz.&#8221;<\/p>\n<p style=\"text-align: justify;\">K\u0131l\u0131\u00e7daro\u011flu, d\u0131\u015f politikan\u0131n D\u0131\u015fi\u015fleri Bakanl\u0131\u011f\u0131&#8217;n\u0131n devre d\u0131\u015f\u0131 b\u0131rak\u0131larak da y\u00fcr\u00fct\u00fclemeyece\u011fini belirterek, orada bilgi birikiminin devre d\u0131\u015f\u0131 b\u0131rak\u0131ld\u0131\u011f\u0131n\u0131 savundu.<\/p>\n<p style=\"text-align: justify;\"><strong>&#8221;1,5 milyon insan \u00f6ld\u00fcr\u00fcld\u00fc, on binlerce M\u00fcsl\u00fcman kad\u0131na tecav\u00fcz edildi&#8221;\u00a0<\/strong><\/p>\n<p style=\"text-align: justify;\">Bug\u00fcn\u00fcn m\u00fcbarek Kadir Gecesi oldu\u011funu an\u0131msatan K\u0131l\u0131\u00e7daro\u011flu, konu\u015fmas\u0131n\u0131 \u015f\u00f6yle s\u00fcrd\u00fcrd\u00fc:<\/p>\n<p style=\"text-align: justify;\">&#8221;Suriye&#8217;de M\u00fcsl\u00fcmanlar, bir birlerini katlediyorlar. Paray\u0131 kim veriyor? Suudi Arabistan ve Katar. Silah\u0131 kim veriyor? B\u00fct\u00fcn d\u00fcnya biliyor, T\u00fcrkiye veriyor. Hala ders almad\u0131n\u0131z m\u0131? Tarihte ders almak denen bir kavram vard\u0131r. Ders alacaks\u0131n\u0131z, Irak&#8217;\u0131 g\u00f6rmediniz mi? 1,5 milyon insan \u00f6ld\u00fcr\u00fcld\u00fc orada, on binlerce M\u00fcsl\u00fcman kad\u0131na tecav\u00fcz edildi orada, askerlerimizin ba\u015f\u0131na \u00e7uval ge\u00e7irildi orada, g\u0131k\u0131n bile \u00e7\u0131kmad\u0131 senin. Ba\u015fbakans\u0131n s\u00f6zde bu \u00fclkede, bir nota vermeye bile cesaretin olmad\u0131 senin. Onun i\u00e7in sana diyorlar, &#8216;deli\u011fe s\u00fcp\u00fcrmeyin bunu kullan\u0131n&#8217; diye. B\u00fct\u00fcn bunlar niye yap\u0131ld\u0131? Irak&#8217;a demokrasiyi g\u00f6t\u00fcreceklerdi. 1,5 milyon insan\u0131n \u00f6l\u00fcm\u00fc hangi demokrasiyle ba\u011fda\u015fabilir. \u015eimdi demokrasi ve \u00f6zg\u00fcrl\u00fck m\u00fc geldi Irak&#8217;a? Ayn\u0131 oyun \u015fimdi Suriye&#8217;de oynan\u0131yor, &#8216;efendim demokrasi yokmu\u015f, insan haklar\u0131, \u00f6zg\u00fcrl\u00fckler yokmu\u015f.&#8217; Adama sormazlar m\u0131? &#8216;Paray\u0131 al\u0131p silah temin etti\u011fin Suudi Arabistan&#8217;da demokrasi mi var? Katar&#8217;da demokrasi mi var? Kendine hi\u00e7 sormuyor musun? Bat\u0131n\u0131n egemen g\u00fc\u00e7leri niye Suudi Arabistan ve Katar&#8217;da demokrasiyi aram\u0131yorlar. Kad\u0131nlar araba bile kullanam\u0131yorlar orada. Kalkm\u0131\u015fs\u0131n, &#8216;Suriye&#8217;de demokrasi yok, \u00f6zg\u00fcrl\u00fck yok&#8217; D\u00f6n kendine bak, senin \u00fclkende demokrasi ve \u00f6zg\u00fcrl\u00fck var m\u0131?&#8221;<\/p>\n<p style=\"text-align: justify;\"><strong>&#8221;Ajanlar\u0131n, casuslar\u0131n cirit att\u0131\u011f\u0131 bir mekana d\u00f6n\u00fc\u015ft\u00fc Hatay&#8221;\u00a0<\/strong><\/p>\n<p style=\"text-align: justify;\">Ba\u015fbakan&#8217;a Hatay&#8217;a gitmesini \u00f6neren K\u0131l\u0131\u00e7daro\u011flu, &#8221;Say\u0131n Ba\u015fbakan l\u00fctfen Hatay&#8217;a gitsin, Hatay sokaklar\u0131n\u0131n nas\u0131l de\u011fi\u015fti\u011fini, insan tipinin ne kadar de\u011fi\u015fti\u011fini g\u00f6rs\u00fcn. Ajanlar\u0131n, casuslar\u0131n cirit att\u0131\u011f\u0131 bir mekana d\u00f6n\u00fc\u015ft\u00fc Hatay. \u0130nsanlar tedirgin, huzursuz&#8230;Sizin izledi\u011finiz politikan\u0131n meyveleridir bunlar say\u0131n Ba\u015fbakan&#8221; diye konu\u015ftu.<\/p>\n<p style=\"text-align: justify;\">Suriye konusunda h\u00fck\u00fcmetin kendi politikas\u0131 oldu\u011funa inanan olup olmad\u0131\u011f\u0131n\u0131 merak etti\u011fini s\u00f6yleyen K\u0131l\u0131\u00e7daro\u011flu, &#8221;Suriye ile ilgili verilen g\u00f6rev, bat\u0131n\u0131n egemen g\u00fc\u00e7lerinin Ortado\u011fu&#8217;daki bek\u00e7ili\u011fini yapmakt\u0131r. Biz bunu kabul etmiyoruz. Beyzbol sopas\u0131 ile tehdide itiraz etmeyen, tehdidi i\u00e7ine sindiren bir h\u00fck\u00fcmeti, sa\u011fl\u0131kl\u0131 bir h\u00fck\u00fcmet olarak g\u00f6rm\u00fcyoruz&#8221; ifadelerini kulland\u0131.<\/p>\n<p style=\"text-align: justify;\">CHP&#8217;nin her soruna \u00e7\u00f6z\u00fcm \u00fcreten parti oldu\u011funu savunan K\u0131l\u0131\u00e7daro\u011flu, Suriye politikas\u0131n\u0131n nas\u0131l olmas\u0131 gerekti\u011fi konusundaki \u00f6nerilerini aktard\u0131.<\/p>\n<p style=\"text-align: justify;\">Bu \u00f6nerileri TBMM Genel Kurulu&#8217;nda anlatmak istedi\u011fini ancak \u00e7o\u011funlu\u011fun sa\u011flanamayaca\u011f\u0131n\u0131 vurgulayan K\u0131l\u0131\u00e7daro\u011flu, o nedenle \u00f6nerileri Grup Toplant\u0131s\u0131&#8217;nda a\u00e7\u0131klad\u0131\u011f\u0131n\u0131 ifade etti.<\/p>\n<p style=\"text-align: justify;\">K\u0131l\u0131\u00e7daro\u011flu, H\u00fck\u00fcmet&#8217;ten, Suriye&#8217;de \u015fiddetin artmamas\u0131, egemenli\u011fin sa\u011fland\u0131\u011f\u0131, insan haklar\u0131na sayg\u0131l\u0131, demokratik ve hukuk \u00fcst\u00fcnl\u00fc\u011f\u00fcn\u00fcn olmas\u0131n\u0131 istiyorsa \u00f6nerilerini dikkate almalar\u0131n\u0131 istedi.<\/p>\n<p style=\"text-align: justify;\"><strong>Suriye i\u00e7in \u00e7\u00f6z\u00fcm \u00f6nerisi\u00a0<\/strong><\/p>\n<p style=\"text-align: justify;\">K\u0131l\u0131\u00e7daro\u011flu, daha sonra Suriye i\u00e7in partisinin \u00e7\u00f6z\u00fcm \u00f6nerilerini de a\u00e7\u0131klad\u0131.<\/p>\n<p style=\"text-align: justify;\">Suriye&#8217;nin olas\u0131 bir par\u00e7alanma s\u00fcrecine girdi\u011fini savunan K\u0131l\u0131\u00e7daro\u011flu, T\u00fcrkiye&#8217;nin, Suriye&#8217;nin \u00e7\u00f6kmesine, halk\u0131n\u0131n daha fazla ac\u0131 \u00e7ekmesine, bunal\u0131m\u0131n \u00fclke d\u0131\u015f\u0131na ta\u015f\u0131nmas\u0131na izin vermemesi gerekti\u011fini s\u00f6yledi.<\/p>\n<p style=\"text-align: justify;\">T\u00fcrkiye&#8217;nin yeni bir ba\u015flang\u0131\u00e7 yaparak, a\u011f\u0131rl\u0131\u011f\u0131n\u0131 Suriye&#8217;de bar\u0131\u015f, uzla\u015fma, istikrar ve g\u00fcvenden yana koymas\u0131 gerekti\u011fini vurgulayan K\u0131l\u0131\u00e7daro\u011flu, TBMM&#8217;nin ola\u011fan\u00fcst\u00fc toplanarak, bir deklarasyonla uluslararas\u0131 konferans d\u00fczenlenmesi \u00e7a\u011fr\u0131s\u0131nda bulunmas\u0131 gerekti\u011fini ifade etti. K\u0131l\u0131\u00e7daro\u011flu, BM Genel Sekreteri&#8217;nin himayesinde BM G\u00fcvenlik Konseyi daimi \u00fcyeleri, Arap Ligi, AB, \u0130ran, Suriye&#8217;nin Arap kom\u015fular\u0131 ve T\u00fcrkiye&#8217;nin kat\u0131laca\u011f\u0131 konferansa Suriye rejimi ve muhalefetinden temsilcilerin de davet edilmesi ve bu temsilcilerin tam yetkili olmalar\u0131n\u0131n sa\u011flanmas\u0131n\u0131n \u00f6nem ta\u015f\u0131d\u0131\u011f\u0131n\u0131 dile getirdi.<\/p>\n<p style=\"text-align: justify;\">Konferans\u0131n, g\u00f6r\u00fc\u015f ve beklentilerin a\u00e7\u0131klanaca\u011f\u0131 a\u00e7\u0131l\u0131\u015f b\u00f6l\u00fcm\u00fcnden sonra, 15 g\u00fcn boyunca Suriye y\u00f6netimi ve muhalefetinin BM Genel Sekreteri g\u00f6zetiminde m\u00fczakere yapmas\u0131n\u0131 \u00f6neren K\u0131l\u0131\u00e7daro\u011flu, son b\u00f6l\u00fcmde BM Genel Sekreteri taraf\u0131ndan haz\u0131rlanan ve Suriyeliler aras\u0131ndaki anla\u015fmay\u0131 yans\u0131tan belgenin BM G\u00fcvenlik Konseyi&#8217;ne sunulmak \u00fczere oylanabilece\u011fini s\u00f6yledi.<\/p>\n<p style=\"text-align: justify;\">M\u00fczakerelerin ate\u015fkes, insani yard\u0131m ak\u0131\u015f\u0131, \u00fclkeden ka\u00e7anlar\u0131n d\u00f6n\u00fc\u015f\u00fcne ili\u015fkin ko\u015fullar, yeni anayasa ve se\u00e7im yasalar\u0131n\u0131n olu\u015fturulmas\u0131n\u0131 da kapsayan konularda anla\u015fma sa\u011flan\u0131ncaya kadar s\u00fcrd\u00fcr\u00fclmesi gerekti\u011fini anlatan K\u0131l\u0131\u00e7daro\u011flu, son a\u015fama olarak BM G\u00fcvenlik Konseyi onay\u0131yla uluslararas\u0131 bar\u0131\u015f g\u00fcc\u00fc olu\u015fturulmas\u0131n\u0131 \u00f6nerdi.<\/p>\n<p style=\"text-align: justify;\">Partilerinin her konuda \u00e7\u00f6z\u00fcm\u00fc oldu\u011funu tekrarlayan K\u0131l\u0131\u00e7daro\u011flu, \u00e7\u00f6z\u00fcm \u00f6nerilerinin uygulanmas\u0131n\u0131n T\u00fcrkiye&#8217;nin uluslararas\u0131 sayg\u0131nl\u0131\u011f\u0131n\u0131 art\u0131raca\u011f\u0131n\u0131, Suriye&#8217;ye bar\u0131\u015f ve huzuru getirece\u011fini belirtti.<\/p>\n<p style=\"text-align: justify;\"><strong>&#8221;Gelin ba\u015fkent Ankara&#8217;ya, gelin TBMM&#8217;ye, korkmay\u0131n burada hakl\u0131n iradesi var&#8221;\u00a0<\/strong><\/p>\n<p style=\"text-align: justify;\">K\u0131l\u0131\u00e7daro\u011flu, &#8221;Bu \u00e7\u00f6z\u00fcm CHP&#8217;nin tarihi misyonunun gerektirdi\u011fi bir \u00e7\u00f6z\u00fcmd\u00fcr, bu \u00e7\u00f6z\u00fcm Ortado\u011fu halklar\u0131na bar\u0131\u015f\u0131 ve huzuru getirecektir. Bu \u00e7\u00f6z\u00fcm bizim bayra\u011f\u0131m\u0131z\u0131n b\u00fct\u00fcn Ortado\u011fu sokaklar\u0131nda dalgalanmas\u0131n\u0131 sa\u011flayacakt\u0131r&#8221; diye konu\u015ftu.<\/p>\n<p style=\"text-align: justify;\">Herkesten T\u00fcrkiye&#8217;nin birlik ve beraberli\u011fine \u0131srarla sahip \u00e7\u0131kmas\u0131n\u0131 isteyen K\u0131l\u0131\u00e7daro\u011flu, &#8221;Gelin kendi sorunlar\u0131m\u0131z\u0131 \u00e7\u00f6zmek i\u00e7in kendi potansiyelimizi harekete ge\u00e7irelim. Sorumluluk sahibi olan herkese bir kez daha sesleniyorum; gelin diyalo\u011fa, gelin karde\u015fli\u011fe, gelin birli\u011fimizi ve beraberli\u011fimizi aktarmaya, gelin ba\u015fkent Ankara&#8217;ya, gelin TBMM&#8217;ye, korkmay\u0131n burada hakl\u0131n iradesi var&#8221; dedi.<\/p>\n<p style=\"text-align: justify;\">Hi\u00e7 bir vatanda\u015f\u0131n kayg\u0131ya kap\u0131lmas\u0131na gerek olmad\u0131\u011f\u0131n\u0131 belirten K\u0131l\u0131\u00e7daro\u011flu, s\u00f6zlerini, &#8221;CHP bu \u00fclkenin teminat\u0131d\u0131r&#8221; diyerek tamamlad\u0131.<\/p>\n<p style=\"text-align: justify;\">K\u0131l\u0131\u00e7daro\u011flu, grup salonuna gelirken kap\u0131da bekleyen bir grup partili gen\u00e7 taraf\u0131ndan alk\u0131\u015flarla kar\u015f\u0131land\u0131. Kalabal\u0131k nedeniyle \u00e7o\u011fu partili K\u0131l\u0131\u00e7daro\u011flu&#8217;nun konu\u015fmas\u0131n\u0131 ayakta dinlerken, K\u0131l\u0131\u00e7daro\u011flu&#8217;nun konu\u015fmas\u0131 da partililer taraf\u0131ndan s\u0131k s\u0131k alk\u0131\u015flar ve sloganlarla kesildi.<\/p>\n<p style=\"text-align: justify;\">Bu arada CHP grup toplant\u0131s\u0131n\u0131 izleyen partililer, Meclis&#8217;in Dikmen Kap\u0131s\u0131&#8217;nda bas\u0131n a\u00e7\u0131klamas\u0131 yapt\u0131. &#8221;Onlar Oslo&#8217;ya CHP Meclis&#8217;e&#8221; pankart\u0131 arkas\u0131nda toplanan grup, &#8221;Milli irade ka\u00e7\u0131r\u0131ld\u0131&#8221;, &#8221;Milli irade tutuklu&#8221; ve &#8221;\u0130dris Naim \u015eahin istifa&#8221; yaz\u0131l\u0131 d\u00f6vizler ta\u015f\u0131d\u0131.<\/p>\n<p style=\"text-align: justify;\">Bas\u0131n a\u00e7\u0131klamas\u0131n\u0131n ard\u0131ndan grup daha sonra CHP \u0130stanbul \u0130l Ba\u015fkanl\u0131\u011f\u0131&#8217;na gitti.<\/p>\n<p style=\"text-align: justify;\"><a href=\"http:\/\/www.cumhuriyet.com.tr\/?hn=359076\" target=\"_blank\">Kaynak : Cumhuriyet Haber Portal\u0131\u00a0<\/a><\/p>\n","protected":false},"excerpt":{"rendered":"<p style=\"text-align: center;\">\n<p style=\"text-align: justify;\">Cumhuriyet Halk Partisi Genel Ba\u015fkan\u0131 Kemal K\u0131l\u0131\u00e7daro\u011flu, partisinin grup toplant\u0131s\u0131nda g\u00fcndeme dair a\u00e7\u0131klamalar yap\u0131yor.K\u0131l\u0131\u00e7daro\u011flu, T\u00fcrkiye&#8217;nin i\u00e7inde bulundu\u011fu durum gere\u011fi Meclis&#8217;in tatil yapmamas\u0131 gerekti\u011fini belirterek h\u00fck\u00fcmete, &#8220;\u0130stanbul h\u00fck\u00fcmeti psikolojisinden kurtulun, en son tatil yapacak yer TBMM&#8217;dir&#8221; dedi.<\/p>\n<p style=\"text-align: justify;\">Ankara- CHP Genel Ba\u015fkan\u0131 Kemal K\u0131l\u0131\u00e7daro\u011flu, partisinin TBMM Grup Toplant\u0131s\u0131&#8217;nda yapt\u0131\u011f\u0131 konu\u015fmada, <\/p>\n","protected":false},"author":1,"featured_media":0,"comment_status":"open","ping_status":"open","sticky":false,"template":"","format":"standard","meta":{"footnotes":""},"categories":[105],"tags":[],"class_list":["post-53920","post","type-post","status-publish","format-standard","hentry","category-gundem","odd"],"_links":{"self":[{"href":"http:\/\/www.korhanyilmaz.com\/index.php?rest_route=\/wp\/v2\/posts\/53920","targetHints":{"allow":["GET"]}}],"collection":[{"href":"http:\/\/www.korhanyilmaz.com\/index.php?rest_route=\/wp\/v2\/posts"}],"about":[{"href":"http:\/\/www.korhanyilmaz.com\/index.php?rest_route=\/wp\/v2\/types\/post"}],"author":[{"embeddable":true,"href":"http:\/\/www.korhanyilmaz.com\/index.php?rest_route=\/wp\/v2\/users\/1"}],"replies":[{"embeddable":true,"href":"http:\/\/www.korhanyilmaz.com\/index.php?rest_route=%2Fwp%2Fv2%2Fcomments&post=53920"}],"version-history":[{"count":0,"href":"http:\/\/www.korhanyilmaz.com\/index.php?rest_route=\/wp\/v2\/posts\/53920\/revisions"}],"wp:attachment":[{"href":"http:\/\/www.korhanyilmaz.com\/index.php?rest_route=%2Fwp%2Fv2%2Fmedia&parent=53920"}],"wp:term":[{"taxonomy":"category","embeddable":true,"href":"http:\/\/www.korhanyilmaz.com\/index.php?rest_route=%2Fwp%2Fv2%2Fcategories&post=53920"},{"taxonomy":"post_tag","embeddable":true,"href":"http:\/\/www.korhanyilmaz.com\/index.php?rest_route=%2Fwp%2Fv2%2Ftags&post=53920"}],"curies":[{"name":"wp","href":"https:\/\/api.w.org\/{rel}","templated":true}]}}