{"id":53896,"date":"2012-08-13T08:28:21","date_gmt":"2012-08-13T05:28:21","guid":{"rendered":"http:\/\/www.korhanyilmaz.com\/?p=53896"},"modified":"2012-08-13T08:53:12","modified_gmt":"2012-08-13T05:53:12","slug":"iran-erdogan-bu-ise-bulasmasin","status":"publish","type":"post","link":"http:\/\/www.korhanyilmaz.com\/?p=53896","title":{"rendered":"\u0130ran: &#8220;Erdo\u011fan bu i\u015fe bula\u015fmas\u0131n&#8221;"},"content":{"rendered":"<p style=\"text-align: justify;\"><a href=\"http:\/\/www.korhanyilmaz.com\/wp-content\/uploads\/2012\/08\/H278.jpg\"  class=\"lightview\"><img loading=\"lazy\" decoding=\"async\" class=\"aligncenter size-full wp-image-53897\" title=\"\" src=\"http:\/\/www.korhanyilmaz.com\/wp-content\/uploads\/2012\/08\/H278.jpg\" alt=\"\" width=\"300\" height=\"230\" \/><\/a><\/p>\n<p style=\"text-align: justify;\">\u0130ran Meclisi Ulusal G\u00fcvenlik ve D\u0131\u015f Politika Komitesi \u00dcyesi \u0130brahim Aka Muhammedi, &#8220;Ba\u015fbakan Recep Tayyip Erdo\u011fan&#8217;\u0131n Suriye politikas\u0131, iktidar\u0131n\u0131n sonunu getirir&#8221; iddias\u0131nda bulundu. Muhammedi, &#8220;Erdo\u011fan ve dostlar\u0131na tavsiyem bu i\u015fe bula\u015fmamalar\u0131&#8221; ifadesini kulland\u0131.<\/p>\n<p style=\"text-align: justify;\">\u0130ran&#8217;\u0131n \u0130ngilizce yay\u0131n yapan devlet televizyonu Press TV&#8217;nin haberine g\u00f6re, Muhammedi T\u00fcrkiye&#8217;nin Suriye politikas\u0131n\u0131 ele\u015ftirdi.\u00a0<!--more--><\/p>\n<p style=\"text-align: justify;\">&#8220;Erdo\u011fan ve dostlar\u0131na tavsiyem bu i\u015fe bula\u015fmamalar\u0131&#8221; diyen Muhammedi, iktidar partisinin gelecek se\u00e7imlerde bu durumun kurban\u0131 olabilece\u011fini s\u00f6yledi.<\/p>\n<p style=\"text-align: justify;\">Muhammedi, T\u00fcrkiye&#8217;nin \u0130ran ve Suriye ile dostane ili\u015fkiler kurmas\u0131 gerekti\u011fine dikkat \u00e7ekti.<\/p>\n<p style=\"text-align: justify;\">Ankara y\u00f6netiminin &#8220;Bir avu\u00e7 katil ve e\u015fkiya&#8221; olarak nitelendirdi\u011fi Suriyeli muhalifleri desteklemekten vazge\u00e7mesi gerekti\u011fini savundu.<\/p>\n<p style=\"text-align: justify;\">Suriye&#8217;nin ba\u015fkenti \u015eam&#8217;da 48 \u0130ranl\u0131n\u0131n ka\u00e7\u0131r\u0131lmas\u0131n\u0131n ard\u0131ndan Tahran&#8217;dan daha \u00f6nce de sert a\u00e7\u0131klamalar gelmi\u015fti.<\/p>\n<p style=\"text-align: justify;\">\u0130ran Genelkurmay Ba\u015fkan\u0131 Hasan Firuzabadi T\u00fcrkiye&#8217;yi ka\u00e7\u0131rma olay\u0131ndan sorumlu tutmu\u015f, Suriye&#8217;nin i\u00e7 sava\u015fa s\u00fcr\u00fcklenmesinde Katar ve Suudi Arabistan ile birlikte rol oynamakla su\u00e7lam\u0131\u015ft\u0131.<\/p>\n<p style=\"text-align: justify;\"><a href=\"http:\/\/www.cnnturk.com\/2012\/dunya\/08\/13\/iran.erdogan.bu.ise.bulasmasin\/672682.0\/index.html\" target=\"_blank\">Kaynak : CNN T\u00dcRK<\/a><\/p>\n","protected":false},"excerpt":{"rendered":"<p style=\"text-align: justify;\">\n<p style=\"text-align: justify;\">\u0130ran Meclisi Ulusal G\u00fcvenlik ve D\u0131\u015f Politika Komitesi \u00dcyesi \u0130brahim Aka Muhammedi, &#8220;Ba\u015fbakan Recep Tayyip Erdo\u011fan&#8217;\u0131n Suriye politikas\u0131, iktidar\u0131n\u0131n sonunu getirir&#8221; iddias\u0131nda bulundu. Muhammedi, &#8220;Erdo\u011fan ve dostlar\u0131na tavsiyem bu i\u015fe bula\u015fmamalar\u0131&#8221; ifadesini kulland\u0131.<\/p>\n<p style=\"text-align: justify;\">\u0130ran&#8217;\u0131n \u0130ngilizce yay\u0131n yapan devlet televizyonu Press TV&#8217;nin haberine g\u00f6re, Muhammedi T\u00fcrkiye&#8217;nin Suriye politikas\u0131n\u0131 ele\u015ftirdi. <\/p>\n","protected":false},"author":1,"featured_media":0,"comment_status":"open","ping_status":"open","sticky":false,"template":"","format":"standard","meta":{"footnotes":""},"categories":[105],"tags":[],"class_list":["post-53896","post","type-post","status-publish","format-standard","hentry","category-gundem","odd"],"_links":{"self":[{"href":"http:\/\/www.korhanyilmaz.com\/index.php?rest_route=\/wp\/v2\/posts\/53896","targetHints":{"allow":["GET"]}}],"collection":[{"href":"http:\/\/www.korhanyilmaz.com\/index.php?rest_route=\/wp\/v2\/posts"}],"about":[{"href":"http:\/\/www.korhanyilmaz.com\/index.php?rest_route=\/wp\/v2\/types\/post"}],"author":[{"embeddable":true,"href":"http:\/\/www.korhanyilmaz.com\/index.php?rest_route=\/wp\/v2\/users\/1"}],"replies":[{"embeddable":true,"href":"http:\/\/www.korhanyilmaz.com\/index.php?rest_route=%2Fwp%2Fv2%2Fcomments&post=53896"}],"version-history":[{"count":0,"href":"http:\/\/www.korhanyilmaz.com\/index.php?rest_route=\/wp\/v2\/posts\/53896\/revisions"}],"wp:attachment":[{"href":"http:\/\/www.korhanyilmaz.com\/index.php?rest_route=%2Fwp%2Fv2%2Fmedia&parent=53896"}],"wp:term":[{"taxonomy":"category","embeddable":true,"href":"http:\/\/www.korhanyilmaz.com\/index.php?rest_route=%2Fwp%2Fv2%2Fcategories&post=53896"},{"taxonomy":"post_tag","embeddable":true,"href":"http:\/\/www.korhanyilmaz.com\/index.php?rest_route=%2Fwp%2Fv2%2Ftags&post=53896"}],"curies":[{"name":"wp","href":"https:\/\/api.w.org\/{rel}","templated":true}]}}