{"id":53857,"date":"2012-08-12T23:19:49","date_gmt":"2012-08-12T20:19:49","guid":{"rendered":"http:\/\/www.korhanyilmaz.com\/?p=53857"},"modified":"2012-08-13T01:05:53","modified_gmt":"2012-08-12T22:05:53","slug":"basbakan-aygunle-ilgili-konustu","status":"publish","type":"post","link":"http:\/\/www.korhanyilmaz.com\/?p=53857","title":{"rendered":"Ba\u015fbakan Ayg\u00fcn&#8217;le ilgili konu\u015ftu"},"content":{"rendered":"<p style=\"text-align: center;\"><a href=\"http:\/\/www.korhanyilmaz.com\/wp-content\/uploads\/2012\/08\/H258.jpg\"  class=\"lightview\"><img loading=\"lazy\" decoding=\"async\" class=\"aligncenter  wp-image-53858\" src=\"http:\/\/www.korhanyilmaz.com\/wp-content\/uploads\/2012\/08\/H258.jpg\" alt=\"\" width=\"366\" height=\"240\" \/><\/a><\/p>\n<p style=\"text-align: justify;\">Ba\u015fbakan Erdo\u011fan, Hali\u00e7 Kongre Merkezi&#8217;nde d\u00fczenlenen iftara kat\u0131ld\u0131. \u0130ftar\u0131n ard\u0131ndan yar\u0131m saat boyunca kongre salonundakilere hitap eden Ba\u015fbakan, Tunceli Milletvekili Ayg\u00fcn&#8217;\u00fcn ka\u00e7\u0131r\u0131lmas\u0131na hi\u00e7 de\u011finmedi. \u00c7\u0131k\u0131\u015fta gazetecilerin sorusu \u00fczerine bir a\u00e7\u0131klama yapt\u0131.<\/p>\n<p style=\"text-align: justify;\">\u0130STANBUL- Ba\u015fbakan Erdo\u011fan Hali\u00e7 Kongre Merkezi&#8217;nde \u0130stanbul Dostluk Grubu&#8217;nun d\u00fczenledi\u011fi iftara kat\u0131ld\u0131. \u0130ftar sonras\u0131 yapt\u0131\u011f\u0131 konu\u015fmada &#8220;IMF&#8217;ye art\u0131k bor\u00e7 veriyoruz&#8221; diye \u00f6v\u00fcnen Ba\u015fbakan, Tunceli&#8217;de PKK taraf\u0131ndan al\u0131konulan Ayg\u00fcn&#8217;le ilgili herhangi bir a\u00e7\u0131klamada bulunmad\u0131.\u00a0<!--more--><\/p>\n<p style=\"text-align: justify;\">\u00c7\u0131k\u0131\u015fta gazetecilerin sorusu \u00fczerine Ayg\u00fcn&#8217;le ilgili bilgi verdi. &#8220;Ayg\u00fcn&#8217;\u00fcn PKK&#8217;n\u0131n elinde&#8221; dedi. \u0130\u00e7i\u015fleri Bakan\u0131&#8217;n\u0131n konu ile yak\u0131ndan ilgilendi\u011fini s\u00f6yledi. Erdo\u011fan &#8220;PKK nas\u0131l bir \u00f6rg\u00fct oldu\u011funu g\u00f6sterdi&#8221; dedi.<\/p>\n<p style=\"text-align: justify;\">Erdo\u011fan, Hali\u00e7 Kongre Merkezi\u2019nde ise bol bol CHP\u2019yi ele\u015ftirdi. \u201cIMF\u2019 ye 5 milyar dolar bor\u00e7\u201d vermek ile \u00f6v\u00fcnd\u00fc.<\/p>\n<p style=\"text-align: justify;\">Erdo\u011fan\u2019\u0131n konu\u015fmas\u0131 \u015f\u00f6yle: \u201cIMF\u2019YE 5 milyar dolar bor\u00e7 verece\u011fiz. Meksika\u2019da bu konuda anla\u015ft\u0131k. T\u00fcrkiye alan el de\u011fil art\u0131k veren el. Bu \u00f6nemli bir \u015fey. Numan karde\u015fim (Kurtulmu\u015f) biraz \u00f6nce, \u2018G\u00fc\u00e7l\u00fc olmaya mecburuz\u2019 dedi. \u00c7\u00fcnk\u00fc d\u00fcnya g\u00fc\u00e7l\u00fclerin d\u00fcnyas\u0131, bunlar\u0131n tezi yanl\u0131\u015f \u00e7al\u0131\u015f\u0131yor. G\u00fc\u00e7l\u00fc olan d\u00fcnyada zulmediyorlar. Biz d\u00fcnyada hem hakl\u0131 olaca\u011f\u0131z hem de g\u00fc\u00e7l\u00fc olaca\u011f\u0131z endi\u015fe etmeyin.9 y\u0131lda buraya geldik mi? Geldik. Art\u0131k kartopu de\u011filiz su yo\u011funluyuz. Yeter ki i\u00e7imizde birbirimizi yemeyelim.\u201d<\/p>\n<p style=\"text-align: justify;\">Erdo\u011fan daha sonra muhalefete y\u00fcklendi: \u201c\u0130\u015fte \u00f6yle bir muhalefet var ki \u015furada ter\u00f6rizmle m\u00fccadele verirken kalk\u0131p da ter\u00f6r \u00f6rg\u00fct\u00fcne kar\u015f\u0131 iktidar ile birlikte olmay\u0131 de\u011fil nas\u0131l kar\u015f\u0131s\u0131nda olurumun planlar\u0131n\u0131 yap\u0131yorlar. \u015eu anda bize ter\u00f6r sorununu \u00e7\u00f6zelim derken ortaya teklif de\u011fil te\u015fhis koyuyorlar. Buyurun diyorum 3 arkada\u015f\u0131m\u0131z burada, sizin de 3 arkada\u015f\u0131n\u0131z burada; s\u00fcre verelim \u00e7al\u0131\u015fs\u0131nlar diyorum. 3 ay ge\u00e7ti hi\u00e7 bir \u015fey yok. Benim o\u011flum g\u00fcnah okur d\u00f6ner d\u00f6ner yine okur. \u015eimdi bunu okumak i\u00e7in gelecekler. Ne yapacaks\u0131n Sal\u0131 g\u00fcn\u00fc Meclis\u2019te toplanacaks\u0131n. Toplanacaksan toplan\u2026 Bunlar ter\u00f6r \u00f6rg\u00fct\u00fcn\u00fc me\u015frula\u015ft\u0131rma hareketidir. Ter\u00f6r \u00f6rg\u00fct\u00fc ben istedi\u011fim zaman meclisi toplat\u0131r\u0131m diyor. Kusura bakmay\u0131n biz ter\u00f6r arkas\u0131na vagon olmay\u0131z ama CHP vagon olur. Biz \u015fovmen de\u011filiz biz icraat\u00e7\u0131y\u0131z\u201d<\/p>\n<p style=\"text-align: justify;\">Ba\u015fbakan, AKP kad\u0131n kollar\u0131n\u0131n do\u011fuda evleri tarad\u0131\u011f\u0131n\u0131 s\u00f6yledi. \u201cbiz icraattay\u0131z senin kad\u0131n kollar\u0131n nerede? Fark bu. Biz bir fark\u0131n temsilcisi olarak memleketlerimizde bir sinerji getirmeye mecburuz. 2015 bizim i\u00e7in \u00e7ok \u00f6nemli, T\u00fcrkiye&#8217;nin d\u00fcnyada sinerjisini ortaya koyaca\u011f\u0131 y\u0131llar bu y\u0131llar. \u0130\u00e7erde d\u0131\u015farda&#8230;<\/p>\n<p style=\"text-align: justify;\">T\u00fcrkiye de muhalefet do\u011fruya i\u015ftirak etme anlam\u0131nda de\u011fildir. t\u00fcrkiye de muhalefet siyaha beyaz beyaza siyah demek olarak anla\u015f\u0131l\u0131r. Hi\u00e7 bir zaman muhalefet iktidara tabidir diye kabullenmezler. t\u00fcm ger\u00e7ekler bunlar. Bu y\u00fczden her ikiden biri AK partili.\u201d<\/p>\n<p style=\"text-align: justify;\"><a href=\"http:\/\/www.yurtgazetesi.com.tr\/gundem\/yenilendi-basbakan-aygunle-ilgili-konustu-h16994.html\" target=\"_blank\">Kaynak : Yurt Gazetesi<\/a><\/p>\n","protected":false},"excerpt":{"rendered":"<p style=\"text-align: center;\">\n<p style=\"text-align: justify;\">Ba\u015fbakan Erdo\u011fan, Hali\u00e7 Kongre Merkezi&#8217;nde d\u00fczenlenen iftara kat\u0131ld\u0131. \u0130ftar\u0131n ard\u0131ndan yar\u0131m saat boyunca kongre salonundakilere hitap eden Ba\u015fbakan, Tunceli Milletvekili Ayg\u00fcn&#8217;\u00fcn ka\u00e7\u0131r\u0131lmas\u0131na hi\u00e7 de\u011finmedi. \u00c7\u0131k\u0131\u015fta gazetecilerin sorusu \u00fczerine bir a\u00e7\u0131klama yapt\u0131.<\/p>\n<p style=\"text-align: justify;\">\u0130STANBUL- Ba\u015fbakan Erdo\u011fan Hali\u00e7 Kongre Merkezi&#8217;nde \u0130stanbul Dostluk Grubu&#8217;nun d\u00fczenledi\u011fi iftara kat\u0131ld\u0131. \u0130ftar sonras\u0131 yapt\u0131\u011f\u0131 konu\u015fmada &#8220;IMF&#8217;ye <\/p>\n","protected":false},"author":1,"featured_media":0,"comment_status":"open","ping_status":"open","sticky":false,"template":"","format":"standard","meta":{"footnotes":""},"categories":[105],"tags":[],"class_list":["post-53857","post","type-post","status-publish","format-standard","hentry","category-gundem","odd"],"_links":{"self":[{"href":"http:\/\/www.korhanyilmaz.com\/index.php?rest_route=\/wp\/v2\/posts\/53857","targetHints":{"allow":["GET"]}}],"collection":[{"href":"http:\/\/www.korhanyilmaz.com\/index.php?rest_route=\/wp\/v2\/posts"}],"about":[{"href":"http:\/\/www.korhanyilmaz.com\/index.php?rest_route=\/wp\/v2\/types\/post"}],"author":[{"embeddable":true,"href":"http:\/\/www.korhanyilmaz.com\/index.php?rest_route=\/wp\/v2\/users\/1"}],"replies":[{"embeddable":true,"href":"http:\/\/www.korhanyilmaz.com\/index.php?rest_route=%2Fwp%2Fv2%2Fcomments&post=53857"}],"version-history":[{"count":0,"href":"http:\/\/www.korhanyilmaz.com\/index.php?rest_route=\/wp\/v2\/posts\/53857\/revisions"}],"wp:attachment":[{"href":"http:\/\/www.korhanyilmaz.com\/index.php?rest_route=%2Fwp%2Fv2%2Fmedia&parent=53857"}],"wp:term":[{"taxonomy":"category","embeddable":true,"href":"http:\/\/www.korhanyilmaz.com\/index.php?rest_route=%2Fwp%2Fv2%2Fcategories&post=53857"},{"taxonomy":"post_tag","embeddable":true,"href":"http:\/\/www.korhanyilmaz.com\/index.php?rest_route=%2Fwp%2Fv2%2Ftags&post=53857"}],"curies":[{"name":"wp","href":"https:\/\/api.w.org\/{rel}","templated":true}]}}