{"id":53808,"date":"2012-08-12T08:10:42","date_gmt":"2012-08-12T05:10:42","guid":{"rendered":"http:\/\/www.korhanyilmaz.com\/?p=53808"},"modified":"2012-08-12T12:55:40","modified_gmt":"2012-08-12T09:55:40","slug":"basbakanin-yurek-hoplatan-geceyarisi-telefonlari","status":"publish","type":"post","link":"http:\/\/www.korhanyilmaz.com\/?p=53808","title":{"rendered":"Ba\u015fbakan&#8217;\u0131n y\u00fcrek hoplatan geceyar\u0131s\u0131 telefonlar\u0131!"},"content":{"rendered":"<div id=\"attachment_51970\" style=\"width: 87px\" class=\"wp-caption alignright\"><img loading=\"lazy\" decoding=\"async\" aria-describedby=\"caption-attachment-51970\" class=\" wp-image-51970 \" title=\"C\u00fcneyt \u00d6zdemir\" src=\"http:\/\/www.korhanyilmaz.com\/wp-content\/uploads\/2012\/05\/F140.jpg\" alt=\"\" width=\"77\" height=\"86\" \/><p id=\"caption-attachment-51970\" class=\"wp-caption-text\">C\u00fcneyt \u00d6zdemir<\/p><\/div>\n<p style=\"text-align: justify;\">T\u00fcm T\u00fcrkiye&#8217;nin duygular\u0131n\u0131n tavana vurdu\u011fu anda sporcular\u0131m\u0131z\u0131 tebrik eden telefonu Ba\u015fbakan&#8217;\u0131n bir siyaset\u00e7i olarak rakiplerine m\u00fcthi\u015f bir \u00e7al\u0131m\u0131yd\u0131.<\/p>\n<p style=\"text-align: justify;\">Hasret kald\u0131\u011f\u0131m\u0131z bir yar\u0131\u015f\u0131 g\u00f6zya\u015flar\u0131 i\u00e7inde izledik. Olimpiyatlarla ilgili bug\u00fcne kadar ne kadar hayal k\u0131r\u0131kl\u0131\u011f\u0131m\u0131z varsa Asl\u0131 ile Gamze\u2019nin ad\u0131mlar\u0131 ald\u0131 g\u00f6t\u00fcrd\u00fc bizden. Ne kadar susam\u0131\u015f\u0131z ba\u015far\u0131ya, ne kadar \u00f6zlemi\u015fiz yar\u0131\u015f\u0131 b\u0131rakmayan, arkadan son 30 metrede depar at\u0131p \u00f6ne ge\u00e7en T\u00fcrk kad\u0131n\u0131n\u0131 seyretmeyi. Bu ilham\u0131 ve g\u00fcveni t\u00fcm atletlerimize a\u015f\u0131layan S\u00fcreyya Ayhan\u2019a selam olsun. Olimpiyatlarda tam da yelkenlerin suya indirildi\u011fi bir anda 1500 metre yar\u0131\u015f\u0131n\u0131n finali hepimizin belle\u011finde silinmeyecek bir yer edindi. TRT spikerinin m\u00fcthi\u015f i\u00e7ten anlat\u0131m\u0131 t\u00fcm T\u00fcrkiye\u2019yi gecenin bir yar\u0131s\u0131 aya\u011fa kald\u0131rd\u0131.<!--more--><\/p>\n<p style=\"text-align: justify;\"><a href=\"http:\/\/www.korhanyilmaz.com\/wp-content\/uploads\/2012\/08\/H247.jpg\"  class=\"lightview\"><img loading=\"lazy\" decoding=\"async\" class=\"alignleft  wp-image-53809\" style=\"margin-left: 10px; margin-right: 10px;\" src=\"http:\/\/www.korhanyilmaz.com\/wp-content\/uploads\/2012\/08\/H247.jpg\" alt=\"\" width=\"280\" height=\"187\" \/><\/a>Sonras\u0131nda s\u00f6yle\u015fiyi yapan sempatik TRT muhabirinin iki ba\u015far\u0131l\u0131 k\u0131z\u0131m\u0131z\u0131 canl\u0131 yay\u0131nda kucaklamas\u0131 son zamanlarda televizyonlarda g\u00f6rd\u00fc\u011f\u00fcm\u00fcz en i\u00e7ten sahnelerden biriydi. T\u00fcm olimpiyatlar\u0131 bizlere aksaks\u0131z ula\u015ft\u0131ran TRT\u2019ye koskocaman bir bravo. Bir bravo da Anadolu Ajans\u0131\u2019na. Onlar ak\u0131l etmeseydi Asl\u0131 \u00c7ak\u0131r Alptekin\u2019in ailesinin evde ya\u015fad\u0131klar\u0131 sevince tan\u0131k olamayacakt\u0131k. Hele Asl\u0131\u2019n\u0131n alt\u0131n madalyay\u0131 ald\u0131\u011f\u0131 an babas\u0131n\u0131n heyecanla annesini havaya kald\u0131rma an\u0131 m\u00fcthi\u015f sempatikti. Asl\u0131 ile Gamze\u2019nin sonras\u0131ndaki r\u00f6portajlar\u0131n\u0131 izledi\u011fimizde bu halk \u00e7ocuklar\u0131n\u0131n i\u00e7tenli\u011fi ve ba\u015far\u0131s\u0131 bir kez daha bizi bizden ald\u0131. Oh be!<\/p>\n<p style=\"text-align: justify;\">Art\u0131k biliyorsunuz \u2018bizim oran\u0131n \u00e2detleri me\u015fhurdur Ba\u015fbakan\u2019\u0131n geceyar\u0131s\u0131 telefon etmeleri.\u2019 Bundan y\u0131llar \u00f6nce bir gece telefonum ac\u0131 ac\u0131 \u00e7alm\u0131\u015f ve Say\u0131n Ba\u015fbakan Erdo\u011fan\u2019\u0131n sesi ile kar\u015f\u0131la\u015f\u0131p \u015fa\u015f\u0131rm\u0131\u015ft\u0131m. Ba\u015fbakan ile yazd\u0131\u011f\u0131m bir yaz\u0131 \u00fczerine yapt\u0131\u011f\u0131m\u0131z konu\u015fmadan pr malzemesi olarak anla\u015f\u0131l\u0131r endi\u015fesi ile kimselere bahsetmeye utanm\u0131\u015ft\u0131m. Sonu\u00e7ta telefonun ucundaki ses bir ba\u015fbakan da olsa \u00f6zel bir konu\u015fma yap\u0131labilmeli diye d\u00fc\u015f\u00fcnm\u00fc\u015ft\u00fcm. Anlad\u0131m ki memlekette benden ba\u015fka kimsede bu t\u00fcr endi\u015feler yok!<\/p>\n<p style=\"text-align: justify;\">Ba\u015fbakan Erdo\u011fan\u2019\u0131n k\u00f6t\u00fc bir huyu var. Ele\u015ftirilmeye hi\u00e7 gelemiyor. Mesela k\u00f6\u015fenizde Ba\u015fbakan Erdo\u011fan\u2019\u0131n ho\u015funa giden bir \u015fey yazarsan\u0131z muhabbetle bir gece yar\u0131s\u0131 sizi aray\u0131p i\u00e7ten konu\u015fmaktan \u00e7ekinmiyor ancak ho\u015funa gitmeyen bir ele\u015ftiri okuyunca hemen \u2018birtak\u0131m medya\u2019ya transfer oluyorsunuz. Bak\u0131n\u0131z: En son D\u0131\u015fi\u015fleri Bakan\u0131\u2019n\u0131n Myanmar seferini ele\u015ftiren k\u00f6\u015fe yazar\u0131n\u0131z!<\/p>\n<p style=\"text-align: justify;\">Neyse konumuz bu de\u011fil. Biz gelelim Ba\u015fbakan Erdo\u011fan\u2019\u0131n son geceyar\u0131s\u0131 telefonuna.<\/p>\n<p style=\"text-align: justify;\"><span style=\"text-decoration: underline;\">\u00d6nceki g\u00fcn Ba\u015fbakan Erdo\u011fan olimpiyat \u015fampiyonlu\u011funu birka\u00e7 dakika \u00f6nce kazanm\u0131\u015f Asl\u0131 ile Gamze\u2019yi telefonla ararken bunun canl\u0131 yay\u0131nda yay\u0131mlanaca\u011f\u0131 planlanm\u0131\u015f m\u0131yd\u0131, hi\u00e7 sanm\u0131yorum. Ancak bir bas\u0131n dan\u0131\u015fman\u0131 b\u00f6yle bir g\u00f6r\u00fc\u015fmeyi planlay\u0131p tam da TRT canl\u0131 yay\u0131n\u0131na denk getirdiyse bir madalya da ona takmak gerekir. T\u00fcm T\u00fcrkiye\u2019nin duygular\u0131n\u0131n tavana vurdu\u011fu anda Ba\u015fbakan\u2019\u0131n sporcular\u0131m\u0131z\u0131 tebrik eden telefonu Ba\u015fbakan\u2019\u0131n bir siyaset\u00e7i olarak di\u011fer rakiplerine m\u00fcthi\u015f bir \u00e7al\u0131m\u0131yd\u0131. Ba\u015fbakan olarak da g\u00f6n\u00fclleri fethetti\u011fi anlardan biri olarak canl\u0131 yay\u0131nlar tarihine ge\u00e7ti.<\/span><\/p>\n<p style=\"text-align: justify;\"><span style=\"color: #993300;\"><strong>\u015eehidimiz Alevidir!<\/strong><\/span><\/p>\n<p style=\"text-align: justify;\">Kimi zaman saatler s\u00fcren teorik tart\u0131\u015fmalara hayat\u0131n prati\u011finden yans\u0131yan k\u00fc\u00e7\u00fck bir foto\u011fraf karesi son noktay\u0131 koyabiliyor. Fo\u00e7a\u2019daki son sald\u0131r\u0131da \u015fehit d\u00fc\u015fen er \u00d6zkan Ate\u015fli\u2019nin cenaze t\u00f6reni de san\u0131r\u0131m bunlardan bir tanesi. \u015eehidimiz Alevi bir aileden geldi\u011fi i\u00e7in hem kendi vasiyeti hem de ailenin iste\u011fi \u00fczerine cenaze i\u00e7in ilk t\u00f6ren cemevinde yap\u0131l\u0131yor. Sonras\u0131 biraz kar\u0131\u015f\u0131k. Alevilerin \u00f6nde gelenlerinin deyi\u015fiyle \u2018zorla\u2019, ailenin deme\u00e7lerine bakarsan\u0131z \u2018askerlerin iste\u011fi \u00fczerine r\u0131zayla\u2019 camiye g\u00f6t\u00fcr\u00fcl\u00fcp resmi t\u00f6ren orada yap\u0131l\u0131yor. S\u0131rf bu cenaze t\u00f6reni bile aylard\u0131r televizyon st\u00fcdyolar\u0131nda ya\u015fanan teorik tart\u0131\u015fmalar\u0131n ne kadar \u00f6nemli oldu\u011funu bizlere f\u0131s\u0131ld\u0131yor. Bilmem devletin resmi g\u00f6revlileri o cemevine gidip bir \u015fehite gerekli sayg\u0131y\u0131 g\u00f6sterseler y\u00fcce devletimizin sayg\u0131nl\u0131\u011f\u0131ndan ne eksilirdi? Bu \u00fclkede bir Alevi olarak ya\u015faman\u0131n zor oldu\u011funu biliyorduk, \u00f6lmenin hatta \u015fehit d\u00fc\u015fmenin ard\u0131ndan ya\u015fananlara bak\u0131nca bu \u00fclkede Alevi olarak \u00f6lmek bile zor.<\/p>\n<p style=\"text-align: justify;\"><span style=\"color: #993300;\"><strong>\u015eambriyelde Jaws izlemek!<\/strong><\/span><\/p>\n<p style=\"text-align: justify;\">\u0130zninizle kendimi tutamay\u0131p konuya alengirli bir giri\u015f yapmak istiyorum: \u201cBu Jaws filmlerini ba\u015f\u0131m\u0131za kim musallat ettiyse Allah onun lay\u0131k\u0131n\u0131 versin!\u201d Bunu s\u00f6ylememin nedeni \u00fc\u00e7 taraf\u0131 denizlerle \u00e7evrili bir \u00fclkede pek \u00e7ok \u00e7ocu\u011fun bilin\u00e7alt\u0131nda bir deniz korkusunun nedeninin bu ceberut film oldu\u011funu bilmemdir. Ne zaman denize girsem \u00e7ocuklu\u011fumun an\u0131lar\u0131ndan o filmden bir kare \u00e7\u0131kar gelir. Panikle etrafa bakar\u0131m, k\u0131y\u0131dan uzakla\u015fmaya t\u0131rsar\u0131m. Bu korku \u00f6ylesine bilin\u00e7alt\u0131ma n\u00fcfuz etmi\u015f ki bir ara dal\u0131\u015f sporuna merak sar\u0131p br\u00f6veler al\u0131p dalmaya ba\u015flad\u0131m ama bakt\u0131m millet denizin alt\u0131nda bal\u0131klara bakarken ben Jaws nereden \u00e7\u0131kacak diye sa\u011f\u0131 solu kolluyorum. Nitekim bu y\u00fczden dal\u0131\u015f hobim uyduruk bir Jaws korkusuna kurban gitti. B\u00fct\u00fcn bunlar\u0131 anlatmam\u0131n nedeni d\u00fcn bir GSM firmas\u0131n\u0131n ilgin\u00e7 Jaws g\u00f6sterimi oldu. Konyaalt\u0131\u2019nda yap\u0131lan g\u00f6sterimde perde denizin kenar\u0131na kurulmu\u015f. Millet \u015fambriyeller ve can yelekleri ile Jaws\u2019\u0131 denizde izlemi\u015f. M\u0131s\u0131r sat\u0131c\u0131lar\u0131 da Jaws \u015fambriyelleri ile m\u0131s\u0131r satm\u0131\u015flar. Hakara makaraya bakar m\u0131s\u0131n\u0131z? Haberi okuyunca akl\u0131ma o zamanlardan bir \u015fark\u0131 s\u00f6z\u00fc geldi: Allah\u0131m neydi g\u00fcnah\u0131m!<\/p>\n<p style=\"text-align: justify;\"><a href=\"http:\/\/www.radikal.com.tr\/Radikal.aspx?aType=RadikalYazar&amp;ArticleID=1096934&amp;Yazar=CUNEYT-OZDEMIR&amp;CategoryID=97\" target=\"_blank\">Kaynak : Radikal.com.tr\u00a0<\/a><\/p>\n","protected":false},"excerpt":{"rendered":"<p id=\"caption-attachment-51970\" class=\"wp-caption-text\">C\u00fcneyt \u00d6zdemir<\/p>\n<p style=\"text-align: justify;\">T\u00fcm T\u00fcrkiye&#8217;nin duygular\u0131n\u0131n tavana vurdu\u011fu anda sporcular\u0131m\u0131z\u0131 tebrik eden telefonu Ba\u015fbakan&#8217;\u0131n bir siyaset\u00e7i olarak rakiplerine m\u00fcthi\u015f bir \u00e7al\u0131m\u0131yd\u0131.<\/p>\n<p style=\"text-align: justify;\">Hasret kald\u0131\u011f\u0131m\u0131z bir yar\u0131\u015f\u0131 g\u00f6zya\u015flar\u0131 i\u00e7inde izledik. Olimpiyatlarla ilgili bug\u00fcne kadar ne kadar hayal k\u0131r\u0131kl\u0131\u011f\u0131m\u0131z varsa Asl\u0131 ile Gamze\u2019nin ad\u0131mlar\u0131 ald\u0131 g\u00f6t\u00fcrd\u00fc bizden. Ne kadar susam\u0131\u015f\u0131z ba\u015far\u0131ya, ne kadar <\/p>\n","protected":false},"author":1,"featured_media":0,"comment_status":"open","ping_status":"open","sticky":false,"template":"","format":"standard","meta":{"footnotes":""},"categories":[16],"tags":[1055],"class_list":["post-53808","post","type-post","status-publish","format-standard","hentry","category-kose-yazilari","tag-cuneyt-ozdemir","odd"],"_links":{"self":[{"href":"http:\/\/www.korhanyilmaz.com\/index.php?rest_route=\/wp\/v2\/posts\/53808","targetHints":{"allow":["GET"]}}],"collection":[{"href":"http:\/\/www.korhanyilmaz.com\/index.php?rest_route=\/wp\/v2\/posts"}],"about":[{"href":"http:\/\/www.korhanyilmaz.com\/index.php?rest_route=\/wp\/v2\/types\/post"}],"author":[{"embeddable":true,"href":"http:\/\/www.korhanyilmaz.com\/index.php?rest_route=\/wp\/v2\/users\/1"}],"replies":[{"embeddable":true,"href":"http:\/\/www.korhanyilmaz.com\/index.php?rest_route=%2Fwp%2Fv2%2Fcomments&post=53808"}],"version-history":[{"count":0,"href":"http:\/\/www.korhanyilmaz.com\/index.php?rest_route=\/wp\/v2\/posts\/53808\/revisions"}],"wp:attachment":[{"href":"http:\/\/www.korhanyilmaz.com\/index.php?rest_route=%2Fwp%2Fv2%2Fmedia&parent=53808"}],"wp:term":[{"taxonomy":"category","embeddable":true,"href":"http:\/\/www.korhanyilmaz.com\/index.php?rest_route=%2Fwp%2Fv2%2Fcategories&post=53808"},{"taxonomy":"post_tag","embeddable":true,"href":"http:\/\/www.korhanyilmaz.com\/index.php?rest_route=%2Fwp%2Fv2%2Ftags&post=53808"}],"curies":[{"name":"wp","href":"https:\/\/api.w.org\/{rel}","templated":true}]}}