{"id":53804,"date":"2012-08-10T08:12:08","date_gmt":"2012-08-10T05:12:08","guid":{"rendered":"http:\/\/www.korhanyilmaz.com\/?p=53804"},"modified":"2012-08-12T12:37:29","modified_gmt":"2012-08-12T09:37:29","slug":"arakana-ziyaretin-geregi-var-mi","status":"publish","type":"post","link":"http:\/\/www.korhanyilmaz.com\/?p=53804","title":{"rendered":"Arakan&#8217;a ziyaretin gere\u011fi var m\u0131?"},"content":{"rendered":"<div id=\"attachment_51970\" style=\"width: 87px\" class=\"wp-caption alignright\"><img loading=\"lazy\" decoding=\"async\" aria-describedby=\"caption-attachment-51970\" class=\" wp-image-51970 \" title=\"C\u00fcneyt \u00d6zdemir\" src=\"http:\/\/www.korhanyilmaz.com\/wp-content\/uploads\/2012\/05\/F140.jpg\" alt=\"\" width=\"77\" height=\"86\" \/><p id=\"caption-attachment-51970\" class=\"wp-caption-text\">C\u00fcneyt \u00d6zdemir<\/p><\/div>\n<p style=\"text-align: justify;\">Hi\u00e7biri derinlikli stratejinin birer \u00fcr\u00fcn\u00fc de\u011filmi\u015f gibi Davuto\u011flu kalkm\u0131\u015f Arakan&#8217;daki M\u00fcsl\u00fcmanlara yard\u0131m etmeye gidiyor.<\/p>\n<p style=\"text-align: justify;\">Arakan\u2019a giden u\u00e7a\u011f\u0131n i\u00e7inde D\u0131\u015fi\u015fleri Bakan\u0131 Ahmet Davuto\u011flu\u2019nun her zamanki derinlikli stratejisine ait s\u00f6zc\u00fckler geveledi\u011fini g\u00f6r\u00fcnce insan kendini g\u00fclmekten alam\u0131yor. D\u0131\u015fi\u015fleri Bakan\u0131\u2019n\u0131n \u00f6ylesine derinlikli bir stratejisi var ki neye dokunsa ortal\u0131k toz duman oluyor. Biliyorsunuz bu derinlikli strateji ge\u00e7en g\u00fcnlerde Irak ziyaretinde gizlice Kerk\u00fck\u2019\u00fc ziyaret etmi\u015fti. Irak h\u00fck\u00fcmeti \u00f6ylesine sert ve net bir tepki g\u00f6sterdi ki D\u0131\u015fi\u015fleri Bakan\u0131 Irak\u2019ta tutuklanmaktan son anda kurtuldu. Hariciye, olay\u0131 sert bir notayla atlatt\u0131.<!--more--><\/p>\n<p style=\"text-align: justify;\">Bu derinlikli stratejinin ge\u00e7en y\u0131llarda \u0130ran\u2019\u0131n n\u00fckleer program\u0131 ile ilgili \u00e7uvallamas\u0131n\u0131n \u00fczerinden ne kadar ge\u00e7ti bilmiyorum ama D\u0131\u015fi\u015fleri Bakan\u0131 Arakan yolundayken \u0130ran, T\u00fcrkiye vatanda\u015flar\u0131na vize uygulamaya yeniden ba\u015flad\u0131\u011f\u0131n\u0131 duyurdu. Davuto\u011flu D\u0131\u015fi\u015fleri Bakan\u0131 olmadan \u00f6nce dost diyebilece\u011fimiz bir \u0130srail devleti vard\u0131 hat\u0131rlar m\u0131s\u0131n\u0131z? Al derinlik ver strateji derken art\u0131k d\u00fc\u015fmandan beteriz. Tabii bir de Arap d\u00fcnyas\u0131na a\u00e7\u0131l\u0131m olarak sunulan Suriye meselesi var ki daha d\u00fcn kom\u015fu kap\u0131m\u0131zdaki b\u00fcy\u00fck ba\u015far\u0131 olarak sunulan Halep\u2019te bug\u00fcn katliam ya\u015fan\u0131yor.<\/p>\n<p style=\"text-align: justify;\">Ve sanki b\u00fct\u00fcn bunlar olmam\u0131\u015f gibi, sanki bunlar\u0131n hi\u00e7biri derinlikli stratejinin birer \u00fcr\u00fcn\u00fc de\u011filmi\u015f gibi D\u0131\u015fi\u015fleri Bakan\u0131 Davuto\u011flu kalkm\u0131\u015f Arakan\u2019daki M\u00fcsl\u00fcmanlara yard\u0131m etmeye gidiyor. Y\u0131llard\u0131r \u00e7\u00f6z\u00fclemeyen d\u00fcnyan\u0131n belki de en kar\u0131\u015f\u0131k etnik ve din sava\u015f\u0131n\u0131 yerinde \u00e7\u00f6z\u00fcp gelecekmi\u015f gibi bir hava!<\/p>\n<p style=\"text-align: justify;\">\u015eimdi D\u0131\u015fi\u015fleri Bakan\u0131\u2019n\u0131n ortal\u0131k yang\u0131n yeriyken kat\u0131ld\u0131\u011f\u0131 bu beyhude geziye g\u00fclmekten ba\u015fka ne yapabiliriz.<\/p>\n<p style=\"text-align: justify;\">Asl\u0131nda b\u0131rak\u0131n g\u00fclmeyi bu derinlikli strateji d\u00f6n\u00fc\u015fte Myanmar\u2019a sava\u015f ilan etmezse ona bile sevinece\u011fim. Yine de tek tesellimiz var: En az\u0131ndan D\u0131\u015fi\u015fleri Bakan\u0131 ortal\u0131kta g\u00f6z\u00fckmedi\u011fi i\u00e7in yeni bir kom\u015fumuzla daha sorun ya\u015famayaca\u011f\u0131z.<\/p>\n<p style=\"text-align: justify;\">Ger\u00e7i sorun olmayan kald\u0131 m\u0131 onu da bilmiyorum!<\/p>\n<p style=\"text-align: justify;\"><span style=\"color: #993300;\"><strong>Emine Erdo\u011fan\u2019\u0131n Arakan\u2019a gidi\u015fi<\/strong><\/span><\/p>\n<p style=\"text-align: justify;\"><a href=\"http:\/\/www.korhanyilmaz.com\/wp-content\/uploads\/2012\/08\/H246.jpg\"  class=\"lightview\"><img loading=\"lazy\" decoding=\"async\" class=\"alignleft  wp-image-53805\" style=\"margin-left: 10px; margin-right: 10px;\" src=\"http:\/\/www.korhanyilmaz.com\/wp-content\/uploads\/2012\/08\/H246.jpg\" alt=\"\" width=\"293\" height=\"196\" \/><\/a>D\u0131\u015fi\u015fleri Bakan\u0131\u2019n\u0131n Arakan\u2019a resmi olarak gitmesi ne kadar yanl\u0131\u015fsa Emine Erdo\u011fan ve k\u0131z\u0131 S\u00fcmeyye Erdo\u011fan\u2019\u0131n Arakan\u2019a gayri resmi ziyareti o kadar do\u011fru. Ba\u015fbakan Erdo\u011fan\u2019\u0131n ailesinin d\u00fcnyan\u0131n her yerindeki M\u00fcsl\u00fcmanlara olan ilgisi malumumuz. Nitekim Davos\u2019taki \u2018One minute\u2019 \u00e7\u0131k\u0131\u015f\u0131 biraz da Emine Erdo\u011fan\u2019\u0131n Gazze\u2019de ya\u015fanan zulm\u00fc neredeyse bir aile meselesi kadar hissederek samimi ve i\u00e7ten ya\u015famas\u0131n\u0131n \u00fcr\u00fcn\u00fcyd\u00fc. Somali\u2019ye yap\u0131lan yard\u0131mlar\u0131n b\u00fcy\u00fckl\u00fc\u011f\u00fc de ku\u015fkusuz Emine Erdo\u011fan ve k\u0131z\u0131 S\u00fcmeyye Erdo\u011fan\u2019\u0131n \u00e7abalar\u0131yla olu\u015ftu diyebiliriz. Sonu\u00e7ta bu sivil \u00e7abalar T\u00fcrkiye\u2019yi k\u00fc\u00e7\u00fcltmedi, sadece b\u00fcy\u00fctt\u00fc. Ba\u015fbakan\u2019\u0131n e\u015fi bu t\u00fcr gayri resmi giri\u015fimlerinde hem T\u00fcrkiye\u2019nin ad\u0131n\u0131 duyuruyor hem de T\u00fcrkiye\u2019yi temsil ediyordu. Emine Erdo\u011fan k\u0131z\u0131yla beraber d\u00fcnya meselelerini yak\u0131ndan takip ediyor ve samimi duyarl\u0131l\u0131\u011f\u0131n\u0131 hi\u00e7bir devlet ba\u015fkan\u0131n\u0131n e\u015finde g\u00f6r\u00fclmedi\u011fi \u015fekilde dile getiriyordu. \u0130li\u015fkiler bu d\u00fczeyde olunca hi\u00e7bir devlet de kalk\u0131p \u201cT\u00fcrkiye\u2019nin ne i\u015fi var o kamplarda\u201d diye sormuyor, soram\u0131yordu. Ke\u015fke Arakan ziyareti de bu kapsam i\u00e7inde kalsayd\u0131.<\/p>\n<p style=\"text-align: justify;\">Bug\u00fcn Emine Erdo\u011fan, D\u0131\u015fi\u015fleri Bakan\u0131\u2019n\u0131n b\u00fcy\u00fck bir i\u015fg\u00fczarl\u0131kla e\u015flik etti\u011fi bir ba\u015fbakan e\u015findense k\u0131z\u0131 ile Arakan\u2019a giden ger\u00e7ek bir sivil toplum g\u00f6n\u00fcll\u00fcs\u00fc portresi uluslararas\u0131 d\u00fczeyde \u00e7ok daha g\u00fc\u00e7l\u00fc kalacakt\u0131. Davuto\u011flu\u2019nun heyete kat\u0131lmas\u0131 bu g\u00f6r\u00fcnt\u00fcy\u00fc bozdu. T\u00fcrkiye\u2019yi gereksiz yere karma\u015f\u0131k bir din sava\u015f\u0131nda taraflardan birinin \u2018resmi\u2019 olarak hamisi pozisyonuna soktu. Emine Erdo\u011fan\u2019\u0131n sivilli\u011fini de tehlikeye att\u0131. Ne derinlikmi\u015f, ne stratejiymi\u015f be karde\u015fim!<\/p>\n<p style=\"text-align: justify;\"><span style=\"color: #993300;\">E<strong>l Kaide \u00d6zg\u00fcr Suriye Ordusu\u2019nun neresinde?<\/strong><\/span><\/p>\n<p style=\"text-align: justify;\">Suriye\u2019de Halep\u2019te devam eden i\u00e7 sava\u015f\u0131n son kurban\u0131 El Kaide\u2019nin T\u00fcrkiye\u2019deki avukat\u0131 olarak tan\u0131nan Osman Karahan oldu. Osman Karahan ile bir 5n1k s\u00f6yle\u015fisinde bir araya gelmi\u015ftik. O d\u00f6nem \u0130stanbul patlamalar\u0131n\u0131n sorumlusu El Kaide mensubu Lois Sakka\u2019n\u0131n avukatl\u0131\u011f\u0131n\u0131 \u00fcstlenmi\u015fti. T\u00fcrkiye\u2019de istihbarat te\u015fkilatlar\u0131n\u0131n neredeyse tamam\u0131n\u0131n yak\u0131ndan takip alt\u0131nda tuttu\u011fu bir isimdi. Karahan\u2019\u0131 programa almadan \u00f6nce geni\u015f bir ara\u015ft\u0131rmaya giri\u015fmi\u015f ve daha o y\u0131llarda (san\u0131r\u0131m 7 y\u0131l \u00f6nceydi) son derece derin ba\u011flant\u0131lar\u0131 oldu\u011funu g\u00f6r\u00fcp \u015fa\u015f\u0131rm\u0131\u015ft\u0131k. T\u00fcrkiye\u2019deki El Kaide ile bir avukat\u0131n \u00e7ok \u00f6tesinde yak\u0131n bir ili\u015fkisi vard\u0131. Ekranda bu ili\u015fki ile ilgili yapt\u0131\u011f\u0131m\u0131z ara\u015ft\u0131rmalar do\u011frultusunda soru sordu\u011fumda o da bu bilgilere nas\u0131l ula\u015ft\u0131\u011f\u0131m\u0131za \u015fa\u015f\u0131rm\u0131\u015ft\u0131. Gazetecilik b\u00f6yle bir \u015feydi ama avukatl\u0131k pek Osman Karahan\u2019\u0131n yapt\u0131\u011f\u0131 gibi bir \u015fey de\u011fildi. Nitekim o da anlad\u0131\u011f\u0131m\u0131z kadar\u0131yla \u00fczerinden c\u00fcppeyi \u00e7\u0131kart\u0131p Suriye\u2019de El Kaide saflar\u0131nda \u00e7arp\u0131\u015fmaya kat\u0131lmaya karar vermi\u015f. D\u00fcn ailesinin yapt\u0131\u011f\u0131 bir a\u00e7\u0131klamada Karahan\u2019\u0131n dini u\u011fruna hayata dair her t\u00fcrl\u00fc mal m\u00fclkten vazge\u00e7ip sava\u015fmaya gitti\u011fi uzun uzun anlat\u0131l\u0131p, bu konunun \u00e7arp\u0131t\u0131lmamas\u0131 isteniyordu. Asl\u0131nda bu \u00f6l\u00fcm \u00d6zg\u00fcr Suriye Ordusu olarak bizlere sunulan sivil inisiyatifin hakk\u0131nda k\u00fc\u00e7\u00fck de olsa bir ipucu veriyor. Osman Karahan, El Kaide mensubu olmasa bile anla\u015f\u0131lan bug\u00fcn Halep\u2019te sokak sava\u015f\u0131 verenlerin aras\u0131nda El Kaide mensuplar\u0131 da var. Bug\u00fcn Esad\u2019\u0131 devirmek i\u00e7in ya\u015fanan kaosun Esad devrildikten sonra \u00e7ok daha b\u00fcy\u00fc\u011f\u00fcn\u00fcn ya\u015fanabilece\u011fi ad\u0131na ilgin\u00e7 bir detay!<\/p>\n<p style=\"text-align: justify;\"><a href=\"http:\/\/www.radikal.com.tr\/Radikal.aspx?aType=RadikalYazar&amp;ArticleID=1096743&amp;Yazar=CUNEYT-OZDEMIR&amp;CategoryID=97\" target=\"_blank\">Kaynak : Radikal.com.tr\u00a0<\/a><\/p>\n","protected":false},"excerpt":{"rendered":"<p id=\"caption-attachment-51970\" class=\"wp-caption-text\">C\u00fcneyt \u00d6zdemir<\/p>\n<p style=\"text-align: justify;\">Hi\u00e7biri derinlikli stratejinin birer \u00fcr\u00fcn\u00fc de\u011filmi\u015f gibi Davuto\u011flu kalkm\u0131\u015f Arakan&#8217;daki M\u00fcsl\u00fcmanlara yard\u0131m etmeye gidiyor.<\/p>\n<p style=\"text-align: justify;\">Arakan\u2019a giden u\u00e7a\u011f\u0131n i\u00e7inde D\u0131\u015fi\u015fleri Bakan\u0131 Ahmet Davuto\u011flu\u2019nun her zamanki derinlikli stratejisine ait s\u00f6zc\u00fckler geveledi\u011fini g\u00f6r\u00fcnce insan kendini g\u00fclmekten alam\u0131yor. D\u0131\u015fi\u015fleri Bakan\u0131\u2019n\u0131n \u00f6ylesine derinlikli bir stratejisi var ki neye dokunsa ortal\u0131k toz duman <\/p>\n","protected":false},"author":1,"featured_media":0,"comment_status":"open","ping_status":"open","sticky":false,"template":"","format":"standard","meta":{"footnotes":""},"categories":[16],"tags":[1055],"class_list":["post-53804","post","type-post","status-publish","format-standard","hentry","category-kose-yazilari","tag-cuneyt-ozdemir","odd"],"_links":{"self":[{"href":"http:\/\/www.korhanyilmaz.com\/index.php?rest_route=\/wp\/v2\/posts\/53804","targetHints":{"allow":["GET"]}}],"collection":[{"href":"http:\/\/www.korhanyilmaz.com\/index.php?rest_route=\/wp\/v2\/posts"}],"about":[{"href":"http:\/\/www.korhanyilmaz.com\/index.php?rest_route=\/wp\/v2\/types\/post"}],"author":[{"embeddable":true,"href":"http:\/\/www.korhanyilmaz.com\/index.php?rest_route=\/wp\/v2\/users\/1"}],"replies":[{"embeddable":true,"href":"http:\/\/www.korhanyilmaz.com\/index.php?rest_route=%2Fwp%2Fv2%2Fcomments&post=53804"}],"version-history":[{"count":0,"href":"http:\/\/www.korhanyilmaz.com\/index.php?rest_route=\/wp\/v2\/posts\/53804\/revisions"}],"wp:attachment":[{"href":"http:\/\/www.korhanyilmaz.com\/index.php?rest_route=%2Fwp%2Fv2%2Fmedia&parent=53804"}],"wp:term":[{"taxonomy":"category","embeddable":true,"href":"http:\/\/www.korhanyilmaz.com\/index.php?rest_route=%2Fwp%2Fv2%2Fcategories&post=53804"},{"taxonomy":"post_tag","embeddable":true,"href":"http:\/\/www.korhanyilmaz.com\/index.php?rest_route=%2Fwp%2Fv2%2Ftags&post=53804"}],"curies":[{"name":"wp","href":"https:\/\/api.w.org\/{rel}","templated":true}]}}