{"id":53756,"date":"2012-08-10T02:21:58","date_gmt":"2012-08-09T23:21:58","guid":{"rendered":"http:\/\/www.korhanyilmaz.com\/?p=53756"},"modified":"2012-08-12T04:41:53","modified_gmt":"2012-08-12T01:41:53","slug":"kilicdaroglu-ozelle-suriyeyi-konustu","status":"publish","type":"post","link":"http:\/\/www.korhanyilmaz.com\/?p=53756","title":{"rendered":"K\u0131l\u0131\u00e7daro\u011flu \u00d6zel&#8217;le Suriye\u2019yi konu\u015ftu"},"content":{"rendered":"<p style=\"text-align: center;\"><a href=\"http:\/\/www.korhanyilmaz.com\/wp-content\/uploads\/2012\/08\/H235.jpg\"  class=\"lightview\"><img loading=\"lazy\" decoding=\"async\" class=\"aligncenter  wp-image-53757\" src=\"http:\/\/www.korhanyilmaz.com\/wp-content\/uploads\/2012\/08\/H235.jpg\" alt=\"\" width=\"378\" height=\"212\" \/><\/a><\/p>\n<p style=\"text-align: justify;\"><strong>Bir bu\u00e7uk saat ba\u015fba\u015fa g\u00f6r\u00fc\u015ft\u00fcler\u00a0<\/strong><\/p>\n<p style=\"text-align: justify;\">Genelkurmay Ba\u015fkan\u0131 Orgeneral Necdet \u00d6zel, d\u00fcn CHP lideri Kemal K\u0131l\u0131\u00e7daro\u011flu \u2018nu ziyaret etti. G\u00f6r\u00fc\u015fmede, a\u011f\u0131rl\u0131kl\u0131 olarak Suriye krizinin ve \u015eemdinli\u2019deki ter\u00f6rist sald\u0131r\u0131n\u0131n ve Fo\u00e7a\u2019da meydana gelen son olay\u0131n ele al\u0131nd\u0131\u011f\u0131 \u00f6\u011frenildi.<!--more--><\/p>\n<p style=\"text-align: justify;\">CHP Genel Merkezinde ger\u00e7ekle\u015fen ziyaret, saat 11.00\u2019de ba\u015flad\u0131 ve yakla\u015f\u0131k bir bu\u00e7uk saat s\u00fcrd\u00fc. G\u00f6r\u00fc\u015fmenin, K\u0131l\u0131\u00e7daro\u011flu ile \u00d6zel\u2019in \u015fehit cenazesinde \u201ctokala\u015fmad\u0131klar\u0131\u201d ve \u201caralar\u0131nda so\u011fukluk var\u201d iddialar\u0131ndan sonra ger\u00e7ekle\u015fmesi dikkat \u00e7ekti.<\/p>\n<p style=\"text-align: justify;\"><strong>A\u011f\u0131rl\u0131kl\u0131 ter\u00f6r g\u00f6r\u00fc\u015f\u00fcld\u00fc\u00a0<\/strong><\/p>\n<p style=\"text-align: justify;\">\u00d6zel\u2019i CHP Genel Merkezi geli\u015finde CHP S\u00f6zc\u00fcs\u00fc ve Genel Ba\u015fkan Yard\u0131mc\u0131s\u0131 Samsun Milletvekili Haluk Ko\u00e7 kar\u015f\u0131lad\u0131. \u00d6zel\u2019i CHP Genel Merkez\u2019inden ayr\u0131l\u0131\u015f\u0131 s\u0131ras\u0131nda ise CHP Genel Ba\u015fkan\u0131 Kemal K\u0131l\u0131\u00e7daro\u011flu u\u011furlad\u0131. \u00d6zel ve CHP Genel Ba\u015fkan\u0131 K\u0131l\u0131\u00e7daro\u011flu ba\u015fba\u015fa ger\u00e7ekle\u015fen g\u00f6r\u00fc\u015fme ile ilgili herhangi bir a\u00e7\u0131klama yapmad\u0131. Ziyarette, T\u00fcrkiye\u2019nin i\u00e7 ve g\u00fcvenlik sorunlar\u0131 ele al\u0131nd\u0131\u011f\u0131 belirtildi. Suriye ile T\u00fcrkiye aras\u0131ndaki her an s\u0131cak bir \u00e7at\u0131\u015fmaya d\u00f6n\u00fc\u015febilecek gerginlik, Suriye hava sahas\u0131nda d\u00fc\u015f\u00fcr\u00fclen Hava Kuvvetleri\u2019ne ait u\u00e7ak olay\u0131n\u0131n yan\u0131 s\u0131ra, ayr\u0131l\u0131k\u00e7\u0131 ter\u00f6r olaylar\u0131ndaki t\u0131rman\u0131\u015f ile \u015eemdinli\u2019de g\u00fcnlerdir s\u00fcren \u00e7at\u0131\u015fman\u0131n a\u011f\u0131rl\u0131kl\u0131 olarak ele al\u0131nd\u0131\u011f\u0131 \u00f6\u011frenildi. G\u00f6r\u00fc\u015fmede, Genelkurmay ba\u015fkan\u0131n bu olaylara ili\u015fkin bilgi verdi\u011fi, K\u0131l\u0131\u00e7daro\u011flu\u2019nun ise zaman zaman soru sorarak TSK\u2019nin bu konulardaki d\u00fc\u015f\u00fcncesini \u00f6\u011frenmeye \u00e7al\u0131\u015ft\u0131\u011f\u0131 bildirildi.<\/p>\n<p style=\"text-align: justify;\"><a href=\"http:\/\/www.aydinlikgazete.com\/mansetler\/14329-kilicdaroglu-ozelle-suriyeyi-konustu.html\" target=\"_blank\">Kaynak : Ayd\u0131nl\u0131k Gazetesi<\/a><\/p>\n","protected":false},"excerpt":{"rendered":"<p style=\"text-align: center;\">\n<p style=\"text-align: justify;\">Bir bu\u00e7uk saat ba\u015fba\u015fa g\u00f6r\u00fc\u015ft\u00fcler <\/p>\n<p style=\"text-align: justify;\">Genelkurmay Ba\u015fkan\u0131 Orgeneral Necdet \u00d6zel, d\u00fcn CHP lideri Kemal K\u0131l\u0131\u00e7daro\u011flu \u2018nu ziyaret etti. G\u00f6r\u00fc\u015fmede, a\u011f\u0131rl\u0131kl\u0131 olarak Suriye krizinin ve \u015eemdinli\u2019deki ter\u00f6rist sald\u0131r\u0131n\u0131n ve Fo\u00e7a\u2019da meydana gelen son olay\u0131n ele al\u0131nd\u0131\u011f\u0131 \u00f6\u011frenildi.<\/p>\n","protected":false},"author":1,"featured_media":0,"comment_status":"open","ping_status":"open","sticky":false,"template":"","format":"standard","meta":{"footnotes":""},"categories":[105],"tags":[],"class_list":["post-53756","post","type-post","status-publish","format-standard","hentry","category-gundem","odd"],"_links":{"self":[{"href":"http:\/\/www.korhanyilmaz.com\/index.php?rest_route=\/wp\/v2\/posts\/53756","targetHints":{"allow":["GET"]}}],"collection":[{"href":"http:\/\/www.korhanyilmaz.com\/index.php?rest_route=\/wp\/v2\/posts"}],"about":[{"href":"http:\/\/www.korhanyilmaz.com\/index.php?rest_route=\/wp\/v2\/types\/post"}],"author":[{"embeddable":true,"href":"http:\/\/www.korhanyilmaz.com\/index.php?rest_route=\/wp\/v2\/users\/1"}],"replies":[{"embeddable":true,"href":"http:\/\/www.korhanyilmaz.com\/index.php?rest_route=%2Fwp%2Fv2%2Fcomments&post=53756"}],"version-history":[{"count":0,"href":"http:\/\/www.korhanyilmaz.com\/index.php?rest_route=\/wp\/v2\/posts\/53756\/revisions"}],"wp:attachment":[{"href":"http:\/\/www.korhanyilmaz.com\/index.php?rest_route=%2Fwp%2Fv2%2Fmedia&parent=53756"}],"wp:term":[{"taxonomy":"category","embeddable":true,"href":"http:\/\/www.korhanyilmaz.com\/index.php?rest_route=%2Fwp%2Fv2%2Fcategories&post=53756"},{"taxonomy":"post_tag","embeddable":true,"href":"http:\/\/www.korhanyilmaz.com\/index.php?rest_route=%2Fwp%2Fv2%2Ftags&post=53756"}],"curies":[{"name":"wp","href":"https:\/\/api.w.org\/{rel}","templated":true}]}}