{"id":53694,"date":"2012-08-05T11:57:24","date_gmt":"2012-08-05T08:57:24","guid":{"rendered":"http:\/\/www.korhanyilmaz.com\/?p=53694"},"modified":"2012-11-26T10:52:17","modified_gmt":"2012-11-26T08:52:17","slug":"hilmi-ozkok-vakasi-ve-akp-cemaat-darbesi","status":"publish","type":"post","link":"http:\/\/www.korhanyilmaz.com\/?p=53694","title":{"rendered":"Hilmi \u00d6zk\u00f6k \u2018Vakas\u0131\u2019 ve AKP-Cemaat Darbesi"},"content":{"rendered":"<div id=\"attachment_53695\" style=\"width: 93px\" class=\"wp-caption alignright\"><img loading=\"lazy\" decoding=\"async\" aria-describedby=\"caption-attachment-53695\" class=\" wp-image-53695 \" title=\"Merdan Yanarda\u011f - Yurt Gazetesi\" src=\"http:\/\/www.korhanyilmaz.com\/wp-content\/uploads\/2012\/08\/H219.jpg\" alt=\"\" width=\"83\" height=\"114\" \/><p id=\"caption-attachment-53695\" class=\"wp-caption-text\">Merdan Yanarda\u011f<\/p><\/div>\n<p style=\"text-align: justify;\">Nihayet beklenen ger\u00e7ekle\u015fti ve Genelkurmay eski Ba\u015fkan\u0131 Hilmi \u00d6zk\u00f6k, Ergenekon Davas\u0131\u2019n\u0131n ge\u00e7en hafta per\u015fembe ve cuma g\u00fcnleri yap\u0131lan duru\u015fmalar\u0131nda tan\u0131k olarak dinlendi. E. Orgeneral Hur\u015fit Tolon ve Genelkurmay eski Ba\u015fkan\u0131 \u0130lker Ba\u015fbu\u011f gibi san\u0131klar\u0131n ve avukatlar\u0131n\u0131n iyi haz\u0131rlanm\u0131\u015f, ger\u00e7e\u011fin a\u00e7\u0131\u011fa \u00e7\u0131kmas\u0131n\u0131 sa\u011flayacak sorular\u0131 \u00d6zk\u00f6k\u2019\u00fc hayli s\u0131k\u0131\u015ft\u0131rd\u0131.<\/p>\n<p style=\"text-align: justify;\">\u00d6zk\u00f6k\u2019\u00fcn Ergenekon davas\u0131nda dinlenmesi hi\u00e7 ku\u015fku yok ki ge\u00e7en haftan\u0131n en \u00f6nemli geli\u015fmesiydi. \u00c7\u00fcnk\u00fc \u00d6zk\u00f6k, Ergenekon ve Balyoz davalar\u0131n\u0131n en kritik tan\u0131\u011f\u0131yd\u0131. Ergenekon tertibinin haz\u0131rlanmas\u0131nda \u00d6zk\u00f6k\u2019\u00fcn \u00f6nemli bir rol\u00fcn\u00fcn oldu\u011funa ili\u015fkin ciddi iddialar vard\u0131. Kendisinin de do\u011frulad\u0131\u011f\u0131 gibi; \u201cAy\u0131\u015f\u0131\u011f\u0131\u201d ve \u201cYakamoz\u201d gibi kodlarla an\u0131lan ve darbe planlar\u0131 oldu\u011fu ileri s\u00fcr\u00fclen dosyalar\u0131n y\u00fckl\u00fc oldu\u011fu CD, kendisine g\u00f6revdeyken ula\u015ft\u0131r\u0131ld\u0131. \u00d6zk\u00f6k, bu CD\u2019nin \u201ckayna\u011f\u0131n\u0131n belirsiz oldu\u011funu ve me\u015fru bulmad\u0131\u011f\u0131n\u0131\u201d belirterek i\u015flem yapmad\u0131\u011f\u0131n\u0131 s\u00f6yledi.<!--more--><\/p>\n<p style=\"text-align: justify;\">San\u0131lan\u0131n aksine \u00d6zk\u00f6k\u2019\u00fcn bu davran\u0131\u015f\u0131 iyi de\u011fil, k\u00f6t\u00fc bir tutumdur. \u00c7\u00fcnk\u00fc e\u011fer bu CD g\u00fcvenilmez, kayna\u011f\u0131 belirsiz ve me\u015fru de\u011filse, bu tertibin haz\u0131rland\u0131\u011f\u0131 a\u00e7\u0131kt\u0131r. Dolay\u0131s\u0131yla Genelkurmay Ba\u015fkan\u0131 \u00f6nlem almal\u0131 ve ilgili komutanlar\u0131 uyarmal\u0131yd\u0131. Bunu yapmad\u0131\u011f\u0131 ortaya \u00e7\u0131kt\u0131.<\/p>\n<p style=\"text-align: justify;\">\u00d6zk\u00f6k\u2019\u00fcn Ergenekon-Balyoz tertibinin bir par\u00e7as\u0131 olup olmad\u0131\u011f\u0131na dair somut bir bilgi bulunmasa da olaylar\u0131n ak\u0131\u015f\u0131, politik tavr\u0131 ve \u00d6zk\u00f6k\u2019\u00fcn iktidarla ili\u015fkileri b\u00f6yle bir ba\u011f\u0131n \u015fu ya da bu d\u00fczeyde bulundu\u011funu b\u00fcy\u00fck \u00f6l\u00e7\u00fcde do\u011fruluyor. \u00d6zk\u00f6k s\u00f6z\u00fcn\u00fc etti\u011fi CD\u2019nin nereden ve nas\u0131l geldi\u011fini, kimlerin haz\u0131rlad\u0131\u011f\u0131n\u0131, amac\u0131n ne oldu\u011funu \u00f6\u011frenemeyecek konumda bir asker de\u011fildi, genelkurmay ba\u015fkan\u0131yd\u0131.<\/p>\n<p style=\"text-align: justify;\">Bilindi\u011fi gibi, Ergenekon tertibine paralel olarak ayn\u0131 d\u00f6nemde bir de \u201c\u00d6zk\u00f6k efsanesi\u201d olu\u015fturulmaya \u00e7al\u0131\u015f\u0131lm\u0131\u015ft\u0131. Bu efsaneye g\u00f6re, g\u00fcya darbe yap\u0131lmas\u0131n\u0131 \u201cdemokrat pa\u015fa\u201d Hilmi \u00d6zk\u00f6k \u00f6nlemi\u015f. E\u011fer onun gibi \u201cdemokrasiye inanm\u0131\u015f\u201d bir genelkurmay ba\u015fkan\u0131 olmasaym\u0131\u015f, darbeciler ama\u00e7lar\u0131na ula\u015facaklarm\u0131\u015f vs. Bu \u201cdemokrat pa\u015fam\u0131z\u201d o d\u00f6nemde hayli parlat\u0131lm\u0131\u015ft\u0131. Gerici bas\u0131nda ard\u0131ndan \u00f6vg\u00fcler dizilmi\u015fti.<\/p>\n<p style=\"text-align: justify;\">***<\/p>\n<p style=\"text-align: justify;\">Antrparantez belirtelim ki, genelkurmay ba\u015fkan\u0131 da olsa \u015fartlar\u0131 olu\u015fmu\u015f ve haz\u0131rl\u0131klar\u0131 tamamlanm\u0131\u015f bir askeri m\u00fcdahaleyi, b\u00f6yle bir eyleme kalk\u0131\u015fanlar vazge\u00e7medik\u00e7e tek ba\u015f\u0131na hi\u00e7bir komutan \u00f6nleyemez. Bilindi\u011fi gibi 27 May\u0131s 1960\u2019da gen\u00e7 subaylar kendi Genelkurmay Ba\u015fkanlar\u0131n\u0131, Orgeneral R\u00fc\u015ft\u00fc Erdelhun\u2019u tutuklad\u0131lar ve hapse att\u0131lar. Erdelhun\u2019un affedilmesi i\u00e7in 27 May\u0131s\u00e7\u0131 albaylara, binba\u015f\u0131lara cezaevinden yazd\u0131\u011f\u0131 ac\u0131kl\u0131 mektuplar ar\u015fivlerde duruyor. Yine hat\u0131rlatal\u0131m, 27 May\u0131s\u00e7\u0131lar birka\u00e7\u0131 hari\u00e7 TSK\u2019daki b\u00fct\u00fcn generalleri ve amiralleri ordudan ihra\u00e7 ettiler. \u00d6yle ki, 300 civar\u0131nda generalin oldu\u011fu ordudan tam 270 general ve amiral tasfiye edildi.<\/p>\n<p style=\"text-align: justify;\">Dolay\u0131s\u0131yla \u015fu \u201cdarbeyi \u00f6nleyen demokrat komutan\u201d efsanesi tam bir palavradan ibaret!<\/p>\n<p style=\"text-align: justify;\">Hilmi \u00d6zk\u00f6k\u2019\u00fcn mahkemede birinci g\u00fcn verdi\u011fi ifadeler ger\u00e7ekte i\u00e7 tutarl\u0131l\u0131ktan yoksundu. Ne tam olarak iddialar\u0131 do\u011fruluyor ne de yalanl\u0131yordu. Ancak, s\u00f6zleri savc\u0131l\u0131k iddianamesindeki g\u00f6r\u00fc\u015flerin do\u011fru olabilece\u011fi y\u00f6n\u00fcnde bir a\u011f\u0131rl\u0131k ta\u015f\u0131yordu. Nitekim \u0130slamc\u0131, muhafazak\u00e2r ve yanda\u015f medya ile Taha Akyol ve Avni \u00d6zg\u00fcrel gibi sa\u011fc\u0131 yazarlar, \u00d6zk\u00f6k\u2019\u00fcn s\u00f6zlerini iddianamenin teyit edilmesi \u015feklinde yorumlad\u0131lar.<\/p>\n<p style=\"text-align: justify;\">Ancak \u00d6zk\u00f6k, \u00f6zellikle ikinci g\u00fcn, nas\u0131l bir vicdan muhasebesinden ge\u00e7ti bilemeyiz ama beklenenin aksine savc\u0131l\u0131\u011f\u0131n iddialar\u0131n\u0131 de\u011fil, savunman\u0131n tezlerini do\u011frulad\u0131. \u00d6zk\u00f6k, ikinci g\u00fcn verdi\u011fi ifadelerle deyim uygunsa Ergenekon iddianamesini \u00e7\u00f6kertti.<\/p>\n<p style=\"text-align: justify;\">Beklenmedik bir geli\u015fmeydi.<\/p>\n<p style=\"text-align: justify;\">***<\/p>\n<p style=\"text-align: justify;\">Anlayaca\u011f\u0131n\u0131z yak\u0131n tarihimizin bir \u201cHilmi \u00d6zk\u00f6k Olay\u0131\u201d var. Hilmi \u00d6zk\u00f6k, ger\u00e7ekten de &#8220;darbe&#8221; ve &#8220;darbecilik&#8221; gibi kavramlar\u0131n hayli hafifletildi\u011fi \u015fu g\u00fcnlerde \u00fczerinde \u00f6nemle durulmas\u0131 gereken bir ki\u015filik. \u015eimdi isterseniz bu isme biraz daha yak\u0131ndan bakal\u0131m ve kim \u201cdarbeci\u201d kim \u201cdemokrat\u201d anlamaya \u00e7al\u0131\u015fal\u0131m.<\/p>\n<p style=\"text-align: justify;\">Biraz geriye giderek, yak\u0131n ge\u00e7mi\u015fte ya\u015fananlar\u0131 hat\u0131rlamakta, olgular\u0131 ortaya koymakta yarar var. AKP-Cemaat blokunun devleti ele ge\u00e7irme hamlesinde ilk ve en somut \u00e7at\u0131\u015fma asl\u0131nda 2003 A\u011fustos ay\u0131nda ya\u015fand\u0131. Ergenekon ve Balyoz soru\u015fturmalar\u0131 kapsam\u0131nda tutuklanan ya da davaya dahil edilen \u00fcst d\u00fczey eski askerlerin \u00f6nemli b\u00f6l\u00fcm\u00fc 2003 y\u0131l\u0131ndaki Y\u00fcksek Askeri \u015e\u00fbra (YA\u015e) toplant\u0131s\u0131nda emekli edildi. G\u00f6revdeki subaylar ise \u00f6nce tutukland\u0131 sonra da d\u00fcn yap\u0131lan 2012 YA\u015e toplant\u0131s\u0131nda tasfiye edildiler. (Ayr\u0131nt\u0131lar\u0131n\u0131 man\u015fetteki haberimizde okuyacaks\u0131n\u0131z.)<\/p>\n<p style=\"text-align: justify;\">Geli\u015fmeleri yak\u0131ndan izleyenler hat\u0131rlayacakt\u0131r; 2003 y\u0131l\u0131 A\u011fustos ay\u0131nda yap\u0131lan YA\u015e toplant\u0131s\u0131nda ordunun komuta kadrosu neredeyse tamam\u0131yla de\u011fi\u015ftirildi. \u00d6yle ki, s\u00f6z konusu toplant\u0131da 27 May\u0131s 1960&#8217;dan sonra Cumhuriyet tarihinin en b\u00fcy\u00fck general tasfiyesi ger\u00e7ekle\u015ftirildi. Tam 54 general ve amiral emekli edildi. Bu operasyon, ordunun sistem \u00fczerindeki a\u011f\u0131rl\u0131\u011f\u0131n\u0131 azaltmaya y\u00f6nelik en kapsaml\u0131 giri\u015fimdi.<\/p>\n<p style=\"text-align: justify;\">***<\/p>\n<p style=\"text-align: justify;\">E\u011fer yak\u0131n tarihte ger\u00e7ek bir \u201c\u00f6rt\u00fcl\u00fc\u201d ya da \u201csivil\u201d darbeden s\u00f6z edilecekse, bu darbeyi B\u00fclent Ecevit&#8217;in ba\u015fkanl\u0131\u011f\u0131ndaki 57. H\u00fck\u00fcmet\u2019in devrilmesinde, T\u00fcrkiye&#8217;nin 3 Kas\u0131m 2002 erken genel se\u00e7imlerine g\u00f6t\u00fcr\u00fclerek AKP&#8217;nin iktidara ta\u015f\u0131nmas\u0131nda aramak gereklidir. DSP\u2019yi par\u00e7alay\u0131p, T\u00fcrkiye\u2019yi erken se\u00e7ime g\u00f6t\u00fcren g\u00fc\u00e7ler kimlerse, AKP\u2019yi iktidara ta\u015f\u0131yanlar da onlard\u0131r.<\/p>\n<p style=\"text-align: justify;\">Gerek Ecevit H\u00fck\u00fcmeti\u2019nin d\u00fc\u015f\u00fcr\u00fcl\u00fcp T\u00fcrkiye&#8217;nin erken se\u00e7imlere g\u00f6t\u00fcr\u00fclmesi, gerek AKP&#8217;nin iktidara ta\u015f\u0131nmas\u0131, gerekse 54 generalin emekli edilmesi s\u0131ras\u0131nda Genelkurmay Ba\u015fkan\u0131 Orgeneral Hilmi \u00d6zk\u00f6k&#8217;t\u00fc.<\/p>\n<p style=\"text-align: justify;\">Ecevit H\u00fck\u00fcmeti\u2019nin devrilmesi operasyonunun sivil ucunda Kemal Dervi\u015f, askeri ucunda da Hilmi \u00d6zk\u00f6k bulunuyordu. O d\u00f6nemde komuta kademesindeki askerler, baz\u0131 gazeteciler arac\u0131l\u0131\u011f\u0131yla Ecevit&#8217;e sa\u011fl\u0131k sorunlar\u0131 nedeniyle \u00e7ekilmesi y\u00f6n\u00fcnde haber g\u00f6nderiyorlard\u0131 (Bu gazetecilerden biri de Radikal&#8217;in halen Ankara Temsilcili\u011fi g\u00f6revini yapan Murat Yetkin&#8217;di ve bunu a\u00e7\u0131k\u00e7a yazd\u0131.)<\/p>\n<p style=\"text-align: justify;\">Balyoz davas\u0131ndan tutuklu yarg\u0131lanan Birinci Ordu eski Komutan\u0131 Emekli Orgeneral \u00c7etin Do\u011fan, Ergenekon soru\u015fturmalar\u0131 s\u0131ras\u0131nda a\u00e7\u0131k\u00e7a Hilmi \u00d6zk\u00f6k&#8217;\u00fc &#8220;k\u00f6stebek&#8221; olmakla su\u00e7lad\u0131. \u00dczerinde \u00e7ok say\u0131da de\u011fi\u015fiklik ve eklemelerin yap\u0131ld\u0131\u011f\u0131 bilirki\u015fi raporlar\u0131yla kesinle\u015fen belgelerin AKP H\u00fck\u00fcmeti\u2019ne Hilmi \u00d6zk\u00f6k taraf\u0131ndan verildi\u011fini ileri s\u00fcrd\u00fc. Yani \u00c7etin Do\u011fan, Hilmi \u00d6zk\u00f6k\u2019\u00fcn Ergenekon ve Balyoz tertibinin i\u00e7inde oldu\u011funu a\u00e7\u0131k\u00e7a ileri s\u00fcrd\u00fc. \u00d6zk\u00f6k ise, bu iddialara hi\u00e7bir zaman net bir yan\u0131t vermedi.<\/p>\n<p style=\"text-align: justify;\">\u00d6zk\u00f6k mahkemede verdi\u011fi ifadelerle ruhunu mu temizledi bilemiyoruz. Ne dersiniz?<\/p>\n<p style=\"text-align: justify;\"><a href=\"http:\/\/www.yurtgazetesi.com.tr\/hilmi-ozkok-%E2%80%98vakasi-ve-akp-cemaat-darbesi-makale,1605.html\" target=\"_blank\">Kaynak : Yurt Gazetesi\u00a0<\/a><\/p>\n","protected":false},"excerpt":{"rendered":"<p id=\"caption-attachment-53695\" class=\"wp-caption-text\">Merdan Yanarda\u011f<\/p>\n<p style=\"text-align: justify;\">Nihayet beklenen ger\u00e7ekle\u015fti ve Genelkurmay eski Ba\u015fkan\u0131 Hilmi \u00d6zk\u00f6k, Ergenekon Davas\u0131\u2019n\u0131n ge\u00e7en hafta per\u015fembe ve cuma g\u00fcnleri yap\u0131lan duru\u015fmalar\u0131nda tan\u0131k olarak dinlendi. E. Orgeneral Hur\u015fit Tolon ve Genelkurmay eski Ba\u015fkan\u0131 \u0130lker Ba\u015fbu\u011f gibi san\u0131klar\u0131n ve avukatlar\u0131n\u0131n iyi haz\u0131rlanm\u0131\u015f, ger\u00e7e\u011fin a\u00e7\u0131\u011fa \u00e7\u0131kmas\u0131n\u0131 sa\u011flayacak sorular\u0131 \u00d6zk\u00f6k\u2019\u00fc hayli s\u0131k\u0131\u015ft\u0131rd\u0131.<\/p>\n<p style=\"text-align: justify;\">\u00d6zk\u00f6k\u2019\u00fcn <\/p>\n","protected":false},"author":1,"featured_media":0,"comment_status":"open","ping_status":"open","sticky":false,"template":"","format":"standard","meta":{"footnotes":""},"categories":[16],"tags":[1254],"class_list":["post-53694","post","type-post","status-publish","format-standard","hentry","category-kose-yazilari","tag-merdan-yanardag","odd"],"_links":{"self":[{"href":"http:\/\/www.korhanyilmaz.com\/index.php?rest_route=\/wp\/v2\/posts\/53694","targetHints":{"allow":["GET"]}}],"collection":[{"href":"http:\/\/www.korhanyilmaz.com\/index.php?rest_route=\/wp\/v2\/posts"}],"about":[{"href":"http:\/\/www.korhanyilmaz.com\/index.php?rest_route=\/wp\/v2\/types\/post"}],"author":[{"embeddable":true,"href":"http:\/\/www.korhanyilmaz.com\/index.php?rest_route=\/wp\/v2\/users\/1"}],"replies":[{"embeddable":true,"href":"http:\/\/www.korhanyilmaz.com\/index.php?rest_route=%2Fwp%2Fv2%2Fcomments&post=53694"}],"version-history":[{"count":0,"href":"http:\/\/www.korhanyilmaz.com\/index.php?rest_route=\/wp\/v2\/posts\/53694\/revisions"}],"wp:attachment":[{"href":"http:\/\/www.korhanyilmaz.com\/index.php?rest_route=%2Fwp%2Fv2%2Fmedia&parent=53694"}],"wp:term":[{"taxonomy":"category","embeddable":true,"href":"http:\/\/www.korhanyilmaz.com\/index.php?rest_route=%2Fwp%2Fv2%2Fcategories&post=53694"},{"taxonomy":"post_tag","embeddable":true,"href":"http:\/\/www.korhanyilmaz.com\/index.php?rest_route=%2Fwp%2Fv2%2Ftags&post=53694"}],"curies":[{"name":"wp","href":"https:\/\/api.w.org\/{rel}","templated":true}]}}