{"id":53691,"date":"2012-08-07T12:05:04","date_gmt":"2012-08-07T09:05:04","guid":{"rendered":"http:\/\/www.korhanyilmaz.com\/?p=53691"},"modified":"2012-08-21T17:48:03","modified_gmt":"2012-08-21T14:48:03","slug":"gelmis-gecmis-en-capsiz-genelkurmay-baskani-kim","status":"publish","type":"post","link":"http:\/\/www.korhanyilmaz.com\/?p=53691","title":{"rendered":"Gelmi\u015f ge\u00e7mi\u015f en \u00e7aps\u0131z Genelkurmay Ba\u015fkan\u0131 kim?"},"content":{"rendered":"<div id=\"attachment_53692\" style=\"width: 93px\" class=\"wp-caption alignright\"><img loading=\"lazy\" decoding=\"async\" aria-describedby=\"caption-attachment-53692\" class=\" wp-image-53692 \" title=\"C\u00fcneyt \u00dclsever - Yurt Gazetesi\" src=\"http:\/\/www.korhanyilmaz.com\/wp-content\/uploads\/2012\/08\/H218.jpg\" alt=\"\" width=\"83\" height=\"114\" \/><p id=\"caption-attachment-53692\" class=\"wp-caption-text\">C\u00fcneyt \u00dclsever<\/p><\/div>\n<p style=\"text-align: justify;\">Ahmet Davuto\u011flu Cengiz \u00c7andar\u2019\u0131n \u201cCumhuriyet tarihimizin en \u00e7arp\u0131c\u0131 D\u0131\u015fi\u015fleri Bakan\u0131.\u201d (Radikal-04.05.2010) methiyesi ile ba\u015flad\u0131\u011f\u0131 kariyerine \u015fimdi Kemal K\u0131l\u0131\u00e7daro\u011flu\u2019nun \u201cCumhuriyet tarihimizin en \u00e7aps\u0131z d\u0131\u015fi\u015fleri bakan\u0131\u201d saptamas\u0131 ile devam ediyor.<\/p>\n<p style=\"text-align: justify;\">***<\/p>\n<p style=\"text-align: justify;\">\u201cEn \u00e7arp\u0131c\u0131-en \u00e7aps\u0131z\u201d d\u00f6ng\u00fcs\u00fc \u00fczerine s\u00fcrd\u00fcr\u00fclen tart\u0131\u015fmalar bana da son g\u00fcnlerde \u201cacaba gelmi\u015f ge\u00e7mi\u015f an \u00e7aps\u0131z Genelkurmay Ba\u015fkan\u0131 kim?\u201d sorusunu sorduruyor.<\/p>\n<p style=\"text-align: justify;\">Hali ile bu sorunun do\u011fru cevab\u0131n\u0131 verebilmek i\u00e7in t\u00fcm genelkurmay ba\u015fkanlar\u0131n\u0131 tan\u0131mam ve performanslar\u0131 \u00fczerinde bilgi sahibi olmam gerekir. B\u00f6yle bir bilgi bende olmay\u0131nca ben ancak k\u0131s\u0131tl\u0131 bilgimle ve s\u00fcbjektif tav\u0131rla \u201cbir aday\u201d \u00f6ne s\u00fcrebilirim. Ad\u0131n\u0131 zikretmedi\u011fim di\u011fer \u00e7aps\u0131z Genelkurmay Ba\u015fkanlar\u0131ndan \u00f6z\u00fcr dileyerek aday\u0131m\u0131 a\u00e7\u0131kl\u0131yorum:\u00a0<!--more--><\/p>\n<p style=\"text-align: justify;\">Org. Necdet \u00d6zel!<\/p>\n<p style=\"text-align: justify;\">4 komutan\u0131n istifas\u0131yla 29 Temmuz 2011 tarihi itibariyle Kara Kuvvetleri Komutanl\u0131\u011f\u0131na atanan, ayn\u0131 saatlerde Ba\u015fbakanl\u0131k taraf\u0131ndan Genelkurmay Ba\u015fkan Vekilli\u011fi\u2019ne getirilen, daha sonra yap\u0131lan Y\u00fcksek Askeri \u015eura toplant\u0131s\u0131nda ise Genelkurmay Ba\u015fkanl\u0131\u011f\u0131\u2019na atanan Org. Necdet \u00d6zel zaten g\u00f6reve team\u00fcllerin olduk\u00e7a d\u0131\u015f\u0131nda ba\u015flam\u0131\u015ft\u0131.<\/p>\n<p style=\"text-align: justify;\">***<\/p>\n<p style=\"text-align: justify;\">Org. Necdet \u00d6zel\u2019i aday yapmam\u0131m gerek\u00e7eleri:<\/p>\n<p style=\"text-align: justify;\"><strong>1)<\/strong> Uludere\u2019de TSK\u2019nin kendi vatanda\u015flar\u0131n\u0131 neden katletti\u011fini bir t\u00fcrl\u00fc millete izah edemedi. Zerre kadar sorumluluk y\u00fcklenmedi.<\/p>\n<p style=\"text-align: justify;\">WSJ\u2019nin istihbarat\u0131n ABD\u2019den al\u0131nd\u0131\u011f\u0131 yolundaki haberini \u015fiddetle reddetti ama Savc\u0131l\u0131k sonunda istihbarat\u0131n ABD\u2019den al\u0131nd\u0131\u011f\u0131n\u0131 a\u00e7\u0131klamak zorunda kald\u0131.<\/p>\n<p style=\"text-align: justify;\"><strong>2)<\/strong> Suriye\u2019de d\u00fc\u015f\u00fcr\u00fclen u\u00e7a\u011f\u0131m\u0131z ile ilgili olarak Genelkurmay birka\u00e7 kez birbiri ile \u00e7eli\u015fen a\u00e7\u0131klama yapt\u0131. Hatta bir ara u\u00e7a\u011f\u0131m\u0131z\u0131n kendili\u011finden d\u00fc\u015ft\u00fc\u011f\u00fc imas\u0131 bile yap\u0131ld\u0131. Sonradan Genelkurmay sus pus oldu. U\u00e7a\u011f\u0131m\u0131z Suriye\u2019de ne yap\u0131yordu? Neden d\u00fc\u015f\u00fcr\u00fcld\u00fc? Suriye d\u00fc\u015f\u00fcrd\u00fcyse kar\u015f\u0131l\u0131\u011f\u0131 nas\u0131l verildi? Bu sorular\u0131n cevab\u0131 \u00d6zel\u2019de var ama millette hala yok.<\/p>\n<p style=\"text-align: justify;\">***<\/p>\n<p style=\"text-align: justify;\"><strong>3)<\/strong>Suriye\u2019de baz\u0131 yerle\u015fim yerleri PKK-PYD kontrol\u00fcne ge\u00e7ti. Bizde t\u0131k yok! Ak\u0131llarda sadece Obama\u2019n\u0131n foto\u011fraf\u0131 ve Roosevelt in bir s\u00f6z\u00fc kald\u0131: \u201cBizim y\u00fcz\u00fcm\u00fcz yumu\u015fak, s\u00f6zlerimiz tatl\u0131d\u0131r ama herkes bilir ki elimizde sopa vard\u0131r.\u201d Sopa ABD\u2019nin elinde oldu\u011funa g\u00f6re Genelkurmay\u2019\u0131n \u201cBat\u0131 K\u00fcrdistan\u201d stratejisi ne?<\/p>\n<p style=\"text-align: justify;\"><strong>4)<\/strong>\u015eemdinli\u2019de denendi\u011fi gibi baz\u0131 yerle\u015fim b\u00f6lgelerinin kendi kontrol\u00fcne ge\u00e7ebilece\u011fi mesaj\u0131n\u0131 veren PKK\u2019ya Genelkurmay ka\u00e7 g\u00fcnd\u00fcr hak etti\u011fi cevab\u0131 neden veremiyor? PKK\u2019n\u0131n \u015eemdinli\u2019yi \u201ckurtar\u0131lm\u0131\u015f b\u00f6lge\u201d olarak g\u00f6sterme \u00e7abalar\u0131 d\u00fcnyada kabul g\u00f6rmeye ba\u015flarken buna engel olamayan Genelkurmay rahats\u0131z de\u011fil mi? PKK\u2019n\u0131n elindeki silahlar Suriye\u2019den gelmi\u015f. Genelkurmay s\u0131n\u0131rlar\u0131n kontrol ve korunmas\u0131ndan sorumlu de\u011fil mi?<\/p>\n<p style=\"text-align: justify;\">***<\/p>\n<p style=\"text-align: justify;\"><strong>5<\/strong>)Rahmi Ko\u00e7 ve Ferit \u015eahenk\u2019ten sonra (ikisinin de foto\u011fraflar\u0131 medyada mevcuttur) Ba\u015fbakan kar\u015f\u0131s\u0131nda selamla\u015f\u0131rken en fazla e\u011filen ki\u015fi Necdet \u00d6zel oldu. Tabii ki, asker se\u00e7ilmi\u015f Ba\u015fbakan\u2019\u0131n emrindedir, ona kar\u015f\u0131 sayg\u0131l\u0131 olmak zorundad\u0131r. Ancak, g\u00fcn\u00fcm\u00fczde \u00f6\u011frenci bile \u00f6\u011fretmeni, i\u015f\u00e7i patronu, evlat babas\u0131 kar\u015f\u0131s\u0131nda belini alabildi\u011fine b\u00fck\u00fcp yerden temenna ald\u0131\u011f\u0131 zaman bu davran\u0131\u015f ho\u015f kar\u015f\u0131lanmaz, \u015fahsiyet zafiyetine yorulur.<\/p>\n<p style=\"text-align: justify;\">Acaba, TSK mensuplar\u0131 bu selamla\u015fma \u015fekli hakk\u0131nda ne d\u00fc\u015f\u00fcn\u00fcyor?<\/p>\n<p style=\"text-align: justify;\"><strong>6)<\/strong>\u0130lk defa YA\u015e\u2019da masaya me\u015frubat ve su konmad\u0131. Ge\u00e7en Ramazan\u2019da bile yap\u0131lan me\u015frubat servisi sadece oru\u00e7 tutmayana nezaketi g\u00f6sterir. Oru\u00e7 tutmayan da, \u00f6n\u00fcnde su olsa bile, zaten oru\u00e7 tutanlar\u0131n bulundu\u011fu ortal\u0131k yerlerde su i\u00e7mez. Ancak, masaya su koymamak dayatmad\u0131r. \u201cBen oru\u00e7luyum, sen de oru\u00e7 tutmak zorundas\u0131n!\u201d anlam\u0131na gelir. Kendisi oru\u00e7lu olsa bile bu duruma itiraz etmeyen Genelkurmay Ba\u015fkan\u0131\u2019n\u0131 \u00e7ok garipsedim.<\/p>\n<p style=\"text-align: justify;\">***<\/p>\n<p style=\"text-align: justify;\"><strong>7)<\/strong>Ayn\u0131 YA\u015e\u2019da 40 adet tutuklu general ve amiral emekli edildi. Bu insanlar hen\u00fcz yarg\u0131lan\u0131yorlar. Art\u0131k, beraat etseler bile g\u00f6revlerine geri d\u00f6nemeyecekler. Bu insanlar\u0131n hem \u00f6zl\u00fck haklar\u0131, hem de haysiyetleri taciz edildi. Oy birli\u011fi ile al\u0131nan karar 40 ki\u015fiyi birden dava sonu\u00e7lanmadan su\u00e7lu ilan etti.<\/p>\n<p style=\"text-align: justify;\">H\u00e2lbuki hukukun temel vicdan\u0131 \u201cbir su\u00e7suzu haks\u0131z yere mahk\u00fbm etmektense y\u00fcz su\u00e7luyu serbest b\u0131rakmak ye\u011fdir\u201d,der. Kald\u0131 ki, Balyoz davas\u0131nda delillerin bir k\u0131sm\u0131n\u0131n sonradan \u201c\u00fcretildi\u011fi\u201d \u00e7e\u015fitli bilim kurumlar\u0131 taraf\u0131ndan kan\u0131tlanm\u0131\u015ft\u0131r.<\/p>\n<p style=\"text-align: justify;\">E\u011fer, bu 40 ki\u015fiden sadece birisi bile beraat etse, Necdet \u00d6zel vicdan\u0131na ne diyecek? Mah\u015fer g\u00fcn\u00fc nas\u0131l hesap verecek?<\/p>\n<p style=\"text-align: justify;\">***<\/p>\n<p style=\"text-align: justify;\">Sizin gelmi\u015f ge\u00e7mi\u015f en \u00e7aps\u0131z genelkurmay ba\u015fkan\u0131 aday\u0131n\u0131z kim?<\/p>\n<p style=\"text-align: justify;\"><a href=\"http:\/\/www.yurtgazetesi.com.tr\/gelmis-gecmis-en-capsiz-genelkurmay-baskani-kim-makale,1625.html\" target=\"_blank\">Kaynak : Yurt Gazetesi<\/a><\/p>\n","protected":false},"excerpt":{"rendered":"<p id=\"caption-attachment-53692\" class=\"wp-caption-text\">C\u00fcneyt \u00dclsever<\/p>\n<p style=\"text-align: justify;\">Ahmet Davuto\u011flu Cengiz \u00c7andar\u2019\u0131n \u201cCumhuriyet tarihimizin en \u00e7arp\u0131c\u0131 D\u0131\u015fi\u015fleri Bakan\u0131.\u201d (Radikal-04.05.2010) methiyesi ile ba\u015flad\u0131\u011f\u0131 kariyerine \u015fimdi Kemal K\u0131l\u0131\u00e7daro\u011flu\u2019nun \u201cCumhuriyet tarihimizin en \u00e7aps\u0131z d\u0131\u015fi\u015fleri bakan\u0131\u201d saptamas\u0131 ile devam ediyor.<\/p>\n<p style=\"text-align: justify;\">***<\/p>\n<p style=\"text-align: justify;\">\u201cEn \u00e7arp\u0131c\u0131-en \u00e7aps\u0131z\u201d d\u00f6ng\u00fcs\u00fc \u00fczerine s\u00fcrd\u00fcr\u00fclen tart\u0131\u015fmalar bana da son g\u00fcnlerde \u201cacaba gelmi\u015f ge\u00e7mi\u015f an \u00e7aps\u0131z <\/p>\n","protected":false},"author":1,"featured_media":0,"comment_status":"open","ping_status":"open","sticky":false,"template":"","format":"standard","meta":{"footnotes":""},"categories":[16],"tags":[417],"class_list":["post-53691","post","type-post","status-publish","format-standard","hentry","category-kose-yazilari","tag-cuneyt-ulsever","odd"],"_links":{"self":[{"href":"http:\/\/www.korhanyilmaz.com\/index.php?rest_route=\/wp\/v2\/posts\/53691","targetHints":{"allow":["GET"]}}],"collection":[{"href":"http:\/\/www.korhanyilmaz.com\/index.php?rest_route=\/wp\/v2\/posts"}],"about":[{"href":"http:\/\/www.korhanyilmaz.com\/index.php?rest_route=\/wp\/v2\/types\/post"}],"author":[{"embeddable":true,"href":"http:\/\/www.korhanyilmaz.com\/index.php?rest_route=\/wp\/v2\/users\/1"}],"replies":[{"embeddable":true,"href":"http:\/\/www.korhanyilmaz.com\/index.php?rest_route=%2Fwp%2Fv2%2Fcomments&post=53691"}],"version-history":[{"count":0,"href":"http:\/\/www.korhanyilmaz.com\/index.php?rest_route=\/wp\/v2\/posts\/53691\/revisions"}],"wp:attachment":[{"href":"http:\/\/www.korhanyilmaz.com\/index.php?rest_route=%2Fwp%2Fv2%2Fmedia&parent=53691"}],"wp:term":[{"taxonomy":"category","embeddable":true,"href":"http:\/\/www.korhanyilmaz.com\/index.php?rest_route=%2Fwp%2Fv2%2Fcategories&post=53691"},{"taxonomy":"post_tag","embeddable":true,"href":"http:\/\/www.korhanyilmaz.com\/index.php?rest_route=%2Fwp%2Fv2%2Ftags&post=53691"}],"curies":[{"name":"wp","href":"https:\/\/api.w.org\/{rel}","templated":true}]}}