{"id":53682,"date":"2012-08-09T19:21:20","date_gmt":"2012-08-09T16:21:20","guid":{"rendered":"http:\/\/www.korhanyilmaz.com\/?p=53682"},"modified":"2012-08-10T04:26:25","modified_gmt":"2012-08-10T01:26:25","slug":"erdogan-foca-terorun-yayilma-adimlari","status":"publish","type":"post","link":"http:\/\/www.korhanyilmaz.com\/?p=53682","title":{"rendered":"Erdo\u011fan: Fo\u00e7a, ter\u00f6r\u00fcn yay\u0131lma ad\u0131mlar\u0131"},"content":{"rendered":"<p style=\"text-align: center;\"><a href=\"http:\/\/www.korhanyilmaz.com\/wp-content\/uploads\/2012\/08\/H216.jpg\"  class=\"lightview\"><img loading=\"lazy\" decoding=\"async\" class=\"aligncenter  wp-image-53683\" src=\"http:\/\/www.korhanyilmaz.com\/wp-content\/uploads\/2012\/08\/H216.jpg\" alt=\"\" width=\"420\" height=\"210\" \/><\/a><\/p>\n<p style=\"text-align: justify;\">Ba\u015fbakan Recep Tayyip Erdo\u011fan, \u0130zmir Fo\u00e7a\u2019daki askeri arac\u0131n ge\u00e7i\u015fi s\u0131ras\u0131ndaki patlamaya ili\u015fkin net bilgilerin hen\u00fcz gelmedi\u011fini belirterek, \u201dBu maalesef ter\u00f6r\u00fcn yay\u0131lma noktas\u0131ndaki att\u0131\u011f\u0131 ad\u0131mlar\u0131n bir ba\u015fka \u00f6rne\u011fi\u201d dedi.<\/p>\n<p style=\"text-align: justify;\">ANKARA- ATO\u2019nun Congresium Salonu\u2019nda ger\u00e7ekle\u015ftirilen \u00d6z\u00fcrl\u00fc Memur Se\u00e7me S\u0131nav\u0131 Kura \u00c7ekim T\u00f6reni\u2019ne kat\u0131lan Ba\u015fbakan Erdo\u011fan, yapt\u0131\u011f\u0131 konu\u015fmada, milletin deste\u011fiyle istihdamda art\u0131\u015f s\u00fcrecinin devam edece\u011fini belirtti.\u00a0<!--more--><\/p>\n<p style=\"text-align: justify;\"><strong>\u2018FO\u00c7A, TER\u00d6R\u00dcN YAYILMA ADIMLARININ \u00d6RNE\u011e\u0130\u2019\u00a0<\/strong><\/p>\n<p style=\"text-align: justify;\">T\u00f6renin \u00e7\u0131k\u0131\u015f\u0131nda bas\u0131n mensuplar\u0131n\u0131n sorular\u0131n\u0131 yan\u0131tlayan Erdo\u011fan, \u0130zmir Fo\u00e7a&#8217;daki askeri araca d\u00fczenlenen sald\u0131r\u0131yla ilgili olarak, \u201cBu maalesef ter\u00f6r\u00fcn yay\u0131lma noktas\u0131ndaki att\u0131\u011f\u0131 ad\u0131mlar\u0131n bir ba\u015fka \u00f6rne\u011fi&#8221; de\u011ferlendirmesinde bulundu.<\/p>\n<p style=\"text-align: justify;\"><a href=\"http:\/\/www.yurtgazetesi.com.tr\/gundem\/erdogan-foca-terorun-yayilma-adimlari-h16810.html\" target=\"_blank\">Kaynak : Yurt Gazetesi<\/a><\/p>\n","protected":false},"excerpt":{"rendered":"<p style=\"text-align: center;\">\n<p style=\"text-align: justify;\">Ba\u015fbakan Recep Tayyip Erdo\u011fan, \u0130zmir Fo\u00e7a\u2019daki askeri arac\u0131n ge\u00e7i\u015fi s\u0131ras\u0131ndaki patlamaya ili\u015fkin net bilgilerin hen\u00fcz gelmedi\u011fini belirterek, \u201dBu maalesef ter\u00f6r\u00fcn yay\u0131lma noktas\u0131ndaki att\u0131\u011f\u0131 ad\u0131mlar\u0131n bir ba\u015fka \u00f6rne\u011fi\u201d dedi.<\/p>\n<p style=\"text-align: justify;\">ANKARA- ATO\u2019nun Congresium Salonu\u2019nda ger\u00e7ekle\u015ftirilen \u00d6z\u00fcrl\u00fc Memur Se\u00e7me S\u0131nav\u0131 Kura \u00c7ekim T\u00f6reni\u2019ne kat\u0131lan Ba\u015fbakan Erdo\u011fan, yapt\u0131\u011f\u0131 konu\u015fmada, milletin deste\u011fiyle istihdamda <\/p>\n","protected":false},"author":1,"featured_media":0,"comment_status":"open","ping_status":"open","sticky":false,"template":"","format":"standard","meta":{"footnotes":""},"categories":[105],"tags":[],"class_list":["post-53682","post","type-post","status-publish","format-standard","hentry","category-gundem","odd"],"_links":{"self":[{"href":"http:\/\/www.korhanyilmaz.com\/index.php?rest_route=\/wp\/v2\/posts\/53682","targetHints":{"allow":["GET"]}}],"collection":[{"href":"http:\/\/www.korhanyilmaz.com\/index.php?rest_route=\/wp\/v2\/posts"}],"about":[{"href":"http:\/\/www.korhanyilmaz.com\/index.php?rest_route=\/wp\/v2\/types\/post"}],"author":[{"embeddable":true,"href":"http:\/\/www.korhanyilmaz.com\/index.php?rest_route=\/wp\/v2\/users\/1"}],"replies":[{"embeddable":true,"href":"http:\/\/www.korhanyilmaz.com\/index.php?rest_route=%2Fwp%2Fv2%2Fcomments&post=53682"}],"version-history":[{"count":0,"href":"http:\/\/www.korhanyilmaz.com\/index.php?rest_route=\/wp\/v2\/posts\/53682\/revisions"}],"wp:attachment":[{"href":"http:\/\/www.korhanyilmaz.com\/index.php?rest_route=%2Fwp%2Fv2%2Fmedia&parent=53682"}],"wp:term":[{"taxonomy":"category","embeddable":true,"href":"http:\/\/www.korhanyilmaz.com\/index.php?rest_route=%2Fwp%2Fv2%2Fcategories&post=53682"},{"taxonomy":"post_tag","embeddable":true,"href":"http:\/\/www.korhanyilmaz.com\/index.php?rest_route=%2Fwp%2Fv2%2Ftags&post=53682"}],"curies":[{"name":"wp","href":"https:\/\/api.w.org\/{rel}","templated":true}]}}