{"id":53671,"date":"2012-08-09T17:42:47","date_gmt":"2012-08-09T14:42:47","guid":{"rendered":"http:\/\/www.korhanyilmaz.com\/?p=53671"},"modified":"2012-08-10T04:14:14","modified_gmt":"2012-08-10T01:14:14","slug":"sehitler-hep-yoksul-ailelerden","status":"publish","type":"post","link":"http:\/\/www.korhanyilmaz.com\/?p=53671","title":{"rendered":"\u015eehitler hep yoksul ailelerden"},"content":{"rendered":"<p style=\"text-align: center;\"><a href=\"http:\/\/www.korhanyilmaz.com\/wp-content\/uploads\/2012\/08\/H211.jpg\"  class=\"lightview\"><img loading=\"lazy\" decoding=\"async\" class=\"aligncenter  wp-image-53672\" src=\"http:\/\/www.korhanyilmaz.com\/wp-content\/uploads\/2012\/08\/H211.jpg\" alt=\"\" width=\"420\" height=\"210\" \/><\/a><\/p>\n<p style=\"text-align: justify;\">B\u00f6lgede \u015fiddetli \u00e7at\u0131\u015fmalar ya\u015fanmaya devam ederken, \u015fehit cenazeleri hep yoksul evlerine geliyor. \u015e\u0131rnak\u2019ta \u015fehit d\u00fc\u015fen Piyade Uzman \u00c7avu\u015f Y\u0131ld\u0131r\u0131m Kuzucular\u2019\u0131n cenazesinde baban\u0131n y\u0131rt\u0131k ayakkab\u0131s\u0131, annenin g\u00fcne\u015f alt\u0131nda b\u0131rak\u0131lmas\u0131 y\u00fcrek burktu.<\/p>\n<p style=\"text-align: justify;\">S\u0130VAS- \u015e\u0131rnak\u2019ta PKK&#8217;ya y\u00f6nelik d\u00fczenlenen operasyonlar s\u0131ras\u0131nda el yap\u0131m\u0131 patlay\u0131c\u0131n\u0131n infilak etmesi sonucu \u015fehit d\u00fc\u015fen 27 ya\u015f\u0131ndaki Piyade Uzman \u00c7avu\u015f Y\u0131ld\u0131r\u0131m Kuzucular, Sivas&#8217;\u0131n \u015eark\u0131\u015fla \u0130l\u00e7esi&#8217;ne ba\u011fl\u0131 Ak\u00e7ak\u0131\u015fla Beledisi&#8217;nde yakla\u015f\u0131k 1500 ki\u015finin kat\u0131ld\u0131\u011f\u0131 t\u00f6renle topra\u011fa verildi.\u00a0<!--more--><\/p>\n<p style=\"text-align: justify;\">Uzman \u00c7avu\u015f Kuzucular&#8217;\u0131n cenazesi d\u00fcn ak\u015fam saatlerinde askeri u\u00e7ak ile Sivas Nuri Demira\u011f Havaalan\u0131&#8217;na getirilerek Sivas Asker Hastanesi morguna konuldu. \u015eehit uzman \u00e7avu\u015f i\u00e7in Askeri hastanede bu sabah t\u00f6ren d\u00fczenledi.<\/p>\n<p style=\"text-align: justify;\">T\u00f6renin ard\u0131ndan \u015fehidin cenazesi karayolu ile \u015eark\u0131\u015fla \u0130l\u00e7esi&#8217;ne ba\u011fl\u0131 Ak\u00e7ak\u0131\u015fla Beldesi&#8217;ne getirildi. Burada baba evine getirilen \u015fehit cenazesi i\u00e7in ailesinden ve kom\u015fular\u0131ndan helallik al\u0131nd\u0131. \u015eehidin babas\u0131 Kaz\u0131m ve annesi Rahme Kuzucular&#8217;\u0131n bu s\u0131rada ayakta durmakta g\u00fc\u00e7l\u00fck \u00e7ektikleri g\u00f6zlendi.<\/p>\n<p style=\"text-align: justify;\"><strong>GAZETEC\u0130LER G\u00d6R\u00dcNT\u00dc ALINCA BABA SANDALYEYE OTURTULDU\u00a0<\/strong><\/p>\n<p style=\"text-align: justify;\">\u015eehit Piyade Uzman \u00c7avu\u015f Y\u0131ld\u0131r\u0131m Kuzucular&#8217;\u0131n beldede d\u00fczenlenen cenaze t\u00f6reninde \u00e7ift\u00e7i olan \u015fehit babas\u0131 Kaz\u0131m Kuzucular&#8217;\u0131n aya\u011f\u0131nda y\u0131rt\u0131k ayakkab\u0131 dikkati \u00e7ekti. Belde meydan\u0131ndaki t\u00f6ren i\u00e7in alana gelen baba Kaz\u0131m Kuzucular&#8217;\u0131n cenaze t\u00f6renini beklerken kald\u0131r\u0131m \u00fczerine oturtuldu. Uzun s\u00fcre yak\u0131nlar\u0131 ile birlikte kald\u0131r\u0131m \u00fczerinde g\u00fcne\u015f alt\u0131nda oturan baba gazetecilerin g\u00f6r\u00fcnt\u00fc ald\u0131\u011f\u0131 fark edilince bulundu\u011fu yerden kald\u0131r\u0131larak sandalyeye oturtuldu.<\/p>\n<p style=\"text-align: center;\"><a href=\"http:\/\/www.korhanyilmaz.com\/wp-content\/uploads\/2012\/08\/H212.jpg\"  class=\"lightview\"><img loading=\"lazy\" decoding=\"async\" class=\"aligncenter  wp-image-53673\" src=\"http:\/\/www.korhanyilmaz.com\/wp-content\/uploads\/2012\/08\/H212.jpg\" alt=\"\" width=\"480\" height=\"754\" \/><\/a><\/p>\n<p style=\"text-align: justify;\">\u015eehidin annesi Rahme Kuzucular da t\u00f6ren s\u0131ras\u0131nda yak\u0131nlar\u0131 taraf\u0131ndan Ak\u00e7ak\u0131\u015fla Jandarma Karakolu&#8217;nun \u00f6n\u00fcne getirilerek sandalyeye oturtuldu. Bu s\u0131rada a\u011flamaktan ve yak\u0131c\u0131 g\u00fcne\u015ften bunalan anne i\u00e7in t\u00f6ren alan\u0131na gelen gen\u00e7ler devreye girdi. Ellerindeki T\u00fcrk bayra\u011f\u0131n\u0131 \u015fehidin annesinin \u00fczerine a\u00e7an gen\u00e7ler, anneyi g\u00fcne\u015ften korumaya \u00e7al\u0131\u015ft\u0131.<\/p>\n<p style=\"text-align: justify;\"><strong>BAKAN\u2019A \u2018YETER ARTIK ANALAR A\u011eLAMASIN\u2019\u00a0<\/strong><\/p>\n<p style=\"text-align: justify;\">Beldedeki baz\u0131 ki\u015filer, cenazeye kat\u0131lan Milli Savunma Bakan\u0131 \u0130smet Y\u0131lmaz&#8217;a y\u00f6nelik sitemde bulundu. Annelerin g\u00f6zya\u015flar\u0131n\u0131n dinmesini isteyen k\u00f6yl\u00fcler, &#8220;Yeter art\u0131k. Bu nas\u0131l bir a\u00e7\u0131l\u0131mm\u0131\u015f. Art\u0131k analar a\u011flamas\u0131n&#8221; diyerek tepki g\u00f6sterdi. Bakan Y\u0131lmaz ise tepkiler kar\u015f\u0131s\u0131nda sessiz kald\u0131.<\/p>\n<p style=\"text-align: center;\"><a href=\"http:\/\/www.korhanyilmaz.com\/wp-content\/uploads\/2012\/08\/H213.jpg\"  class=\"lightview\"><img loading=\"lazy\" decoding=\"async\" class=\"aligncenter  wp-image-53674\" src=\"http:\/\/www.korhanyilmaz.com\/wp-content\/uploads\/2012\/08\/H213.jpg\" alt=\"\" width=\"480\" height=\"318\" \/><\/a><\/p>\n<p style=\"text-align: justify;\"><strong>YEN\u0130 OTOMOB\u0130L ALMI\u015eTI\u00a0<\/strong><\/p>\n<p style=\"text-align: justify;\">\u015eehit Uzman \u00c7avu\u015f Y\u0131ld\u0131r\u0131m Kuzucular&#8217;\u0131n birli\u011finden 1 ayl\u0131\u011f\u0131na izinli geldi\u011fi ve izni bitmeden g\u00f6rev \u00e7a\u011fr\u0131s\u0131 \u00fczerine 1 hafta \u00f6nce \u015e\u0131rnak&#8217;a gitti\u011fi belirtildi. \u015eehit Kuzucular&#8217;\u0131n k\u0131sa s\u00fcre \u00f6nce kredi \u00e7ekerek bir otomobil sat\u0131n ald\u0131\u011f\u0131 ve aya\u011f\u0131nda hafif sakatl\u0131k bulunan babas\u0131na, &#8220;Sa\u011fa sola giderken kullan\u0131rs\u0131n, sana rahatl\u0131k olur, borcunu ben \u00f6derim&#8221; dedi\u011fi ifade edildi. \u015eehidin babas\u0131 i\u00e7in beldede b\u0131rakt\u0131\u011f\u0131 otomobil evlerinin \u00f6n\u00fcndeki garajda bulunuyor.<\/p>\n<p style=\"text-align: justify;\"><strong>\u015eEH\u0130T BABASI \u2018AMA GAR\u0130BANIZ, FAK\u0130R\u0130Z\u2019 DEM\u0130\u015eT\u0130\u00a0<\/strong><\/p>\n<p style=\"text-align: justify;\">Ge\u00e7ti\u011fimiz ay Hakkari\u2019nin Y\u00fcksekova \u0130l\u00e7esi\u2019nde meydana gelen helikopter kazas\u0131nda \u015fehit olan Piyade Uzman \u00c7avu\u015f Regaip \u015eahin\u2019in cenaze t\u00f6reninde de \u015fehidin tabutu, \u00fczerinde \u201cMutlulu\u011fu payla\u015f\u201d yazan kola ve dondurma firmas\u0131 \u015femsiyesinin alt\u0131na konulmu\u015ftu. \u015eehit babas\u0131 Hayrettin \u015eahin, &#8220;Hi\u00e7bir \u015fehit ailesi bizim kadar sab\u0131rl\u0131 de\u011fil. Ama gariban\u0131z, fakiriz&#8221; dedi.<\/p>\n<p style=\"text-align: justify;\"><strong>T\u00d6RENE KATILANLAR<\/strong><\/p>\n<p style=\"text-align: justify;\">Piyade Uzman \u00c7avu\u015f Y\u0131ld\u0131r\u0131m Kuzucular&#8217;\u0131n cenaze t\u00f6renine Milli Savunma Bakan\u0131 \u0130smet Y\u0131lmaz, Vali Ali Kolat, AKP Sivas milletvekilleri Hilmi Bilgin, Ali Turan, 5&#8217;inci Piyade Er E\u011fitim Tugay Komutan\u0131 Tu\u011fgeneral Mustafa \u0130lter, Tokat Jandarma B\u00f6lge Komutan\u0131 Tu\u011fgeneral Ali \u00d6zkara, Belediye Ba\u015fkan\u0131 Do\u011fan \u00dcrg\u00fcp, \u0130l Jandarma Komutan\u0131 Kurmay Albay Ali Ta\u015f, \u0130l Emniyet M\u00fcd\u00fcr\u00fc Ahmet Kemal Seyhan ve askeri yetkililer kat\u0131ld\u0131. \u015eehit uzman \u00e7avu\u015fun silah arkada\u015flar\u0131 da t\u00f6rende yer ald\u0131. Belde meydan\u0131nda k\u0131l\u0131nan cenaze namaz\u0131 ard\u0131ndan \u015fehit uzman \u00e7avu\u015f Y\u0131ld\u0131r\u0131m Kuzucular, belde mezarl\u0131\u011f\u0131nda topra\u011fa verildi. Milli Savunma Bakan\u0131 \u0130smet Y\u0131lmaz \u015fehidin babas\u0131 Kaz\u0131m Kuzucular ile yak\u0131nlar\u0131na ba\u015fsa\u011fl\u0131\u011f\u0131 diledi.<\/p>\n<p style=\"text-align: justify;\"><a href=\"http:\/\/www.yurtgazetesi.com.tr\/gundem\/sehitler-hep-yoksul-ailelerden-h16802.html\" target=\"_blank\">Kaynak : Yurt Gazetesi<\/a><\/p>\n","protected":false},"excerpt":{"rendered":"<p style=\"text-align: center;\">\n<p style=\"text-align: justify;\">B\u00f6lgede \u015fiddetli \u00e7at\u0131\u015fmalar ya\u015fanmaya devam ederken, \u015fehit cenazeleri hep yoksul evlerine geliyor. \u015e\u0131rnak\u2019ta \u015fehit d\u00fc\u015fen Piyade Uzman \u00c7avu\u015f Y\u0131ld\u0131r\u0131m Kuzucular\u2019\u0131n cenazesinde baban\u0131n y\u0131rt\u0131k ayakkab\u0131s\u0131, annenin g\u00fcne\u015f alt\u0131nda b\u0131rak\u0131lmas\u0131 y\u00fcrek burktu.<\/p>\n<p style=\"text-align: justify;\">S\u0130VAS- \u015e\u0131rnak\u2019ta PKK&#8217;ya y\u00f6nelik d\u00fczenlenen operasyonlar s\u0131ras\u0131nda el yap\u0131m\u0131 patlay\u0131c\u0131n\u0131n infilak etmesi sonucu \u015fehit d\u00fc\u015fen 27 ya\u015f\u0131ndaki Piyade <\/p>\n","protected":false},"author":1,"featured_media":0,"comment_status":"open","ping_status":"open","sticky":false,"template":"","format":"standard","meta":{"footnotes":""},"categories":[105],"tags":[],"class_list":["post-53671","post","type-post","status-publish","format-standard","hentry","category-gundem","odd"],"_links":{"self":[{"href":"http:\/\/www.korhanyilmaz.com\/index.php?rest_route=\/wp\/v2\/posts\/53671","targetHints":{"allow":["GET"]}}],"collection":[{"href":"http:\/\/www.korhanyilmaz.com\/index.php?rest_route=\/wp\/v2\/posts"}],"about":[{"href":"http:\/\/www.korhanyilmaz.com\/index.php?rest_route=\/wp\/v2\/types\/post"}],"author":[{"embeddable":true,"href":"http:\/\/www.korhanyilmaz.com\/index.php?rest_route=\/wp\/v2\/users\/1"}],"replies":[{"embeddable":true,"href":"http:\/\/www.korhanyilmaz.com\/index.php?rest_route=%2Fwp%2Fv2%2Fcomments&post=53671"}],"version-history":[{"count":0,"href":"http:\/\/www.korhanyilmaz.com\/index.php?rest_route=\/wp\/v2\/posts\/53671\/revisions"}],"wp:attachment":[{"href":"http:\/\/www.korhanyilmaz.com\/index.php?rest_route=%2Fwp%2Fv2%2Fmedia&parent=53671"}],"wp:term":[{"taxonomy":"category","embeddable":true,"href":"http:\/\/www.korhanyilmaz.com\/index.php?rest_route=%2Fwp%2Fv2%2Fcategories&post=53671"},{"taxonomy":"post_tag","embeddable":true,"href":"http:\/\/www.korhanyilmaz.com\/index.php?rest_route=%2Fwp%2Fv2%2Ftags&post=53671"}],"curies":[{"name":"wp","href":"https:\/\/api.w.org\/{rel}","templated":true}]}}