{"id":5365,"date":"2009-03-14T10:59:59","date_gmt":"2009-03-14T08:59:59","guid":{"rendered":"http:\/\/www.korhanyilmaz.com\/?p=5365"},"modified":"2009-03-14T10:59:59","modified_gmt":"2009-03-14T08:59:59","slug":"sp-ve-akpliler-birbirine-girdi","status":"publish","type":"post","link":"http:\/\/www.korhanyilmaz.com\/?p=5365","title":{"rendered":"SP ve AKP&#039;liler birbirine girdi"},"content":{"rendered":"<p style=\"text-align: justify;\">Ka\u011f\u0131thane&#8217;de Sadabat Viyad\u00fc\u011f\u00fc&#8217;ne as\u0131l\u0131 olan Saadet Partisi (SP) afi\u015finin belediye g\u00f6revlileri taraf\u0131ndan indirilmesi nedeniyle SP&#8217;li ve AK Partililer aras\u0131nda gerginlik ya\u015fand\u0131. \u0130ki grup arasnda ya\u015fanan s\u00f6zl\u00fc tart\u0131\u015fmalar\u0131n ard\u0131ndan olay b\u00fcy\u00fcmeden sona erdi.<\/p>\n<p style=\"text-align: justify;\">Ka\u011f\u0131thane&#8217;de Ba\u015fbakan Recep Tayyip Erdo\u011fan&#8217;\u0131n da kat\u0131l\u0131m\u0131yla yap\u0131lacak olan t\u00fcnel a\u00e7\u0131l\u0131\u015f\u0131 \u00f6ncesinde gerginlik ya\u015fand\u0131. SP&#8217;nin Sadabat Viyad\u00fc\u011f\u00fc&#8217;ne as\u0131l\u0131 olan afi\u015fin Ka\u011f\u0131thane Belediyesi g\u00f6revlileri taraf\u0131ndan kesilerek indirilmesi, gerginli\u011fe neden oldu. Viyad\u00fck alt\u0131nda toplanan Saadet Partisi, Milliyet\u00e7i Hareket Partisi ve Cumhuriyet Halk Partisi \u00fcyesi bir grup, afi\u015flerinin belediyenin resmi arac\u0131yla toplat\u0131ld\u0131\u011f\u0131n\u0131 ileri s\u00fcrerek tepki g\u00f6sterdi. <!--more--><\/p>\n<p style=\"text-align: justify;\">SP Ka\u011f\u0131thane \u0130l\u00e7e Ba\u015fkan\u0131 Halit \u00d6zg\u00fcr Atak, mahalle aralar\u0131nda ve yollardaki Ak Parti haricindeki di\u011fer parti afi\u015flerinin AK Partili belediye g\u00f6revlileri taraf\u0131ndan toplat\u0131ld\u0131\u011f\u0131n\u0131 iddia etti. Ba\u015fbakan&#8217;\u0131n kat\u0131laca\u011f\u0131 t\u00fcnel a\u00e7\u0131l\u0131\u015f\u0131 nedeniyle b\u00f6yle bir uygulama yap\u0131ld\u0131\u011f\u0131n\u0131 \u00f6ne s\u00fcren Atak, vatanda\u015flar\u0131n Ak Parti&#8217;ye sand\u0131kta gereken cevab\u0131 verece\u011fini s\u00f6yledi.<\/p>\n<p style=\"text-align: justify;\">SP Ka\u011f\u0131thane Belediye Ba\u015fkan Aday\u0131 Cemal \u00c7oban da partililere seslenerek olaylar\u0131n b\u00fcy\u00fcmeden sonland\u0131r\u0131lmas\u0131n\u0131 istedi. \u00c7oban&#8217;\u0131n \u00e7a\u011fr\u0131s\u0131 \u00fczerine ara\u00e7lar\u0131na binen partililer, Ka\u011f\u0131thane&#8217;ye do\u011fru hareket etti. Biraz ileride ara\u00e7lar\u0131ndan inen SP&#8217;liler ile AK Partililer aras\u0131nda afi\u015f indirme tart\u0131\u015fmalaar\u0131 ya\u015fand\u0131. K\u0131sa s\u00fcre ya\u015fanan arbedenin ard\u0131ndan olay yerine gelen polis ekipleri, grubun da\u011f\u0131lmas\u0131n\u0131 istedi. iki grup aras\u0131nda ya\u015fanan tart\u0131\u015fma b\u00fcy\u00fcmeden sona erdi.<\/p>\n<p style=\"text-align: justify;\">Ak Parti \u0130l Meclis \u00dcyesi Fatih Mutlu ise Y\u00fcksek Se\u00e7im Kurulu&#8217;nun viyad\u00fck ve otoyollarda se\u00e7im afi\u015flerinin as\u0131lamayaca\u011f\u0131 y\u00f6n\u00fcnde karar\u0131 bulundu\u011funu ve afi\u015flerin bu y\u00fczden indirildi\u011fini savundu. Mutlu, afi\u015fleri toplaman\u0131n beediyenin g\u00f6revi oldu\u011funu Ka\u011f\u0131thane Belediyesi&#8217;nin de AK Partili olmas\u0131 nedeniyle olay\u0131n yanl\u0131\u015f anla\u015f\u0131ld\u0131\u011fn\u0131 ileri s\u00fcrd\u00fc.<\/p>\n<p style=\"text-align: justify;\"><span style=\"color: #888888;\">Kaynak : Vatan Gazetesi<\/span><\/p>\n","protected":false},"excerpt":{"rendered":"<p style=\"text-align: justify;\">Ka\u011f\u0131thane&#8217;de Sadabat Viyad\u00fc\u011f\u00fc&#8217;ne as\u0131l\u0131 olan Saadet Partisi (SP) afi\u015finin belediye g\u00f6revlileri taraf\u0131ndan indirilmesi nedeniyle SP&#8217;li ve AK Partililer aras\u0131nda gerginlik ya\u015fand\u0131. \u0130ki grup arasnda ya\u015fanan s\u00f6zl\u00fc tart\u0131\u015fmalar\u0131n ard\u0131ndan olay b\u00fcy\u00fcmeden sona erdi.<\/p>\n<p style=\"text-align: justify;\">Ka\u011f\u0131thane&#8217;de Ba\u015fbakan Recep Tayyip Erdo\u011fan&#8217;\u0131n da kat\u0131l\u0131m\u0131yla yap\u0131lacak olan t\u00fcnel a\u00e7\u0131l\u0131\u015f\u0131 \u00f6ncesinde gerginlik ya\u015fand\u0131. SP&#8217;nin Sadabat Viyad\u00fc\u011f\u00fc&#8217;ne as\u0131l\u0131 olan <\/p>\n","protected":false},"author":1,"featured_media":0,"comment_status":"open","ping_status":"closed","sticky":false,"template":"","format":"standard","meta":{"footnotes":""},"categories":[105],"tags":[],"class_list":["post-5365","post","type-post","status-publish","format-standard","hentry","category-gundem","odd"],"_links":{"self":[{"href":"http:\/\/www.korhanyilmaz.com\/index.php?rest_route=\/wp\/v2\/posts\/5365","targetHints":{"allow":["GET"]}}],"collection":[{"href":"http:\/\/www.korhanyilmaz.com\/index.php?rest_route=\/wp\/v2\/posts"}],"about":[{"href":"http:\/\/www.korhanyilmaz.com\/index.php?rest_route=\/wp\/v2\/types\/post"}],"author":[{"embeddable":true,"href":"http:\/\/www.korhanyilmaz.com\/index.php?rest_route=\/wp\/v2\/users\/1"}],"replies":[{"embeddable":true,"href":"http:\/\/www.korhanyilmaz.com\/index.php?rest_route=%2Fwp%2Fv2%2Fcomments&post=5365"}],"version-history":[{"count":0,"href":"http:\/\/www.korhanyilmaz.com\/index.php?rest_route=\/wp\/v2\/posts\/5365\/revisions"}],"wp:attachment":[{"href":"http:\/\/www.korhanyilmaz.com\/index.php?rest_route=%2Fwp%2Fv2%2Fmedia&parent=5365"}],"wp:term":[{"taxonomy":"category","embeddable":true,"href":"http:\/\/www.korhanyilmaz.com\/index.php?rest_route=%2Fwp%2Fv2%2Fcategories&post=5365"},{"taxonomy":"post_tag","embeddable":true,"href":"http:\/\/www.korhanyilmaz.com\/index.php?rest_route=%2Fwp%2Fv2%2Ftags&post=5365"}],"curies":[{"name":"wp","href":"https:\/\/api.w.org\/{rel}","templated":true}]}}