{"id":5351,"date":"2009-03-14T11:06:50","date_gmt":"2009-03-14T09:06:50","guid":{"rendered":"http:\/\/www.korhanyilmaz.com\/?p=5351"},"modified":"2009-03-14T11:06:50","modified_gmt":"2009-03-14T09:06:50","slug":"alex-soku","status":"publish","type":"post","link":"http:\/\/www.korhanyilmaz.com\/?p=5351","title":{"rendered":"Alex \u015foku!"},"content":{"rendered":"<p style=\"text-align: center;\"><img loading=\"lazy\" decoding=\"async\" class=\"aligncenter size-full wp-image-5352\" title=\"F.Bah\u00e7e hem 2 puan\u0131 hem Brezilyal\u0131 y\u0131ld\u0131z\u0131 kaybetti\" src=\"http:\/\/www.korhanyilmaz.com\/wp-content\/uploads\/2009\/03\/news_manset_resim_wq_alex003.jpg\" alt=\"F.Bah\u00e7e hem 2 puan\u0131 hem Brezilyal\u0131 y\u0131ld\u0131z\u0131 kaybetti\" width=\"374\" height=\"189\" \/><\/p>\n<p style=\"text-align: justify;\"><strong>Aragones&#8217;in de\u011fi\u015fiklik haklar\u0131n\u0131 erken kullanmas\u0131 nedeniyle son 15 dakikay\u0131 ac\u0131lar i\u00e7inde tamamlayan sambac\u0131 en az 2 hafta yok. Sol ka\u011f\u0131nda y\u0131rt\u0131k \u015f\u00fcphesi olan Alex&#8217;in bug\u00fcn MR&#8217;\u0131 \u00e7ekilecek. <\/strong><\/p>\n<p style=\"text-align: justify;\">Fenerbah\u00e7e, Kocaelispor kar\u015f\u0131s\u0131nda hem 2 puan, hem de en \u00f6nemli oyuncusu Alex&#8217;i kaybetti. Sar\u0131 lacivertliler, k\u00fcmede kalma m\u00fccadelesi veren rakibini yenmesi halinde ligde 27 hafta sonra ma\u00e7 fazlas\u0131yla da olsa zirveye \u00e7\u0131kmay\u0131 ba\u015faracakt\u0131. Bu f\u0131rsat\u0131 kullanamad\u0131\u011f\u0131 gibi 10 numaras\u0131n\u0131n sakatl\u0131\u011f\u0131 ile sars\u0131ld\u0131.<\/p>\n<p style=\"text-align: justify;\">Kar\u015f\u0131la\u015fman\u0131n son 15 dakikas\u0131na girilirken sakatlanan Brezilyal\u0131 y\u0131ld\u0131z, teknik direkt\u00f6r Aragones&#8217;in 3 oyuncu de\u011fi\u015fikli\u011fi hakk\u0131n\u0131 da kullanmas\u0131 nedeniyle oyundan \u00e7\u0131kamad\u0131. &#8216;Dede&#8217; lakapl\u0131 \u0130spanyol hoca, 51&#8217;de Sel\u00e7uk-Josico, 53&#8217;te U\u011fur Boral-G\u00fciza ve 74&#8217;te de Kaz\u0131m-G\u00f6khan Emreciksin de\u011fi\u015fiklikleriyle daha \u00f6nceki bir\u00e7ok kar\u015f\u0131la\u015fmada oldu\u011fu gibi yine kumar oynad\u0131. <!--more--><\/p>\n<p style=\"text-align: justify;\">Ancak Dede&#8217;nin kumar\u0131 bu kez ters tepti. 75. dakikada sol kas\u0131\u011f\u0131ndan sakatlanan Alex, 3 de\u011fi\u015fiklik hakk\u0131 da kullan\u0131ld\u0131\u011f\u0131 i\u00e7in kalan b\u00f6l\u00fcm\u00fc ac\u0131lar i\u00e7inde tamamlad\u0131.<\/p>\n<p style=\"text-align: justify;\"><strong>En az 2 hafta yok <\/strong><\/p>\n<p style=\"text-align: justify;\">Yap\u0131lan ilk kontroller sonunda sol kas\u0131\u011f\u0131nda y\u0131rt\u0131k \u015f\u00fcphesi oldu\u011fu belirtilen sambac\u0131n\u0131n kesin durumu bug\u00fcn \u00e7ekilecek MR sonras\u0131 belli olacak. Sahalardan en az iki hafta uzak kalaca\u011f\u0131 ifade edilen Alex&#8217;in \u00f6n\u00fcm\u00fczdeki hafta Bursaspor&#8217;la deplasmanda oynanacak ma\u00e7ta tak\u0131m\u0131ndaki yerini alamayaca\u011f\u0131, 28 Mart ve 1 Nisan&#8217;da oynanacak \u0130spanya milli ma\u00e7lar\u0131 nedeniyle lige verilecek arada yap\u0131lacak tedavinin sonu\u00e7 vermesi durumunda 26. haftadaki Eski\u015fehirspor kar\u015f\u0131la\u015fmas\u0131na yeti\u015ftirilmeye \u00e7al\u0131\u015f\u0131laca\u011f\u0131 a\u00e7\u0131kland\u0131.<\/p>\n<p style=\"text-align: justify;\"><span style=\"color: #888888;\">Kaynak : H\u00fcrriyet Gazetesi<\/span><\/p>\n","protected":false},"excerpt":{"rendered":"<p style=\"text-align: center;\">\n<p style=\"text-align: justify;\">Aragones&#8217;in de\u011fi\u015fiklik haklar\u0131n\u0131 erken kullanmas\u0131 nedeniyle son 15 dakikay\u0131 ac\u0131lar i\u00e7inde tamamlayan sambac\u0131 en az 2 hafta yok. Sol ka\u011f\u0131nda y\u0131rt\u0131k \u015f\u00fcphesi olan Alex&#8217;in bug\u00fcn MR&#8217;\u0131 \u00e7ekilecek. <\/p>\n<p style=\"text-align: justify;\">Fenerbah\u00e7e, Kocaelispor kar\u015f\u0131s\u0131nda hem 2 puan, hem de en \u00f6nemli oyuncusu Alex&#8217;i kaybetti. Sar\u0131 lacivertliler, k\u00fcmede kalma m\u00fccadelesi veren rakibini <\/p>\n","protected":false},"author":1,"featured_media":0,"comment_status":"open","ping_status":"closed","sticky":false,"template":"","format":"standard","meta":{"footnotes":""},"categories":[42],"tags":[],"class_list":["post-5351","post","type-post","status-publish","format-standard","hentry","category-spor","odd"],"_links":{"self":[{"href":"http:\/\/www.korhanyilmaz.com\/index.php?rest_route=\/wp\/v2\/posts\/5351","targetHints":{"allow":["GET"]}}],"collection":[{"href":"http:\/\/www.korhanyilmaz.com\/index.php?rest_route=\/wp\/v2\/posts"}],"about":[{"href":"http:\/\/www.korhanyilmaz.com\/index.php?rest_route=\/wp\/v2\/types\/post"}],"author":[{"embeddable":true,"href":"http:\/\/www.korhanyilmaz.com\/index.php?rest_route=\/wp\/v2\/users\/1"}],"replies":[{"embeddable":true,"href":"http:\/\/www.korhanyilmaz.com\/index.php?rest_route=%2Fwp%2Fv2%2Fcomments&post=5351"}],"version-history":[{"count":0,"href":"http:\/\/www.korhanyilmaz.com\/index.php?rest_route=\/wp\/v2\/posts\/5351\/revisions"}],"wp:attachment":[{"href":"http:\/\/www.korhanyilmaz.com\/index.php?rest_route=%2Fwp%2Fv2%2Fmedia&parent=5351"}],"wp:term":[{"taxonomy":"category","embeddable":true,"href":"http:\/\/www.korhanyilmaz.com\/index.php?rest_route=%2Fwp%2Fv2%2Fcategories&post=5351"},{"taxonomy":"post_tag","embeddable":true,"href":"http:\/\/www.korhanyilmaz.com\/index.php?rest_route=%2Fwp%2Fv2%2Ftags&post=5351"}],"curies":[{"name":"wp","href":"https:\/\/api.w.org\/{rel}","templated":true}]}}