{"id":5345,"date":"2009-03-14T11:44:30","date_gmt":"2009-03-14T09:44:30","guid":{"rendered":"http:\/\/www.korhanyilmaz.com\/?p=5345"},"modified":"2009-03-14T11:44:30","modified_gmt":"2009-03-14T09:44:30","slug":"bilim-ve-teknikin-yayin-yonetmeni-konustu","status":"publish","type":"post","link":"http:\/\/www.korhanyilmaz.com\/?p=5345","title":{"rendered":"Bilim ve Teknik&#039;in Yay\u0131n Y\u00f6netmeni konu\u015ftu"},"content":{"rendered":"<p style=\"text-align: center;\"><img loading=\"lazy\" decoding=\"async\" class=\"aligncenter size-full wp-image-5346\" title=\"Bilim ve Teknik Dergisi'nin g\u00f6revden al\u0131nd\u0131\u011f\u0131 belirtilen Yay\u0131n Y\u00f6netmeni Dr. \u00c7i\u011fdem Atakuman\" src=\"http:\/\/www.korhanyilmaz.com\/wp-content\/uploads\/2009\/03\/fft5_mf136610.jpeg\" alt=\"Bilim ve Teknik Dergisi'nin g\u00f6revden al\u0131nd\u0131\u011f\u0131 belirtilen Yay\u0131n Y\u00f6netmeni Dr. \u00c7i\u011fdem Atakuman\" width=\"315\" height=\"210\" \/><\/p>\n<p style=\"text-align: justify;\">\n<p style=\"text-align: justify;\"><strong>T\u00dcB\u0130TAK&#8217;ta evrim sans\u00fcr\u00fcn\u00fcn birinci a\u011f\u0131zdan \u00f6yk\u00fcs\u00fc<\/strong><\/p>\n<p style=\"text-align: justify;\">Bilim ve Teknik Dergisi&#8217;nin g\u00f6revden al\u0131nd\u0131\u011f\u0131 belirtilen\u00a0Yay\u0131n Y\u00f6netmeni Dr. \u00c7i\u011fdem Atakuman, kendisini su\u00e7layan T\u00dcB\u0130TAK y\u00f6neticilerine zehir zemberek yan\u0131t verdi. Prof. \u00d6mer Cebeci&#8217;nin s\u00f6yledi\u011finin aksine kesinlikle Darwin&#8217;e sans\u00fcr uygulad\u0131\u011f\u0131n\u0131 belirten Atakuman, sans\u00fcr s\u00fcrecinide anlatt\u0131. Atakuman, &#8220;Bas\u0131nda &#8220;Darwin sans\u00fcr\u00fc&#8221; diye an\u0131lan olay s\u0131radan bir iddia de\u011fil, t\u00fcm\u00fcyle bir ger\u00e7ektir. Dolay\u0131s\u0131yla kurumu ve \u00e7al\u0131\u015fanlar\u0131n\u0131 &#8220;derinden yaralayan&#8221; olay da bu ger\u00e7e\u011fin ortaya \u00e7\u0131kar\u0131lmas\u0131 de\u011fil, Prof. \u00d6mer Cebeci&#8217;nin bu skandala yol a\u00e7an bilim d\u0131\u015f\u0131, ki\u015fisel tavr\u0131d\u0131r&#8221; dedi. <!--more--><\/p>\n<p style=\"text-align: justify;\"><strong>Atakuman&#8217;\u0131n a\u00e7\u0131klamas\u0131n\u0131n tam metni \u015f\u00f6yle: <\/strong><\/p>\n<p style=\"text-align: justify;\">T\u00dcB\u0130TAK taraf\u0131ndan Bilim ve Teknik Dergisinde ya\u015fanan sans\u00fcr olay\u0131n\u0131 a\u00e7\u0131klamak i\u00e7in yap\u0131lan kamuoyu duyurusundaki as\u0131ls\u0131z gerek\u00e7eler ve 12 Mart ak\u015fam\u0131 bir televizyon kanal\u0131nda Prof. \u00d6mer Cebeci taraf\u0131ndan &#8220;i\u015f kazas\u0131&#8221; \u015feklinde yorumlanarak Dr. \u00c7i\u011fdem Atakuman&#8217;\u0131 su\u00e7layan beyanlar kar\u015f\u0131s\u0131nda ger\u00e7ekleri sunmak amac\u0131yla bu bas\u0131n a\u00e7\u0131klamas\u0131na gerek duyulmu\u015ftur.<\/p>\n<p style=\"text-align: justify;\">\n<strong>T\u00dcB\u0130TAK bas\u0131n a\u00e7\u0131klamas\u0131nda ileri s\u00fcr\u00fclen iddialar a\u015fa\u011f\u0131da maddeler halinde yan\u0131tlanmaktad\u0131r: <\/strong>\n<\/p>\n<p style=\"text-align: justify;\"><strong>1. <\/strong>Mart 2009 say\u0131s\u0131n\u0131n haz\u0131rlanmas\u0131nda Bilim ve Teknik dergisinin ola\u011fan s\u00fcre\u00e7lerinde herhangi bir aksakl\u0131k veya Sorumlu Yaz\u0131 \u0130\u015fleri M\u00fcd\u00fcr\u00fc ve Yay\u0131n Y\u00f6netmeni Dr. \u00c7i\u011fdem Atakuman&#8217;\u0131n bu s\u00fcre\u00e7lerde yetki a\u015f\u0131m\u0131 s\u00f6z konusu de\u011fildir. Dergi yay\u0131n hayat\u0131na ba\u015flad\u0131\u011f\u0131 tarihten beri uygulanan s\u00fcre\u00e7ler Mart 2009 say\u0131s\u0131 i\u00e7in i\u015fletilmi\u015ftir. Bilim ve Toplum Daire Ba\u015fkanl\u0131\u011f\u0131 organizasyon \u015femas\u0131 ve g\u00f6rev tan\u0131mlar\u0131na g\u00f6re dergi yay\u0131n y\u00f6netmeni, Pop\u00fcler Bilim Yay\u0131nlar\u0131 m\u00fcd\u00fcr\u00fcne ba\u011fl\u0131d\u0131r. \u00c7i\u011fdem Atakuman, asaleten y\u00fcr\u00fctt\u00fc\u011f\u00fc Pop\u00fcler Bilim Yay\u0131nlar\u0131 M\u00fcd\u00fcrl\u00fc\u011f\u00fc g\u00f6revinin yan\u0131 s\u0131ra, Bilim ve Teknik Dergisi ad\u0131na Bas\u0131n Savc\u0131l\u0131\u011f\u0131nda kay\u0131tl\u0131 Sorumlu Yaz\u0131 \u0130\u015fleri M\u00fcd\u00fcrl\u00fc\u011f\u00fc, Genel Yay\u0131n Y\u00f6netmenli\u011fi ve t\u00fcm bu fonksiyonlar\u0131n ba\u011fl\u0131 oldu\u011fu Bilim ve Toplum Daire ba\u015fkan Vekilli\u011fi g\u00f6revini y\u00fcr\u00fctmektedir. Bu organizasyon yap\u0131s\u0131nda dergi yay\u0131n kurulunun, derginin i\u00e7eri\u011fiyle ilgili karar alma yetkisi bulunmamaktad\u0131r. Karar yetkisi olmayan yay\u0131n kurullar\u0131 bir nevi bilimsel dan\u0131\u015fmanl\u0131k g\u00f6revi g\u00f6rmekte ve i\u00e7erik uygunlu\u011fu konusunda g\u00f6r\u00fc\u015f bildirmektedir. Bu kapsamda, T\u00dcB\u0130TAK Bilim ve Teknik dergisinin yay\u0131n kurulunun, derginin i\u00e7eri\u011fi ve kapak konusuna ili\u015fkin herhangi bir karar yetkisi de yoktur.<\/p>\n<p style=\"text-align: justify;\"><strong>2.<\/strong> Kald\u0131 ki Prof. \u00d6mer Cebeci yay\u0131n kurulu g\u00f6revine atand\u0131\u011f\u0131 zamandan bu yana yay\u0131n kurulu toplanamam\u0131\u015ft\u0131r. Yay\u0131n kurulunun g\u00f6revi her y\u0131l\u0131n son ay\u0131nda tamamlan\u0131r ve yeni isimlerden olu\u015fan bir kadro gelecek y\u0131l\u0131n ocak ay\u0131ndan itibaren g\u00f6reve atan\u0131r. Y\u00f6netmeli\u011fe g\u00f6re yay\u0131n kurulunun \u00fc\u00e7\u00fc kurum i\u00e7inden be\u015fi de kurum d\u0131\u015f\u0131ndan olmak \u00fczere sekiz ki\u015fiden olu\u015fmas\u0131 gerekir. Dr. \u00c7i\u011fdem Atakuman, Prof. \u00d6mer Cebeci&#8217;ye (Bilim Toplum Daire Ba\u015fkanl\u0131\u011f\u0131&#8217;n\u0131n ba\u011fl\u0131 oldu\u011fu ba\u015fkan yard\u0131mc\u0131l\u0131\u011f\u0131na getirildi\u011fi tarihten itibaren) yay\u0131n kurulunun y\u00f6netmeli\u011fe uygun olarak olu\u015fturulabilmesi i\u00e7in s\u00fcrekli olarak giri\u015fimde bulunmu\u015f ve bir\u00e7ok isim \u00f6nermi\u015fken Prof. \u00d6mer Cebeci bu isimleri uygun g\u00f6rmemi\u015f, 2008 y\u0131l\u0131nda kurulda g\u00f6rev alm\u0131\u015f iki ki\u015finin haricinde kimsenin kurula atanmas\u0131na onay vermemi\u015ftir. \u00d6mer Cebeci, Bilim ve Toplum Daire ba\u015fkanl\u0131\u011f\u0131n\u0131n ba\u011fl\u0131 oldu\u011fu Ba\u015fkan Yard\u0131mc\u0131l\u0131\u011f\u0131 g\u00f6revine getirildi\u011fi Aral\u0131k 2008 tarihinden itibaren, ayn\u0131 dairenin ba\u015fkan Vekili Dr. \u00c7i\u011fdem Atakuman defalarca kendisiyle i\u015f s\u00fcre\u00e7lerini ve organizasyon yap\u0131s\u0131n\u0131 g\u00f6r\u00fc\u015fmek i\u00e7in talepte bulunmas\u0131na ra\u011fmen, &#8220;ben seni \u00e7a\u011f\u0131rmadan gelme&#8221; ifadesiyle geri \u00e7evrilmi\u015ftir. Bunun \u00fczerine \u00c7i\u011fdem Atakuman karar bekleyen konular\u0131 yaz\u0131l\u0131, s\u00f6zl\u00fc ve e-mail arac\u0131l\u0131\u011f\u0131yla kendisine ileterek \u00d6mer Cebeci&#8217;nin bu konular\u0131 tart\u0131\u015fmak i\u00e7in kendisini \u00e7a\u011f\u0131rmas\u0131n\u0131 beklemi\u015ftir. Ola\u011fan s\u00fcre\u00e7lerde meydana gelen aksamalar, Prof. \u00d6mer Cebeci&#8217;nin ilgili Ba\u015fkan Yard\u0131mc\u0131l\u0131\u011f\u0131 ve Yay\u0131n Kurulu \u00fcyeli\u011fi g\u00f6revine Aral\u0131k 2008&#8217;de atand\u0131\u011f\u0131 andan itibaren ba\u015flam\u0131\u015ft\u0131r.<\/p>\n<p style=\"text-align: justify;\"><strong>3.<\/strong> K\u00fcresel \u0130klim De\u011fi\u015fikli\u011fi ana temas\u0131n\u0131n Bilim ve Teknik dergisinin Mart 2009 say\u0131s\u0131 i\u00e7in kapak olarak kararla\u015ft\u0131r\u0131lm\u0131\u015f oldu\u011funa ili\u015fkin herhangi bir karar yoktur. K\u00fcresel \u0130klim De\u011fi\u015fikli\u011fi temas\u0131n\u0131n Bilim ve Teknik dergisinde iki ana temadan biri olarak yer alaca\u011f\u0131 do\u011frudur; ancak kapak konusu olarak kararla\u015ft\u0131r\u0131lmam\u0131\u015ft\u0131r. Bu konuda da t\u0131pk\u0131 dergide yay\u0131mlanacak di\u011fer konular gibi editoryal ve g\u00f6rsel \u00e7al\u0131\u015fmalar s\u00fcrd\u00fcr\u00fclm\u00fc\u015ft\u00fcr. \u0130ddia edildi\u011fi gibi 27 \u015eubat 2009 tarihinde Dr. \u00c7i\u011fdem Atakuman taraf\u0131ndan T\u00dcB\u0130TAK Ba\u015fkan Yard\u0131mc\u0131s\u0131 Prof. \u00d6mer Cebeci&#8217;ye hi\u00e7 bir surette bu konunun kapak olaca\u011f\u0131 bildirilmemi\u015ftir.<\/p>\n<p style=\"text-align: justify;\"><strong>4.<\/strong> Bilim ve Teknik Dergisinin Mart say\u0131s\u0131, Darwin&#8217;in do\u011fumunun 200. y\u0131l\u0131 ve T\u00fcrlerin K\u00f6keni kitab\u0131n\u0131n yay\u0131mlan\u0131\u015f\u0131n\u0131n 150. y\u0131l\u0131 nedeniyle t\u00fcm d\u00fcnyan\u0131n en \u00f6nemli bilim kurumlar\u0131n\u0131n ve en prestijli bilim dergilerinin yapt\u0131\u011f\u0131 gibi, do\u011fal olarak Darwin&#8217;e ayr\u0131lm\u0131\u015ft\u0131r. Konu ile ilgili \u00e7al\u0131\u015fmalar, s\u00f6ylendi\u011fi gibi bir &#8220;haftasonu operasyonu&#8221; sonucu de\u011fidir. Yaz\u0131 \u00e7al\u0131\u015fmalar\u0131, derginin \u015eubat say\u0131s\u0131 bas\u0131ma verildi\u011fi andan itibaren ba\u015flat\u0131lm\u0131\u015ft\u0131r.<\/p>\n<p style=\"text-align: justify;\"><strong>5.<\/strong> T\u00dcB\u0130TAK&#8217;\u0131n bas\u0131n a\u00e7\u0131klamas\u0131nda konu edilen &#8216;Yay\u0131n D\u00fcnyas\u0131&#8217; sayfalar\u0131n\u0131n dergide yer almas\u0131, Darwin sans\u00fcr\u00fcn\u00fcn ard\u0131ndan Dr. \u00c7i\u011fdem Atakuman&#8217;\u0131n \u0131srar\u0131yla ger\u00e7ekle\u015febilmi\u015ftir. Dergiye 16 sayfan\u0131n eklenmesi , ileri s\u00fcr\u00fcld\u00fc\u011f\u00fc gibi rutin yay\u0131n s\u00fcre\u00e7lerinin d\u0131\u015f\u0131nda de\u011fil, t\u00fcm\u00fcyle matbaa ile yap\u0131lan teknik \u015fartnameye uygun olarak ve insiyatif dahilinde teknik y\u00f6netmenin \u00f6nerisiyle kararla\u015ft\u0131r\u0131lm\u0131\u015ft\u0131r. Bilindi\u011fi gibi Bilim ve Teknik dergisi Ocak 2009 tarihinden itibaren yeni format\u0131 ve sayfa tasar\u0131m\u0131yla yay\u0131n hayat\u0131n\u0131 s\u00fcrd\u00fcrmektedir. Mart say\u0131s\u0131na kadar ge\u00e7en 2 ay boyunca okurlardan gelen &#8220;sayfa say\u0131s\u0131n\u0131n azl\u0131\u011f\u0131&#8221; ve di\u011fer tepkiler \u00fczerine \u00f6nce \u015eubat say\u0131s\u0131nda tasar\u0131ma ili\u015fkin yenilikler yap\u0131lm\u0131\u015f, Mart say\u0131s\u0131nda da gelen yaz\u0131lar\u0131n fazlal\u0131\u011f\u0131 nedeniyle derginin 112 sayfa olarak yay\u0131mlanmas\u0131na karar verilmi\u015ftir. Bu yenilikler \u015eubat say\u0131s\u0131nda Dr. \u00c7i\u011fdem Atakuman taraf\u0131ndan kaleme al\u0131nan iki sayfal\u0131k bir yaz\u0131yla okurlarla payla\u015f\u0131lm\u0131\u015ft\u0131r.<\/p>\n<p style=\"text-align: justify;\"><strong>6.<\/strong> Bilim ve Teknik Dergisi \u00e7al\u0131\u015fanlar\u0131 y\u0131llard\u0131r dergiyi yay\u0131na haz\u0131rlamak amac\u0131yla ve b\u00fcy\u00fck bir \u00f6zveri ile &#8216;hafta sonu \u00e7al\u0131\u015fmalar\u0131&#8217; yapmaktad\u0131r. Dolay\u0131s\u0131yla, hafta sonu \u00e7al\u0131\u015fmalar\u0131, \u00f6zellikle Mart 2009 say\u0131s\u0131 i\u00e7in gizli bir operasyon olarak planlanmam\u0131\u015ft\u0131r.<\/p>\n<p style=\"text-align: justify;\"><strong>7.<\/strong> \u0130ddia edildi\u011fi gibi 2 Mart Pazartesi sabah\u0131 derginin son hali Prof. \u00d6mer Cebeci&#8217;nin g\u00f6r\u00fc\u015f\u00fcne sunulmam\u0131\u015ft\u0131r. Tersine Prof. \u00d6mer Cebeci kendi insiyatifi ile, Dr. Atakuman&#8217;\u0131n g\u00f6revli olarak \u015fehir d\u0131\u015f\u0131nda bulundu\u011fu bir s\u0131rada, derginin teknik y\u00f6netmenini aram\u0131\u015f, derginin son halini g\u00f6rmek istemi\u015ftir. Derginin de\u011fi\u015ftirilme s\u00fcreci Dr. \u00c7i\u011fdem Atakuman&#8217;\u0131n yoklu\u011funda bu \u015fekilde ba\u015flam\u0131\u015ft\u0131r.<\/p>\n<p style=\"text-align: justify;\"><strong>8.<\/strong> Darwin Y\u0131l\u0131 temas\u0131 &#8220;bir uzman yard\u0131mc\u0131s\u0131&#8221; taraf\u0131ndan kaleme al\u0131nm\u0131\u015ft\u0131r. Ancak bu uzman yard\u0131mc\u0131s\u0131, Biyoloji alan\u0131nda lisans ve y\u00fcksek lisans derecelerine sahip ba\u015far\u0131l\u0131 bir biyologtur. Bu yetkinli\u011fi ile, ayni ki\u015finin daha \u00f6nceki say\u0131larda yay\u0131mlanan yaz\u0131lar\u0131 geri \u00e7evrilmemi\u015f olmas\u0131na kar\u015f\u0131n, Darwin yaz\u0131s\u0131n\u0131n &#8220;uzman yard\u0131mc\u0131s\u0131&#8221; s\u0131fat\u0131yla geri \u00e7evrilmesi anla\u015f\u0131labilecek bir durum de\u011fildir. \u00dcstelik daha \u00f6nce yay\u0131mlanan yaz\u0131lar, kesinlikle daha alt d\u00fczeyde uzmanl\u0131k gerektiren yaz\u0131lar de\u011fildir.<\/p>\n<p style=\"text-align: justify;\"><strong>9.<\/strong> \u0130ddia edildi\u011fi gibi, Dr. \u00c7i\u011fdem Atakuman &#8220;yapt\u0131\u011f\u0131 yanl\u0131\u015f\u0131n fark\u0131na varmam\u0131\u015f&#8221;, tersine bunun bir yanl\u0131\u015fl\u0131k olmad\u0131\u011f\u0131n\u0131 ileri s\u00fcrm\u00fc\u015ft\u00fcr. Dergi i\u00e7eri\u011finin ve kapa\u011f\u0131n yeniden haz\u0131rlanmas\u0131 Dr. \u00c7i\u011fdem Atakuman&#8217;\u0131n kendi insiyatifiyle de\u011fil, t\u00fcm\u00fcyle Prof. \u00d6mer Cebeci taraf\u0131ndan ger\u00e7ekle\u015ftirilmi\u015ftir. Kapak konusunun son anda K\u00fcresel \u0130klim De\u011fi\u015fikli\u011fi temas\u0131na d\u00f6n\u00fc\u015fmesi de derginin ikinci a\u011f\u0131rl\u0131kl\u0131 temas\u0131 olmas\u0131 nedeniyledir. Derginin bas\u0131ma g\u00f6nderilme talimat\u0131n\u0131 vermek do\u011fal olarak Dr. \u00c7i\u011fdem Atakuman&#8217;a aittir; fakat bu talimat yukar\u0131da s\u00f6ylendi\u011fi gibi Prof. \u00d6mer Cebeci&#8217;nin \u0131srar\u0131 ve bask\u0131s\u0131yla verilmi\u015ftir.<\/p>\n<p style=\"text-align: justify;\"><strong>10.<\/strong> 4 Mart g\u00fcn\u00fc, havaalan\u0131ndan do\u011frudan g\u00f6revinin ba\u015f\u0131na d\u00f6nen Dr.\u00c7i\u011fdem Atakuman \u00d6mer Cebeci ile g\u00f6r\u00fc\u015fmek \u00fczere defalarca giri\u015fimde bulunmu\u015f ancak 6 Mart ak\u015fam \u00fcst\u00fc Prof. \u00d6mer Cebeci&#8217;nin makam\u0131na \u00e7a\u011fr\u0131lm\u0131\u015ft\u0131r. Kendisine, Darwin konusunun &#8220;T\u00fcrkiye&#8217;nin i\u00e7inde bulundu\u011fu hassas ortamda provokatif bir konu&#8221; oldu\u011fu s\u00f6ylenmi\u015f ve bu nedenle yaln\u0131zca pop\u00fcler bilim yay\u0131nlar\u0131yla ilgili g\u00f6revlerinden de\u011fil, 15 ayd\u0131r s\u00fcrd\u00fcrd\u00fc\u011f\u00fc T\u00dcB\u0130TAK Bilim ve Toplum Daire Ba\u015fkan\u0131 Vekilli\u011fi dahil t\u00fcm g\u00f6revlerinden al\u0131nd\u0131\u011f\u0131 ve ba\u015fka bir birimde &#8220;uzman&#8221; kadrosuyla g\u00f6revlendirilece\u011fi s\u00f6zl\u00fc olarak bildirilmi\u015ftir. Buna gerek\u00e7e olarak da yetki a\u015f\u0131m\u0131 konusu hi\u00e7 g\u00fcndeme getirilmemi\u015f, onun yerine &#8220;b\u00f6ylesine hassas bir konuda yanl\u0131\u015f sezgilerle hareket etmesinden dolay\u0131 g\u00fcven ili\u015fkisinin zedelenmesi&#8221; \u00f6ne s\u00fcr\u00fclm\u00fc\u015ft\u00fcr.<\/p>\n<p style=\"text-align: justify;\"><strong>11.<\/strong> Bas\u0131n a\u00e7\u0131klamas\u0131nda gururla s\u00f6z\u00fc edilen Ernst Mayr&#8217;\u0131n &#8221;Biyoloji Budur&#8221; adl\u0131 kitab\u0131 ise bu y\u00f6netim taraf\u0131ndan de\u011fil, daha \u00f6nceki y\u00f6netimler taraf\u0131ndan yay\u0131m s\u00fcrecine al\u0131n\u0131p \u00e7eviri a\u015famas\u0131na gelmesine kar\u015f\u0131n ancak Dr. \u00c7i\u011fdem Atakuman&#8217;\u0131n ki\u015fisel \u00e7abas\u0131yla yay\u0131n program\u0131nda y\u0131llard\u0131r beklemekte oldu\u011fu raflardan \u00e7\u0131kar\u0131larak g\u00fcndeme al\u0131nm\u0131\u015ft\u0131r.<\/p>\n<p style=\"text-align: justify;\"><strong>12.<\/strong> Bas\u0131n a\u00e7\u0131klamas\u0131nda yer alan, &#8220;Darwin Y\u0131l\u0131 olan 2009 y\u0131l\u0131nda da bu konu, T\u00dcB\u0130TAK Bilim ve Teknik dergisinde detayl\u0131 ve yeterli olarak ele al\u0131nacakt\u0131r. T\u00dcB\u0130TAK Bilim ve Teknik dergisinin bir say\u0131s\u0131 bu konuya tahsis edilecektir&#8221; ifadesi, T\u00fcrkiye ve d\u00fcnyada ortaya konan tepkiler \u00fczerine h\u0131zla al\u0131nm\u0131\u015f bir karard\u0131r. Bu karardan ne yay\u0131n kurulunun ne de derginin halihaz\u0131rda resmen g\u00f6revden al\u0131nmam\u0131\u015f olan Sorumlu Yaz\u0131 \u0130\u015fleri M\u00fcd\u00fcr\u00fc ve Yay\u0131n Y\u00f6netmeni Dr. Atakuman&#8217;\u0131n haberi yoktur.<\/p>\n<p style=\"text-align: justify;\"><strong>13.<\/strong> Bas\u0131nda &#8220;Darwin sans\u00fcr\u00fc&#8221; diye an\u0131lan olay s\u0131radan bir iddia de\u011fil, t\u00fcm\u00fcyle bir ger\u00e7ektir. Dolay\u0131s\u0131yla kurumu ve \u00e7al\u0131\u015fanlar\u0131n\u0131 &#8220;derinden yaralayan&#8221; olay da bu ger\u00e7e\u011fin ortaya \u00e7\u0131kar\u0131lmas\u0131 de\u011fil, Prof. \u00d6mer Cebeci&#8217;nin bu skandala yol a\u00e7an bilim d\u0131\u015f\u0131, ki\u015fisel tavr\u0131d\u0131r.<\/p>\n<p style=\"text-align: justify;\"><strong>T\u00fcm s\u00fcre\u00e7 detayl\u0131 olarak a\u015fa\u011f\u0131da belirtildi\u011fi \u015fekilde geli\u015fmi\u015ftir:<\/strong><\/p>\n<p style=\"text-align: justify;\">\nBilim ve Teknik dergisinin her say\u0131s\u0131n\u0131n yay\u0131na haz\u0131rlanma s\u00fcrecinde oldu\u011fu gibi Mart say\u0131s\u0131n\u0131n i\u00e7eri\u011fi, \u015eubat say\u0131s\u0131 \u00e7\u0131kt\u0131ktan sonra, yay\u0131n y\u00f6netmeninin yazarlarla birlikte yapm\u0131\u015f oldu\u011fu toplant\u0131da belirlenmi\u015ftir. Yaz\u0131lar do\u011fal haz\u0131rl\u0131k s\u00fcre\u00e7lerinden ge\u00e7tikten sonra ay\u0131n son haftas\u0131nda bask\u0131ya haz\u0131rlanma s\u00fcrecine girmi\u015ftir. Darwin yaz\u0131lar\u0131 da di\u011fer yaz\u0131lar gibi bu s\u00fcre\u00e7lerden ge\u00e7mi\u015f ve bir ay \u00f6ncesinden haz\u0131rlanmaya ba\u015flanm\u0131\u015ft\u0131r. Dergi kapa\u011f\u0131 28 \u015eubat Cumartesi g\u00fcn\u00fc bask\u0131ya haz\u0131rlanm\u0131\u015ft\u0131r. Dr. \u00c7i\u011fdem Atakuman, ayni g\u00fcn i\u00e7erisinde i\u00e7erikle ilgili son kontrolleri de yapt\u0131ktan sonra dergiyi matbaaya g\u00f6nderilmek \u00fczere teknik y\u00f6netmene teslim etmi\u015f ve 1 Mart Pazar g\u00fcn\u00fc g\u00f6revli olarak Antalya&#8217;da d\u00fczenlenen \u00fcniversitelere y\u00f6nelik mali bilgilendirme toplant\u0131s\u0131na gitmi\u015ftir.<br \/>\nDaha \u00f6nce herhangi bir \u015fekilde derginin i\u015fleyi\u015f s\u00fcre\u00e7lerine m\u00fcdahil olmayan ve bu konuda bir talebi de bulunmayan Prof. \u00d6mer Cebeci 2 Mart Pazartesi g\u00fcn\u00fc bu say\u0131y\u0131 \u00f6zellikle g\u00f6rmek istemi\u015ftir. Dergi, Prof. \u00d6mer Cebeci&#8217;ye teknik y\u00f6netmen taraf\u0131ndan sunulmu\u015ftur. Darwin ile ilgili kapak ve Darwin ile ilgili yaz\u0131lar\u0131 g\u00f6ren Prof. \u00d6mer Cebeci, derginin bas\u0131m s\u00fcrecinin durdurulmas\u0131n\u0131 s\u00f6ylemi\u015ftir. B\u00f6ylece ba\u015flayan s\u00fcre\u00e7te Prof. \u00d6mer Cebeci Dr. \u00c7i\u011fdem Atakuman&#8217;\u0131 arayarak durumu bildirmi\u015f ve derginin Darwinle ilgili kapak ve yaz\u0131lar\u0131n\u0131n \u00e7\u0131kar\u0131lmas\u0131n\u0131 istemi\u015ftir. Kapak de\u011fi\u015fikli\u011finin \u00f6n\u00fcne ge\u00e7mek ve dergideki Darwin yaz\u0131lar\u0131n\u0131 yay\u0131mlayabilmek amac\u0131yla Prof. \u00d6mer Cebeci&#8217;yi birka\u00e7 kez arayan Dr. \u00c7i\u011fdem Atakuman t\u00fcm \u00e7abalar\u0131na ra\u011fmen Prof. \u00d6mer Cebeci&#8217;nin karar\u0131n\u0131 de\u011fi\u015ftirememi\u015ftir. E\u011fer bir yetki a\u015f\u0131m\u0131 varsa, bu yetki a\u015f\u0131m\u0131 (bas\u0131n savc\u0131l\u0131\u011f\u0131nda sorumlu yaz\u0131 i\u015fleri m\u00fcd\u00fcr\u00fc olarak kay\u0131tl\u0131) Dr. \u00c7i\u011fdem Atakuman&#8217;\u0131n yetkilerine kar\u015f\u0131 Prof. \u00d6mer Cebeci taraf\u0131ndan yap\u0131lm\u0131\u015ft\u0131r. Darwin Y\u0131l\u0131&#8217;n\u0131n kutlanmas\u0131yla ilgili olarak Mart say\u0131s\u0131nda kalan iki sayfal\u0131k Yay\u0131n D\u00fcnyas\u0131 yaz\u0131s\u0131 ancak Dr. \u00c7i\u011fdem Atakuman&#8217;\u0131n \u0131srar\u0131yla dergide yer bulabilmi\u015ftir.<\/p>\n<p style=\"text-align: justify;\">\nDr. \u00c7i\u011fdem Atakuman, Antalya&#8217;dan d\u00f6nd\u00fc\u011f\u00fc 4 Mart \u00c7ar\u015famba g\u00fcn\u00fc havaalan\u0131ndan do\u011fruca kuruma gitmi\u015f ve 12.30 gibi Prof. \u00d6mer Cebeci&#8217;nin sekreterine geldi\u011fini bildirerek geli\u015fmelerle ilgili g\u00f6r\u00fc\u015fme talebinde bulunmu\u015ftur. Randevu talebine kar\u015f\u0131l\u0131k alamayan Dr. \u00c7i\u011fdem Atakuman derginin Nisan say\u0131s\u0131n\u0131n i\u00e7eri\u011fini haz\u0131rlamak \u00fczere dergi \u00e7al\u0131\u015fanlar\u0131yla toplanm\u0131\u015ft\u0131r. 5 Mart Per\u015fembe g\u00fcn\u00fc Nisan say\u0131s\u0131n\u0131n i\u00e7eri\u011finin ilk haz\u0131rl\u0131klar\u0131 tamamlanm\u0131\u015f ve yazarlar \u00e7al\u0131\u015fmalar\u0131na ba\u015flam\u0131\u015ft\u0131r. Daireyle ilgili di\u011fer g\u00f6revlerini de s\u00fcrd\u00fcrmeye devam eden Dr. \u00c7i\u011fdem Atakuman, 6 Mart Cuma g\u00fcn\u00fc 15.30 dolay\u0131nda Prof. \u00d6mer Cebeci&#8217;nin makam\u0131na \u00e7a\u011fr\u0131lm\u0131\u015ft\u0131r. Kendisinin TEYDEB&#8217;e uzman olarak g\u00f6revlendirilmesinin uygun g\u00f6r\u00fcld\u00fc\u011f\u00fc &#8220;s\u00f6zl\u00fc olarak &#8221; bildirilmi\u015ftir. Buna gerek\u00e7e olarak da Prof. \u00d6mer Cebeci, &#8220;Dr. \u00c7i\u011fdem Atakuman&#8217;\u0131n Darwin&#8217;i kapak yaparak b\u00fcy\u00fck bir hata yapt\u0131\u011f\u0131n\u0131 ve b\u00f6ylesine b\u00fcy\u00fck bir hata yapma kapasitesine sahip birisiyle \u00e7al\u0131\u015famayaca\u011f\u0131n\u0131&#8221; g\u00f6stermi\u015ftir. Bu konu\u015fma s\u0131ras\u0131nda, Dr. \u00c7i\u011fdem Atakuman&#8217;a ancak 6 Mart Cuma g\u00fcn\u00fc bildirilen g\u00f6rev de\u011fi\u015fim karar\u0131n\u0131n asl\u0131nda kendisinin Antalya&#8217;da oldu\u011fu 2 Mart Pazartesi g\u00fcn\u00fc al\u0131nd\u0131\u011f\u0131 s\u00f6ylenmi\u015ftir. Bu karar al\u0131n\u0131rken durumun \u00c7i\u011fdem Atakuman&#8217;\u0131n yetkilisi oldu\u011fu Daire Ba\u015fkanl\u0131\u011f\u0131 alt\u0131nda \u00e7al\u0131\u015fan S\u00f6zle\u015fmeler M\u00fcd\u00fcr\u00fc ve Akademik Yay\u0131nlar M\u00fcd\u00fcr\u00fc ile g\u00f6r\u00fc\u015f\u00fcld\u00fc\u011f\u00fc s\u00f6ylenmi\u015ftir. Bu durum daha sonra ad\u0131 ge\u00e7en m\u00fcd\u00fcrler taraf\u0131ndan da teyit edilmi\u015f ve karar\u0131n \u00c7i\u011fdem Atakuman&#8217;\u0131n &#8220;kas\u0131tl\u0131&#8221; olarak b\u00f6yle bir eylemde bulundu\u011fu \u015f\u00fcphesi \u00fczerine verildi\u011fi bu ki\u015fier taraf\u0131ndan \u00c7i\u011fdem Atakuman&#8217;a s\u00f6ylenmi\u015ftir.<\/p>\n<p style=\"text-align: justify;\">\n9 Mart Pazartesi g\u00fcn\u00fc, kendisine s\u00f6zle ifade edilen g\u00f6rev de\u011fi\u015fikli\u011fi karar\u0131n\u0131n resmi tebligat\u0131n\u0131 bekleyen Dr. \u00c7i\u011fdem Atakuman&#8217;a b\u00f6yle bir tebligat yap\u0131lmam\u0131\u015ft\u0131r. Dr. \u00c7i\u011fdem Atakuman bu tebligat\u0131 beklerken bas\u0131nda yer alan a\u00e7\u0131klamalara g\u00f6re ayn\u0131 g\u00fcn Prof. \u00d6mer Cebeci olaydan ve Darwin ile ilgili kapaktan haberdar olmad\u0131\u011f\u0131 ve \u00c7i\u011fdem Atakuman&#8217;\u0131n g\u00f6revinin ba\u015f\u0131nda oldu\u011fu y\u00f6n\u00fcnde bir a\u00e7\u0131klama yapm\u0131\u015ft\u0131r. Olaylar\u0131n ba\u015flang\u0131c\u0131ndan bu yana yaln\u0131zca &#8220;\u00c7i\u011fdem Han\u0131m g\u00f6revinin ba\u015f\u0131ndad\u0131r&#8221; demekle yetinen \u00fcst y\u00f6netim yap\u0131lan bas\u0131n a\u00e7\u0131klamas\u0131nda, halen resmen tebli\u011f edilmeyen bu g\u00f6rev de\u011fi\u015fikli\u011fini itiraf etmi\u015ftir. Kapaktan haberdar olmad\u0131\u011f\u0131n\u0131 s\u00f6yledi\u011fi 9 Mart Pazartesi ak\u015fam\u0131 bir televizyon kanal\u0131nda &#8220;var olmad\u0131\u011f\u0131 s\u00f6ylenen&#8221; kapak kamuoyuna sunulmu\u015f ve sans\u00fcr olay\u0131 a\u00e7\u0131\u011fa \u00e7\u0131kar\u0131lm\u0131\u015ft\u0131r.<br \/>\nDr. \u00c7i\u011fdem Atakuman, bu haberin yay\u0131nland\u0131\u011f\u0131 g\u00fcnden bu yana resmi bir tebligat almam\u0131\u015ft\u0131r. Olay\u0131n kamuoyunda yaratt\u0131\u011f\u0131 tepki \u00fczerine bir s\u00fcre sessiz kalan T\u00dcB\u0130TAK, 12 Mart tarihli resmi bas\u0131n a\u00e7\u0131klamas\u0131nda, &#8220;Dr. \u00c7i\u011fdem Atakuman&#8217;\u0131n g\u00f6revden al\u0131nmas\u0131 ve Darwin&#8217;e sans\u00fcr yap\u0131lmas\u0131 s\u00f6z konusu de\u011fildir&#8221; demeciyle yetinmi\u015ftir.<\/p>\n<p style=\"text-align: justify;\">\n12 Mart g\u00fcn\u00fc kurumda g\u00f6revinin ba\u015f\u0131nda olan \u00c7i\u011fdem Atakuman kurum i\u00e7 denetim g\u00f6revlileri taraf\u0131ndan odas\u0131nda iki etapta ger\u00e7ekle\u015ftirilen ara\u015ft\u0131rma mahiyetli bir sorguya tabii tutulmu\u015ftur.<\/p>\n<p style=\"text-align: justify;\">\nAk\u015fam saatlerinde, Prof. \u00d6mer Cebeci, t\u00fcm daire ba\u015fkanl\u0131\u011f\u0131 \u00e7al\u0131\u015fanlar\u0131n\u0131n ve yay\u0131n kurulu \u00fcyelerinin kat\u0131ld\u0131\u011f\u0131 ancak Bilim ve Teknik Yay\u0131n Kurulu \u00fcyelerinden hi\u00e7birinin kat\u0131lmad\u0131\u011f\u0131 bir toplant\u0131 yapm\u0131\u015f ve kat\u0131l\u0131mc\u0131lara, \u00c7i\u011fdem Atakuman&#8217;\u0131n g\u00f6revinden al\u0131nmad\u0131\u011f\u0131n\u0131 ancak yerini terk etti\u011fini ve bu durumda Dairenin ve derginin bir y\u00f6neticiye ihtiyac\u0131 oldu\u011funu s\u00f6ylemi\u015ftir.<\/p>\n<p style=\"text-align: justify;\">\n<strong>T\u00dcB\u0130TAK<\/strong> y\u00f6netimi &#8220;Darwin sans\u00fcr\u00fc&#8221;n\u00fc yukar\u0131da a\u00e7\u0131kland\u0131\u011f\u0131 gibi as\u0131ls\u0131z gerek\u00e7elerle inkar etmeyi s\u00fcrd\u00fcrm\u00fc\u015ft\u00fcr. \u0130nkar etmekle de kalmam\u0131\u015f, uluslararas\u0131 camian\u0131n yo\u011fun bask\u0131lar\u0131 \u00fczerine olay\u0131 Dr. \u00c7i\u011fdem Atakuman&#8217;\u0131n \u00fczerine y\u0131karak kendilerini aklama yoluna gitmi\u015flerdir. Bu s\u00fcre\u00e7 i\u00e7inde Dr. Atakuman hi\u00e7bir \u015fekilde bas\u0131nla g\u00f6r\u00fc\u015fmemi\u015f, T\u00dcB\u0130TAK&#8217;tan kendisine ve kamuoyuna yap\u0131lacak resmi a\u00e7\u0131klamay\u0131 beklemi\u015ftir. Ne var ki yap\u0131lan bas\u0131n a\u00e7\u0131klamas\u0131nda bulunan kas\u0131tl\u0131 yanl\u0131\u015f beyanlar nedeniyle bu a\u00e7\u0131klamay\u0131 yapma gere\u011fi duymu\u015ftur. T\u00fcm bunlar asl\u0131nda bir bilim insan\u0131n\u0131n onurunu, Bilim ve Teknik Dergisinin sayg\u0131nl\u0131\u011f\u0131n\u0131 ve bilimsel d\u00fc\u015f\u00fcnceyi koruma \u00e7abas\u0131d\u0131r.<\/p>\n<p style=\"text-align: justify;\">Dr. \u00c7i\u011fdem Atakuman, ODT\u00dc Kimya M\u00fchendisli\u011fi mezunu olup, Arkeometri Ana Bilim Dal\u0131nda y\u00fcksek lisans derecesini alm\u0131\u015f, doktora \u00e7al\u0131\u015fmalar\u0131n\u0131 Amerika&#8217;da Kaliforniya \u00dcniversitesi&#8217;nde (UCLA&#8217;de) arkeoloji \u00fczerine yapm\u0131\u015ft\u0131r. T\u00dcB\u0130TAK&#8217;ta y\u00fcr\u00fctmekte oldu\u011fu t\u00fcm \u00fcst d\u00fczey g\u00f6revlerine, Eyl\u00fcl 2007&#8217;de, tamamen \u00d6zge\u00e7mi\u015fi ile ilgili de\u011ferlendirme sonucunda, T\u00fcrkiye&#8217;de Bilim ve Toplum alan\u0131nda faaliyet g\u00f6steren ender ki\u015filerden biri oldu\u011fu, ve Bilim ve Toplum Dairesi&#8217;nde \u00fcst d\u00fczey yeti\u015fmi\u015f eleman eksikli\u011fini kapatmak amac\u0131yla getirilmi\u015ftir. Bu g\u00f6revinden \u00f6nce Dr. Atakuman, ODT\u00dc Bilim ve Teknoloji M\u00fczesinin Kurulmas\u0131nda g\u00f6rev alm\u0131\u015f ve ODT\u00dc Toplum ve Bilim Merkezinin kurucular\u0131ndan biri olarak M\u00fcd\u00fcr Yard\u0131mc\u0131l\u0131\u011f\u0131 g\u00f6revlerini y\u00fcr\u00fctm\u00fc\u015f, Arkeometri ve Yerle\u015fim Arkeolojisi ABD&#8217;nda dersler vermi\u015ftir.<br \/>\nDr. Atakuman&#8217;\u0131n, T\u00dcB\u0130TAK&#8217;taki g\u00f6revine ba\u015flayana kadar T\u00dcB\u0130TAK Ba\u015fkan\u0131 Say\u0131n Prof. Dr. N\u00fcket Yeti\u015f veya Prof. Dr. \u00d6mer Cebeci ile hi\u00e7bir ili\u015fkisi olmam\u0131\u015ft\u0131r.<\/p>\n<p style=\"text-align: justify;\">\nKamuoyuna sayg\u0131 ile duyurulur.\n<\/p>\n<p style=\"text-align: justify;\">Dr. \u00c7i\u011fdem Atakuman<\/p>\n<p style=\"text-align: justify;\"><span style=\"color: #888888;\">Kaynak : Radikal Gazetesi<\/span><\/p>\n<p style=\"text-align: justify;\">\n","protected":false},"excerpt":{"rendered":"<p style=\"text-align: center;\">\n<p style=\"text-align: justify;\">\n<p style=\"text-align: justify;\">T\u00dcB\u0130TAK&#8217;ta evrim sans\u00fcr\u00fcn\u00fcn birinci a\u011f\u0131zdan \u00f6yk\u00fcs\u00fc<\/p>\n<p style=\"text-align: justify;\">Bilim ve Teknik Dergisi&#8217;nin g\u00f6revden al\u0131nd\u0131\u011f\u0131 belirtilen Yay\u0131n Y\u00f6netmeni Dr. \u00c7i\u011fdem Atakuman, kendisini su\u00e7layan T\u00dcB\u0130TAK y\u00f6neticilerine zehir zemberek yan\u0131t verdi. Prof. \u00d6mer Cebeci&#8217;nin s\u00f6yledi\u011finin aksine kesinlikle Darwin&#8217;e sans\u00fcr uygulad\u0131\u011f\u0131n\u0131 belirten Atakuman, sans\u00fcr s\u00fcrecinide anlatt\u0131. Atakuman, &#8220;Bas\u0131nda &#8220;Darwin sans\u00fcr\u00fc&#8221; diye <\/p>\n","protected":false},"author":1,"featured_media":0,"comment_status":"open","ping_status":"closed","sticky":false,"template":"","format":"standard","meta":{"footnotes":""},"categories":[105],"tags":[],"class_list":["post-5345","post","type-post","status-publish","format-standard","hentry","category-gundem","odd"],"_links":{"self":[{"href":"http:\/\/www.korhanyilmaz.com\/index.php?rest_route=\/wp\/v2\/posts\/5345","targetHints":{"allow":["GET"]}}],"collection":[{"href":"http:\/\/www.korhanyilmaz.com\/index.php?rest_route=\/wp\/v2\/posts"}],"about":[{"href":"http:\/\/www.korhanyilmaz.com\/index.php?rest_route=\/wp\/v2\/types\/post"}],"author":[{"embeddable":true,"href":"http:\/\/www.korhanyilmaz.com\/index.php?rest_route=\/wp\/v2\/users\/1"}],"replies":[{"embeddable":true,"href":"http:\/\/www.korhanyilmaz.com\/index.php?rest_route=%2Fwp%2Fv2%2Fcomments&post=5345"}],"version-history":[{"count":0,"href":"http:\/\/www.korhanyilmaz.com\/index.php?rest_route=\/wp\/v2\/posts\/5345\/revisions"}],"wp:attachment":[{"href":"http:\/\/www.korhanyilmaz.com\/index.php?rest_route=%2Fwp%2Fv2%2Fmedia&parent=5345"}],"wp:term":[{"taxonomy":"category","embeddable":true,"href":"http:\/\/www.korhanyilmaz.com\/index.php?rest_route=%2Fwp%2Fv2%2Fcategories&post=5345"},{"taxonomy":"post_tag","embeddable":true,"href":"http:\/\/www.korhanyilmaz.com\/index.php?rest_route=%2Fwp%2Fv2%2Ftags&post=5345"}],"curies":[{"name":"wp","href":"https:\/\/api.w.org\/{rel}","templated":true}]}}