{"id":5340,"date":"2009-03-14T11:38:32","date_gmt":"2009-03-14T09:38:32","guid":{"rendered":"http:\/\/www.korhanyilmaz.com\/?p=5340"},"modified":"2009-03-14T11:38:32","modified_gmt":"2009-03-14T09:38:32","slug":"akp-3-napolyon-gibi-basini-bogazlamak-istiyor","status":"publish","type":"post","link":"http:\/\/www.korhanyilmaz.com\/?p=5340","title":{"rendered":"AKP 3. Napolyon gibi bas\u0131n\u0131 bo\u011fazlamak istiyor"},"content":{"rendered":"<p style=\"text-align: center;\"><img loading=\"lazy\" decoding=\"async\" class=\"aligncenter size-full wp-image-5341\" title=\"AKP 3. Napolyon gibi bas\u0131n\u0131 bo\u011fazlamak istiyor\" src=\"http:\/\/www.korhanyilmaz.com\/wp-content\/uploads\/2009\/03\/fft28_mf136979.jpeg\" alt=\"AKP 3. Napolyon gibi bas\u0131n\u0131 bo\u011fazlamak istiyor\" width=\"321\" height=\"214\" \/><\/p>\n<p style=\"text-align: justify;\">\n<p style=\"text-align: justify;\"><strong>Frans\u0131z Le Nouvel Observateur Dergisi, &#8220;T\u00fcrkiye&#8217;nin \u00f6nde gelen medya grubu Do\u011fan Yay\u0131n Holding 395 milyon Euro vergi cezas\u0131na \u00e7arpt\u0131r\u0131ld\u0131.Bu \u00fclkede, bas\u0131n\u0131 bo\u011fazlamak gibi \u00dc\u00e7\u00fcnc\u00fc Napolyon&#8217;a \u00f6zg\u00fc y\u00f6ntemlere rastl\u0131yoruz&#8221; diye yazd\u0131.<\/strong><\/p>\n<p style=\"text-align: justify;\">Derginin tarih\u00e7i yazar\u0131 Jacques Julliard k\u00f6\u015fe yaz\u0131s\u0131nda, &#8216;siyasi bask\u0131&#8217; uygulayan h\u00fck\u00fcmete ra\u011fmen, T\u00fcrkiye&#8217;de ya\u015fanan k\u00fclt\u00fcrel at\u0131l\u0131ma, H\u00fcrriyet&#8217;in artan tiraj\u0131n\u0131 \u00f6rnek g\u00f6sterdi.<\/p>\n<p style=\"text-align: justify;\"><strong>HAFTALIK<\/strong> tiraj\u0131 542 bin olan Frans\u0131z Le Nouvel Observateur Dergisi, bu haftaki say\u0131s\u0131nda, T\u00fcrkiye&#8217;ye yapt\u0131\u011f\u0131 k\u0131sa seyahati aktaran tarih\u00e7i ve yazar Jacques Julliard&#8217;\u0131n izlenimlerine yer verdi. Julliard, &#8216;Ge\u00e7mi\u015f ve gelecek aras\u0131ndaki T\u00fcrkiye&#8217; ba\u015fl\u0131kl\u0131 k\u00f6\u015fesinde, &#8220;T\u00fcrkiye&#8217;nin \u00f6nde gelen medya grubu Do\u011fan Yay\u0131n Holding 395 milyon Euro vergi cezas\u0131na \u00e7arpt\u0131r\u0131ld\u0131. Bu \u00fclkede, bas\u0131n\u0131 bo\u011fazlamak gibi \u00dc\u00e7\u00fcnc\u00fc Napolyon&#8217;a \u00f6zg\u00fc y\u00f6ntemlere rastl\u0131yoruz&#8221; diye yazd\u0131. &#8220;Modern, M\u00fcsl\u00fcman ama laik bir T\u00fcrkiye&#8217;ye evet, \u0130slamc\u0131 bir T\u00fcrkiye&#8217;ye ise hay\u0131r&#8221; diyen Julliard&#8217;\u0131n yaz\u0131s\u0131 \u00f6zetle \u015f\u00f6yle: <!--more--><\/p>\n<p style=\"text-align: justify;\"><strong>\u00c7in benzeri otorite <\/strong><\/p>\n<p style=\"text-align: justify;\">K\u0131sa bir s\u00fcre \u00f6nce gitti\u011fim T\u00fcrkiye&#8217;de bir olgu var ki, her \u015feyin \u00fczerinde. Br\u00fcksel&#8217;deki AB budalalar\u0131na ra\u011fmen T\u00fcrkiye&#8217;de sessizce yap\u0131lan niyet de\u011fi\u015fiklikleri ve belli bir gizlili\u011fe kar\u015f\u0131n artan \u0130slamc\u0131l\u0131k ile ekonomik modernle\u015fme aras\u0131nda h\u0131zl\u0131 bir yar\u0131\u015f var. \u00c7in&#8217;deki rejim benzeri otoriter bir h\u00fck\u00fcmetin y\u00f6netiminde ve onun siyasi bask\u0131s\u0131 alt\u0131nda, ekonomik liberalizmin en saf haliyle kar\u015f\u0131 kar\u015f\u0131yay\u0131z.<\/p>\n<p style=\"text-align: justify;\"><strong>H\u00fcrriyet&#8217;in tiraj\u0131 art\u0131yor<br \/>\n<\/strong><br \/>\nArtan milli gelir ve \u015fehirle\u015fme \u0130stanbul&#8217;u d\u00fcnyan\u0131n h\u0131zl\u0131 b\u00fcy\u00fcyen kenti haline getirdi. M\u00fczeler \u00e7o\u011fal\u0131yor, m\u00fczik d\u00fcnyas\u0131nda b\u00fcy\u00fck geli\u015fme ya\u015fan\u0131yor ve mucize say\u0131labilecek \u015fekilde H\u00fcrriyet gibi b\u00fcy\u00fck gazetelerin d\u00fczenli olarak tiraj\u0131n\u0131 y\u00fckseltmesi k\u00fclt\u00fcrel patlaman\u0131n da bu h\u0131zdan geri kalmad\u0131\u011f\u0131n\u0131 g\u00f6steriyor.\n<\/p>\n<p style=\"text-align: justify;\"><strong>Bas\u0131n\u0131 bask\u0131 alt\u0131nda tutuyorlar <\/strong><\/p>\n<p style=\"text-align: justify;\">T\u00fcrkiye&#8217;de rejimin sertle\u015ferek \u00f6zellikle bas\u0131n\u0131 bask\u0131 alt\u0131nda tutma ve takibat a\u00e7t\u0131rma giri\u015fimleri olmasa, bu geli\u015fmeler T\u00fcrkiye ad\u0131na sevindirici geli\u015fmeler olarak kaydedilebilirdi.<\/p>\n<p style=\"text-align: justify;\"><strong>Stalin&#8217;in de meclisi vard\u0131 <\/strong><\/p>\n<p style=\"text-align: justify;\">Parlamento, se\u00e7imler ve siyasi partiler, Stalin y\u00f6netimindeki Sovyetler Birli\u011fi&#8217;nde de vard\u0131. Ancak demokrasinin olmazsa olmaz kriteri &#8216;bas\u0131n \u00f6zg\u00fcrl\u00fc\u011f\u00fc&#8217;d\u00fcr. 29 Mart&#8217;ta yap\u0131lacak yerel se\u00e7imler arifesinde gazeteciler keyfi olarak g\u00f6zalt\u0131na al\u0131n\u0131rken, T\u00fcrkiye&#8217;nin \u00f6nde gelen medya grubu Do\u011fan Yay\u0131n Holding 395 milyon Euro vergi cezas\u0131na \u00e7arpt\u0131r\u0131ld\u0131. Bas\u0131n\u0131 bo\u011fazlamak gibi 3&#8217;\u00fcnc\u00fc Napolyon&#8217;a \u00f6zg\u00fc y\u00f6ntemlere rastl\u0131yoruz.<\/p>\n<p style=\"text-align: justify;\"><strong>Yar\u0131n\u0131n T\u00fcrkiyesi ne? <\/strong><\/p>\n<p style=\"text-align: justify;\">M\u00fcsl\u00fcman olmayan vatanda\u015flara tacizler artmaktad\u0131r. \u00d6rne\u011fin eskiden okullarda belli bir yere sahip olan dinler art\u0131k d\u0131\u015flanmaktad\u0131r. Yar\u0131n\u0131n T\u00fcrkiyesi ne olacak? \u0130slamc\u0131 g\u00fc\u00e7l\u00fc bir Cumhuriyet mi? Yoksa bat\u0131 modeline yakla\u015fan modern bir \u00fclke mi? T\u00fcrkiye&#8217;nin gelecek y\u0131llardaki siyasi geli\u015fimi karar niteli\u011finde olacakt\u0131r.<\/p>\n<p style=\"text-align: justify;\"><strong>\u0130slamc\u0131 T\u00fcrkiye&#8217;ye hay\u0131r <\/strong><\/p>\n<p style=\"text-align: justify;\">Kemalist, yahut post-Kemalist, yani M\u00fcsl\u00fcman ama ayn\u0131 zamanda laik bir T\u00fcrkiye&#8217;ye &#8216;Evet.&#8217; Ancak \u0130slamc\u0131 bir T\u00fcrkiye&#8217;ye &#8216;Hay\u0131r&#8217; diyoruz.<\/p>\n<p style=\"text-align: justify;\"><strong>S\u00f6zde Ermeni Soyk\u0131r\u0131m\u0131 Kanunu&#8217;nu ele\u015ftirmi\u015fti <\/strong><\/p>\n<p style=\"text-align: justify;\">FRANSIZ tarih\u00e7i-yazar Jacques Juillard, s\u00f6zde Ermeni soyk\u0131r\u0131m\u0131n\u0131 tan\u0131yan kanunun Fransa parlamentosuna sunulmas\u0131n\u0131 ele\u015ftirmi\u015f ve &#8220;Tarihi tarih\u00e7ilere b\u0131rak\u0131n&#8221; diyen \u00f6zg\u00fcrl\u00fck bildirisinin mimarlar\u0131ndan olmu\u015ftu. Juillard, h\u00e1l\u00e1 Fransa&#8217;n\u0131n en b\u00fcy\u00fck haber kanal\u0131 LCI&#8217;\u0131n yorumculu\u011funu da yap\u0131yor.<\/p>\n<p style=\"text-align: justify;\"><strong>Cumhuriyet devralm\u0131\u015f imparatorluk kurmu\u015ftu <\/strong><\/p>\n<p style=\"text-align: justify;\">FRANSA \u0130mparatoru Napolyon Bonarparte&#8217;\u0131n ye\u011feni olan Louis Napoleon, 1848 y\u0131l\u0131nda, Fransa&#8217;n\u0131n ilk Cumhuriyet idaresinin ba\u015f\u0131na ge\u00e7ti. Birinci Cumhuriyet&#8217;in ilk devlet ba\u015fkan\u0131 olan Louis Napoleon, oylar\u0131n y\u00fczde 75&#8217;ini alarak devlet ba\u015fkan\u0131 se\u00e7ilmi\u015fti. Ancak g\u00f6rev s\u00fcresinin 3&#8217;\u00fcnc\u00fc y\u0131l\u0131nda, siyasi ve ekonomik reformlar\u0131n\u0131 ger\u00e7ekle\u015ftirmeye zaman\u0131 kalmad\u0131\u011f\u0131 bahanesiyle Anayasa&#8217;y\u0131 de\u011fi\u015ftirip bir d\u00f6nem daha se\u00e7ilmenin yolunu a\u00e7maya \u00e7al\u0131\u015ft\u0131. Kendisini engelleyen parlamentodaki muhalefeti sindiren Louis-Napoleon, 1851&#8217;de bir darbe d\u00fczenleyip &#8216;3&#8217;\u00fcnc\u00fc Napolyon&#8217; ad\u0131yla \u0130mparatorluk ilan etti. Ard\u0131ndan tart\u0131\u015fmal\u0131 bir referandumla halk\u0131n da deste\u011fini ald\u0131. 1870&#8217;e kadar tahtta kalan 3&#8217;\u00fcnc\u00fc Napolyon, \u00f6zellikle 1860&#8217;lara dek, muhalefeti yok etmek i\u00e7in bas\u0131na s\u0131k\u0131 bir sans\u00fcr uygulad\u0131. \u00d6nceleri 3&#8217;\u00fcnc\u00fc Napolyon&#8217;u destekleyen Victor Hugo gibi ayd\u0131nlar, onun diktat\u00f6rle\u015fmesinin ard\u0131ndan g\u00f6n\u00fcll\u00fc s\u00fcrg\u00fcne gittiler.<\/p>\n<p style=\"text-align: justify;\"><span style=\"color: #888888;\">Kaynak : H\u00fcrriyet Gazetesi<\/span><\/p>\n","protected":false},"excerpt":{"rendered":"<p style=\"text-align: center;\">\n<p style=\"text-align: justify;\">\n<p style=\"text-align: justify;\">Frans\u0131z Le Nouvel Observateur Dergisi, &#8220;T\u00fcrkiye&#8217;nin \u00f6nde gelen medya grubu Do\u011fan Yay\u0131n Holding 395 milyon Euro vergi cezas\u0131na \u00e7arpt\u0131r\u0131ld\u0131.Bu \u00fclkede, bas\u0131n\u0131 bo\u011fazlamak gibi \u00dc\u00e7\u00fcnc\u00fc Napolyon&#8217;a \u00f6zg\u00fc y\u00f6ntemlere rastl\u0131yoruz&#8221; diye yazd\u0131.<\/p>\n<p style=\"text-align: justify;\">Derginin tarih\u00e7i yazar\u0131 Jacques Julliard k\u00f6\u015fe yaz\u0131s\u0131nda, &#8216;siyasi bask\u0131&#8217; uygulayan h\u00fck\u00fcmete ra\u011fmen, T\u00fcrkiye&#8217;de ya\u015fanan k\u00fclt\u00fcrel <\/p>\n","protected":false},"author":1,"featured_media":0,"comment_status":"open","ping_status":"closed","sticky":false,"template":"","format":"standard","meta":{"footnotes":""},"categories":[105],"tags":[],"class_list":["post-5340","post","type-post","status-publish","format-standard","hentry","category-gundem","odd"],"_links":{"self":[{"href":"http:\/\/www.korhanyilmaz.com\/index.php?rest_route=\/wp\/v2\/posts\/5340","targetHints":{"allow":["GET"]}}],"collection":[{"href":"http:\/\/www.korhanyilmaz.com\/index.php?rest_route=\/wp\/v2\/posts"}],"about":[{"href":"http:\/\/www.korhanyilmaz.com\/index.php?rest_route=\/wp\/v2\/types\/post"}],"author":[{"embeddable":true,"href":"http:\/\/www.korhanyilmaz.com\/index.php?rest_route=\/wp\/v2\/users\/1"}],"replies":[{"embeddable":true,"href":"http:\/\/www.korhanyilmaz.com\/index.php?rest_route=%2Fwp%2Fv2%2Fcomments&post=5340"}],"version-history":[{"count":0,"href":"http:\/\/www.korhanyilmaz.com\/index.php?rest_route=\/wp\/v2\/posts\/5340\/revisions"}],"wp:attachment":[{"href":"http:\/\/www.korhanyilmaz.com\/index.php?rest_route=%2Fwp%2Fv2%2Fmedia&parent=5340"}],"wp:term":[{"taxonomy":"category","embeddable":true,"href":"http:\/\/www.korhanyilmaz.com\/index.php?rest_route=%2Fwp%2Fv2%2Fcategories&post=5340"},{"taxonomy":"post_tag","embeddable":true,"href":"http:\/\/www.korhanyilmaz.com\/index.php?rest_route=%2Fwp%2Fv2%2Ftags&post=5340"}],"curies":[{"name":"wp","href":"https:\/\/api.w.org\/{rel}","templated":true}]}}